{"id":186077,"date":"2023-09-20T20:45:00","date_gmt":"2023-09-20T20:45:00","guid":{"rendered":"http:\/\/radiofenix.com.ar\/massa-suspendio-retenciones-al-sector-lacteo-por-90-dias-a-cambio-de-mantener-los-precios\/"},"modified":"2023-09-20T20:45:00","modified_gmt":"2023-09-20T20:45:00","slug":"massa-suspendio-retenciones-al-sector-lacteo-por-90-dias-a-cambio-de-mantener-los-precios","status":"publish","type":"post","link":"https:\/\/radiofenix.com.ar\/2023\/massa-suspendio-retenciones-al-sector-lacteo-por-90-dias-a-cambio-de-mantener-los-precios\/","title":{"rendered":"Massa suspendi\u00f3 retenciones al sector l\u00e1cteo por 90 d\u00edas a cambio de mantener los precios"},"content":{"rendered":"<p>El Ministro de econom\u00eda y candidato presidencial de Uni\u00f3n por la Patria anunci\u00f3 medidas para el sector -que implican una inversi\u00f3n del Estado de m\u00e1s de $10.000 millones-\u00a0durante un encuentro con representantes de la cadena lechera en la provincia de Santa Fe.<\/p>\n","protected":false},"excerpt":{"rendered":"<p>El Ministro de econom\u00eda y candidato presidencial de Uni\u00f3n por la Patria anunci\u00f3 medidas para&#8230;<\/p>\n","protected":false},"author":2,"featured_media":186078,"comment_status":"open","ping_status":"open","sticky":false,"template":"","format":"standard","meta":{"footnotes":""},"categories":[5],"tags":[],"class_list":["post-186077","post","type-post","status-publish","format-standard","has-post-thumbnail","hentry","category-economia"],"featured_image_urls":{"full":"","thumbnail":"","medium":"","medium_large":"","large":"","1536x1536":"","2048x2048":"","newsium-slider-full":"","newsium-featured":"","newsium-medium":""},"author_info":{"info":["c1500921"]},"category_info":"<a href=\"https:\/\/radiofenix.com.ar\/2023\/category\/economia\/\" rel=\"category tag\">Economia<\/a>","tag_info":"Economia","comment_count":"0","_links":{"self":[{"href":"https:\/\/radiofenix.com.ar\/2023\/wp-json\/wp\/v2\/posts\/186077","targetHints":{"allow":["GET"]}}],"collection":[{"href":"https:\/\/radiofenix.com.ar\/2023\/wp-json\/wp\/v2\/posts"}],"about":[{"href":"https:\/\/radiofenix.com.ar\/2023\/wp-json\/wp\/v2\/types\/post"}],"author":[{"embeddable":true,"href":"https:\/\/radiofenix.com.ar\/2023\/wp-json\/wp\/v2\/users\/2"}],"replies":[{"embeddable":true,"href":"https:\/\/radiofenix.com.ar\/2023\/wp-json\/wp\/v2\/comments?post=186077"}],"version-history":[{"count":0,"href":"https:\/\/radiofenix.com.ar\/2023\/wp-json\/wp\/v2\/posts\/186077\/revisions"}],"wp:featuredmedia":[{"embeddable":true,"href":"https:\/\/radiofenix.com.ar\/2023\/wp-json\/"}],"wp:attachment":[{"href":"https:\/\/radiofenix.com.ar\/2023\/wp-json\/wp\/v2\/media?parent=186077"}],"wp:term":[{"taxonomy":"category","embeddable":true,"href":"https:\/\/radiofenix.com.ar\/2023\/wp-json\/wp\/v2\/categories?post=186077"},{"taxonomy":"post_tag","embeddable":true,"href":"https:\/\/radiofenix.com.ar\/2023\/wp-json\/wp\/v2\/tags?post=186077"}],"curies":[{"name":"wp","href":"https:\/\/api.w.org\/{rel}","templated":true}]}}