{"id":186079,"date":"2023-09-20T20:42:00","date_gmt":"2023-09-20T20:42:00","guid":{"rendered":"http:\/\/radiofenix.com.ar\/la-tasa-de-desocupacion-bajo-al-62-en-el-segundo-trimestre-del-ano\/"},"modified":"2023-09-20T20:42:00","modified_gmt":"2023-09-20T20:42:00","slug":"la-tasa-de-desocupacion-bajo-al-62-en-el-segundo-trimestre-del-ano","status":"publish","type":"post","link":"https:\/\/radiofenix.com.ar\/2023\/la-tasa-de-desocupacion-bajo-al-62-en-el-segundo-trimestre-del-ano\/","title":{"rendered":"La tasa de desocupaci\u00f3n baj\u00f3 al 6,2% en el segundo trimestre del a\u00f1o"},"content":{"rendered":"<p>El informe del\u00a0Instituto Nacional de Estad\u00edstica y Censos mostr\u00f3 en un retroceso del 0,7% respecto al primer trimestre. Adem\u00e1s, la subocupaci\u00f3n\u00a0demandante retrocedi\u00f3 al 7,4 % contra el 7,9 %.<\/p>\n","protected":false},"excerpt":{"rendered":"<p>El informe del\u00a0Instituto Nacional de Estad\u00edstica y Censos mostr\u00f3 en un retroceso del 0,7% respecto&#8230;<\/p>\n","protected":false},"author":2,"featured_media":186080,"comment_status":"open","ping_status":"open","sticky":false,"template":"","format":"standard","meta":{"footnotes":""},"categories":[5],"tags":[],"class_list":["post-186079","post","type-post","status-publish","format-standard","has-post-thumbnail","hentry","category-economia"],"featured_image_urls":{"full":"","thumbnail":"","medium":"","medium_large":"","large":"","1536x1536":"","2048x2048":"","newsium-slider-full":"","newsium-featured":"","newsium-medium":""},"author_info":{"info":["c1500921"]},"category_info":"<a href=\"https:\/\/radiofenix.com.ar\/2023\/category\/economia\/\" rel=\"category tag\">Economia<\/a>","tag_info":"Economia","comment_count":"0","_links":{"self":[{"href":"https:\/\/radiofenix.com.ar\/2023\/wp-json\/wp\/v2\/posts\/186079","targetHints":{"allow":["GET"]}}],"collection":[{"href":"https:\/\/radiofenix.com.ar\/2023\/wp-json\/wp\/v2\/posts"}],"about":[{"href":"https:\/\/radiofenix.com.ar\/2023\/wp-json\/wp\/v2\/types\/post"}],"author":[{"embeddable":true,"href":"https:\/\/radiofenix.com.ar\/2023\/wp-json\/wp\/v2\/users\/2"}],"replies":[{"embeddable":true,"href":"https:\/\/radiofenix.com.ar\/2023\/wp-json\/wp\/v2\/comments?post=186079"}],"version-history":[{"count":0,"href":"https:\/\/radiofenix.com.ar\/2023\/wp-json\/wp\/v2\/posts\/186079\/revisions"}],"wp:featuredmedia":[{"embeddable":true,"href":"https:\/\/radiofenix.com.ar\/2023\/wp-json\/"}],"wp:attachment":[{"href":"https:\/\/radiofenix.com.ar\/2023\/wp-json\/wp\/v2\/media?parent=186079"}],"wp:term":[{"taxonomy":"category","embeddable":true,"href":"https:\/\/radiofenix.com.ar\/2023\/wp-json\/wp\/v2\/categories?post=186079"},{"taxonomy":"post_tag","embeddable":true,"href":"https:\/\/radiofenix.com.ar\/2023\/wp-json\/wp\/v2\/tags?post=186079"}],"curies":[{"name":"wp","href":"https:\/\/api.w.org\/{rel}","templated":true}]}}