{"id":186087,"date":"2023-09-20T19:44:00","date_gmt":"2023-09-20T19:44:00","guid":{"rendered":"http:\/\/radiofenix.com.ar\/programa-compre-sin-iva-se-comenzo-a-fiscalizar-su-cumplimiento\/"},"modified":"2023-09-20T19:44:00","modified_gmt":"2023-09-20T19:44:00","slug":"programa-compre-sin-iva-se-comenzo-a-fiscalizar-su-cumplimiento","status":"publish","type":"post","link":"https:\/\/radiofenix.com.ar\/2023\/programa-compre-sin-iva-se-comenzo-a-fiscalizar-su-cumplimiento\/","title":{"rendered":"Programa \u00abcompre sin IVA\u00bb: se  comenz\u00f3 a fiscalizar su cumplimiento"},"content":{"rendered":"<p>La fiscalizaci\u00f3n del Compre sin IVA es realizada a trav\u00e9s de la Secretar\u00eda de Comercio Interior y Servicios del Ministerio de Producci\u00f3n, Ciencia y Tecnolog\u00eda, en forma conjunta con la Administraci\u00f3n Federal de Ingresos P\u00fablicos (AFIP).<\/p>\n","protected":false},"excerpt":{"rendered":"<p>La fiscalizaci\u00f3n del Compre sin IVA es realizada a trav\u00e9s de la Secretar\u00eda de Comercio&#8230;<\/p>\n","protected":false},"author":2,"featured_media":186088,"comment_status":"open","ping_status":"open","sticky":false,"template":"","format":"standard","meta":{"footnotes":""},"categories":[5],"tags":[],"class_list":["post-186087","post","type-post","status-publish","format-standard","has-post-thumbnail","hentry","category-economia"],"featured_image_urls":{"full":"","thumbnail":"","medium":"","medium_large":"","large":"","1536x1536":"","2048x2048":"","newsium-slider-full":"","newsium-featured":"","newsium-medium":""},"author_info":{"info":["c1500921"]},"category_info":"<a href=\"https:\/\/radiofenix.com.ar\/2023\/category\/economia\/\" rel=\"category tag\">Economia<\/a>","tag_info":"Economia","comment_count":"0","_links":{"self":[{"href":"https:\/\/radiofenix.com.ar\/2023\/wp-json\/wp\/v2\/posts\/186087","targetHints":{"allow":["GET"]}}],"collection":[{"href":"https:\/\/radiofenix.com.ar\/2023\/wp-json\/wp\/v2\/posts"}],"about":[{"href":"https:\/\/radiofenix.com.ar\/2023\/wp-json\/wp\/v2\/types\/post"}],"author":[{"embeddable":true,"href":"https:\/\/radiofenix.com.ar\/2023\/wp-json\/wp\/v2\/users\/2"}],"replies":[{"embeddable":true,"href":"https:\/\/radiofenix.com.ar\/2023\/wp-json\/wp\/v2\/comments?post=186087"}],"version-history":[{"count":0,"href":"https:\/\/radiofenix.com.ar\/2023\/wp-json\/wp\/v2\/posts\/186087\/revisions"}],"wp:featuredmedia":[{"embeddable":true,"href":"https:\/\/radiofenix.com.ar\/2023\/wp-json\/"}],"wp:attachment":[{"href":"https:\/\/radiofenix.com.ar\/2023\/wp-json\/wp\/v2\/media?parent=186087"}],"wp:term":[{"taxonomy":"category","embeddable":true,"href":"https:\/\/radiofenix.com.ar\/2023\/wp-json\/wp\/v2\/categories?post=186087"},{"taxonomy":"post_tag","embeddable":true,"href":"https:\/\/radiofenix.com.ar\/2023\/wp-json\/wp\/v2\/tags?post=186087"}],"curies":[{"name":"wp","href":"https:\/\/api.w.org\/{rel}","templated":true}]}}