{"id":191352,"date":"2023-11-15T18:01:17","date_gmt":"2023-11-15T18:01:17","guid":{"rendered":"https:\/\/radiofenix.com.ar\/2023\/milman-reitero-que-el-celular-que-usaba-al-momento-del-ataque-fue-extraviado\/"},"modified":"2023-11-15T18:01:17","modified_gmt":"2023-11-15T18:01:17","slug":"milman-reitero-que-el-celular-que-usaba-al-momento-del-ataque-fue-extraviado","status":"publish","type":"post","link":"https:\/\/radiofenix.com.ar\/2023\/milman-reitero-que-el-celular-que-usaba-al-momento-del-ataque-fue-extraviado\/","title":{"rendered":"Milman reiter\u00f3 que el celular que usaba al momento del ataque &quot;fue extraviado&quot;"},"content":{"rendered":"<div>\n<figure class=\"mb-3\"><img decoding=\"async\" src=\"https:\/\/www.telam.com.ar\/thumbs\/bluesteel\/advf\/imagenes\/2023\/10\/651da9acb0471_1200.jpg\" class=\" lazy \" width=\"100%\" height=\"100%\" alt=\"Foto Victoria Gesualdi\"\/><figcaption> Foto: Victoria Gesualdi. <\/figcaption><\/figure>\n<p> El diputado del PRO Gerardo Milman reiter\u00f3 ante la Justicia que un tel\u00e9fono celular que se busca peritar en la causa por intento de asesinato de la vicepresidenta Cristina Fern\u00e1ndez de Kirchner \u00abfue extraviado en una mudanza\u00bb, al presentar un escrito en el cual puso a disposici\u00f3n el acceso a su vivienda.<\/p>\n<p>\u00abEn primer lugar no tengo nada que ocultar en relaci\u00f3n a los hechos ventilados\u00bb en la causa, sostuvo Milman en el escrito presentado en el juzgado federal a cargo de la jueza Mar\u00eda Eugenia Capuchetti, quien tiene delegada la investigaci\u00f3n en la fiscal\u00eda de Carlos R\u00edvolo, informaron fuentes judiciales.<\/p>\n<p>En el punto siguiente dijo \u00abno poseer el aparato telef\u00f3nico que se intenta secuestrar, conforme lo ya manifestado en mi anterior presentaci\u00f3n, ya que el mismo <strong>fue extraviado en una mudanza <\/strong>junto a otros elementos\u00bb, seg\u00fan el escrito al que tuvo acceso T\u00e9lam.<\/p>\n<p>\u00abVengo a ponerme nuevamente a disposici\u00f3n de la justicia, franqueando el ingreso a mi domicilio\u00bb, agreg\u00f3 Milman tras mencionar que <strong>el 1 de noviembre pasado se orden\u00f3 peritar todos su tel\u00e9fonos celulares<\/strong> a pedido de la querella y la fiscal\u00eda.<\/p>\n<p>Esto ocurri\u00f3 ante el reclamo de la querella de la Vicepresidenta, tras detectar que <strong>entreg\u00f3 a la Justicia un aparato adquirido despu\u00e9s de los hechos<\/strong> y que no era el que utilizaba al momento en el cual seg\u00fan un testigo habr\u00eda pronunciado la frase \u00abcuando la maten, yo voy a estar en la Costa\u00bb, dos d\u00edas antes del intento de homicidio.<\/p>\n<p>El diputado dijo que busca \u00abevitar de esta forma da\u00f1os en mi propiedad y mayor alteraci\u00f3n de la tranquilidad de mi seno familiar, el cual por la actuaci\u00f3n o excursi\u00f3n de pesca de la acusadora, pese a la orfandad probatoria incriminante, se ve nuevamente alterado\u00bb.<\/p>\n<p>Por \u00faltimo <strong>pidi\u00f3 que no se secuestre un tel\u00e9fono celular que dijo haber comprado el d\u00eda en que entreg\u00f3 su m\u00f3vil en el juzgado<\/strong> \u00abpara no quedar incomunicado\u00bb y por su \u00abactividad laboral\u00bb, y adjunt\u00f3 el comprobante de esa adquisici\u00f3n.<\/p>\n<p>A principios de mes la comisi\u00f3n de Asuntos Constitucionales de la C\u00e1mara de Diputados emiti\u00f3 dictamen favorable a un pedido de autorizaci\u00f3n del juzgado para allanar el domicilio de Milman en busca de<strong> tres tel\u00e9fonos que seg\u00fan la querella usaba al momento de los hechos.<\/strong><\/p>\n<h2 class=\"\">La pista Milman<\/h2>\n<p>La denominada \u00abpista Milman\u00bb se abri\u00f3 el 23 de septiembre del a\u00f1o pasado: esa tarde un asesor del Frente de Todos (FdT) en la C\u00e1mara de Diputados, Jorge Abello, se present\u00f3 ante la jueza Capuchetti y dijo que hab\u00eda escuchado al legislador opositor referirse al atentado antes de que ocurriera.<\/p>\n<p><strong>\u00abCuando la maten yo estoy camino a la Costa\u00bb<\/strong>, fue la frase que Abello dijo haber escuchado decir a Milman en el bar Casablanca el 30 de agosto del 2022, oportunidad en la que el legislador se encontraba acompa\u00f1ado de dos asesoras que ya declararon en el expediente y negaron que esa frase hubiera sido pronunciada.<\/p>\n<p>La orden del secuestro del tel\u00e9fono del diputado se dispuso tras la declaraci\u00f3n de una asesora de Milman (<strong>Ivana Bohdziewicz<\/strong>), que <strong>cont\u00f3 ante la Justicia que hab\u00eda sido convocada por el entorno del legislador para eliminar la informaci\u00f3n de su tel\u00e9fono celular<\/strong>, que podr\u00eda ser de inter\u00e9s para la investigaci\u00f3n del intento de magnicidio contra la Vicepresidenta.<\/p>\n<ul class=\"contenedor\" style=\"width:100%; display:flex; justify-content:space-between; padding-top:20px; border-bottom-width: 2px; border-bottom-style: solid; border-bottom-color: black; border-top-width: 2px; border-top-style: solid; border-top-color: black;\">\n<li class=\"banner-responsive\" style=\"width:20%;\"><a href=\"https:\/\/www.telam.com.ar\/milman\" target=\"_blank\" rel=\"noopener\"><img decoding=\"async\" class=\"banner-desktop\" src=\"https:\/\/www.telam.com.ar\/advf\/imagenes\/2023\/06\/647df82fd28ac.png\" width=\"100%\" height=\"auto\"\/><img\/><\/a><\/li>\n<\/ul>\n<p> A principios de noviembre, <a href=\"https:\/\/www.telam.com.ar\/notas\/202311\/645124-milman-cristina-fernandez-celulares-atentado.html\" target=\"_blank\" rel=\"noopener\">la C\u00e1mara Federal porte\u00f1a orden\u00f3 el secuestro de los tel\u00e9fonos celulares<\/a> que el diputado Milman no entreg\u00f3 a la Justicia en el marco de la causa en la que se investiga el intento de asesinato acaecido el 1 de septiembre del a\u00f1o pasado.<\/p>\n<p>El tribunal le orden\u00f3 a la jueza Capuchetti que avance con la medida pedida por la querella y por el fiscal R\u00edvolo, para lo cual debi\u00f3 solicitar la autorizaci\u00f3n de la C\u00e1mara de Diputados, tal como establece la Ley de Fueros invocada en la resoluci\u00f3n.<\/p>\n<p>La medida hab\u00eda sido requerida por la fiscal\u00eda y por los abogados Marcos Aldazabal y Jos\u00e9 Manuel Ubeira, tras detectar que <strong>Milman hab\u00eda entregado a la Justicia un tel\u00e9fono celular iPhone 14 Pro Max que apareci\u00f3 en el mercado despu\u00e9s de la fecha en el que se produjo el atentado<\/strong>.<\/p>\n<p>D\u00edas atr\u00e1s, la Gendarmer\u00eda Nacional le inform\u00f3 a la jueza Capuchetti que la tecnolog\u00eda de la que dispone esa fuerza no es suficiente para extraer informaci\u00f3n de ese tel\u00e9fono por lo que la magistrada le consult\u00f3 a la defensa de Milman si el diputado est\u00e1 dispuesto aportar el patr\u00f3n de desbloqueo, informaron fuentes judiciales. <\/p>\n<\/div>\n<p><script async defer crossorigin=\"anonymous\" src=\"https:\/\/connect.facebook.net\/es_LA\/sdk.js#xfbml=1&#038;version=v12.0\" nonce=\"SBlHQzIF\"><\/script><br \/><a href=\"https:\/\/www.telam.com.ar\/notas\/202311\/646578-ataque-cristina-milman-celular.html\">source<\/a><\/p>\n","protected":false},"excerpt":{"rendered":"<p>Foto: Victoria Gesualdi. El diputado del PRO Gerardo Milman reiter\u00f3 ante la Justicia que un&#8230;<\/p>\n","protected":false},"author":2,"featured_media":191353,"comment_status":"open","ping_status":"open","sticky":false,"template":"","format":"standard","meta":{"footnotes":""},"categories":[2],"tags":[],"class_list":["post-191352","post","type-post","status-publish","format-standard","has-post-thumbnail","hentry","category-politica"],"featured_image_urls":{"full":["https:\/\/radiofenix.com.ar\/2023\/wp-content\/uploads\/2023\/11\/wp-header-logo-4.png",1200,675,false],"thumbnail":["https:\/\/radiofenix.com.ar\/2023\/wp-content\/uploads\/2023\/11\/wp-header-logo-4-150x150.png",150,150,true],"medium":["https:\/\/radiofenix.com.ar\/2023\/wp-content\/uploads\/2023\/11\/wp-header-logo-4-300x169.png",300,169,true],"medium_large":["https:\/\/radiofenix.com.ar\/2023\/wp-content\/uploads\/2023\/11\/wp-header-logo-4-768x432.png",640,360,true],"large":["https:\/\/radiofenix.com.ar\/2023\/wp-content\/uploads\/2023\/11\/wp-header-logo-4-1024x576.png",640,360,true],"1536x1536":["https:\/\/radiofenix.com.ar\/2023\/wp-content\/uploads\/2023\/11\/wp-header-logo-4.png",1200,675,false],"2048x2048":["https:\/\/radiofenix.com.ar\/2023\/wp-content\/uploads\/2023\/11\/wp-header-logo-4.png",1200,675,false],"newsium-slider-full":["https:\/\/radiofenix.com.ar\/2023\/wp-content\/uploads\/2023\/11\/wp-header-logo-4.png",1200,675,false],"newsium-featured":["https:\/\/radiofenix.com.ar\/2023\/wp-content\/uploads\/2023\/11\/wp-header-logo-4-1024x576.png",1024,576,true],"newsium-medium":["https:\/\/radiofenix.com.ar\/2023\/wp-content\/uploads\/2023\/11\/wp-header-logo-4-720x475.png",720,475,true]},"author_info":{"info":["c1500921"]},"category_info":"<a href=\"https:\/\/radiofenix.com.ar\/2023\/category\/politica\/\" rel=\"category tag\">Pol\u00edtica<\/a>","tag_info":"Pol\u00edtica","comment_count":"0","_links":{"self":[{"href":"https:\/\/radiofenix.com.ar\/2023\/wp-json\/wp\/v2\/posts\/191352","targetHints":{"allow":["GET"]}}],"collection":[{"href":"https:\/\/radiofenix.com.ar\/2023\/wp-json\/wp\/v2\/posts"}],"about":[{"href":"https:\/\/radiofenix.com.ar\/2023\/wp-json\/wp\/v2\/types\/post"}],"author":[{"embeddable":true,"href":"https:\/\/radiofenix.com.ar\/2023\/wp-json\/wp\/v2\/users\/2"}],"replies":[{"embeddable":true,"href":"https:\/\/radiofenix.com.ar\/2023\/wp-json\/wp\/v2\/comments?post=191352"}],"version-history":[{"count":0,"href":"https:\/\/radiofenix.com.ar\/2023\/wp-json\/wp\/v2\/posts\/191352\/revisions"}],"wp:featuredmedia":[{"embeddable":true,"href":"https:\/\/radiofenix.com.ar\/2023\/wp-json\/wp\/v2\/media\/191353"}],"wp:attachment":[{"href":"https:\/\/radiofenix.com.ar\/2023\/wp-json\/wp\/v2\/media?parent=191352"}],"wp:term":[{"taxonomy":"category","embeddable":true,"href":"https:\/\/radiofenix.com.ar\/2023\/wp-json\/wp\/v2\/categories?post=191352"},{"taxonomy":"post_tag","embeddable":true,"href":"https:\/\/radiofenix.com.ar\/2023\/wp-json\/wp\/v2\/tags?post=191352"}],"curies":[{"name":"wp","href":"https:\/\/api.w.org\/{rel}","templated":true}]}}