{"id":191354,"date":"2023-11-15T18:01:23","date_gmt":"2023-11-15T18:01:23","guid":{"rendered":"https:\/\/radiofenix.com.ar\/2023\/roberto-goyeneche-recupera-su-voz-entre-las-formas-de-la-noche\/"},"modified":"2023-11-15T18:01:23","modified_gmt":"2023-11-15T18:01:23","slug":"roberto-goyeneche-recupera-su-voz-entre-las-formas-de-la-noche","status":"publish","type":"post","link":"https:\/\/radiofenix.com.ar\/2023\/roberto-goyeneche-recupera-su-voz-entre-las-formas-de-la-noche\/","title":{"rendered":"Roberto Goyeneche recupera su voz entre &quot;Las formas de la noche&quot;"},"content":{"rendered":"<div>\n<figure class=\"mb-3\"><img decoding=\"async\" src=\"https:\/\/www.telam.com.ar\/thumbs\/bluesteel\/advf\/imagenes\/2022\/11\/6363052b4f79e_1200.jpg\" class=\" lazy \" width=\"100%\" height=\"100%\" alt=\"Goyeneche figura absoluta del documental Foto Archivo\"\/><figcaption> Goyeneche, figura absoluta del documental \/ Foto: Archivo. <\/figcaption><\/figure>\n<p> La vida y la obra del popular cantante de tango <strong>Roberto \u201cPolaco\u201d Goyeneche<\/strong> se erige con voz propia y desde aportes de familiares, colegas y amistades en <strong>\u00abLas formas de la noche\u00bb<\/strong>, un documental que se estrena el pr\u00f3ximo jueves 16, donde su sobrino-nieto, el cineasta Marcelo Goyeneche, consigue reponer con admiraci\u00f3n y cari\u00f1o a quien define como <strong>\u201cun personaje \u00fanico de una noche porte\u00f1a que ya no existe\u201d.<\/strong><\/p>\n<p><strong>\u201cSiento que el coraz\u00f3n de la pel\u00edcula est\u00e1 en la esencia de su ser, en su forma Goyeneche de vivir\u201d,<\/strong> arriesga el realizador combinando dosis de realismo y poes\u00eda como en la propia existencia del notable int\u00e9rprete que fuera puntal de las orquestas de <strong>Horacio Salg\u00e1n <\/strong>y<strong> An\u00edbal \u201cPichuco\u201d Troilo.<\/strong><\/p>\n<p>Pero, adem\u00e1s, y en apenas 68 a\u00f1os de vida, el \u201cPolaco\u201d fue una de las voces escogidas por<strong> Astor Piazzolla <\/strong>y hacia el final de su camino musical logr\u00f3 tender fecundos puentes entre la menguada escena tanguera y las nuevas generaciones musicales cercanas al rock.<\/p>\n<p>A partir de unas cintas de audio donde Goyeneche cuenta en primera persona algunas de sus decisiones est\u00e9ticas, mojones del camino, aventuras cotidianas y algunas travesuras, su pariente construye un perfil cercano y valioso en torno al gran e influyente vocalista nacido el 29 de enero de 1926 en el barrio porte\u00f1o de Saavedra, definitivamente su lugar en el mundo.<\/p>\n<p>El barrio, Platense, la m\u00fasica y la noche trascienden la pantalla en un fresco de \u00e9poca donde se incorporan testimonios \u00edntimos (de su esposa<strong> Luisa Mirenda<\/strong> y sus hijos<strong> Roberto <\/strong>y<strong> Jorge<\/strong>, entre ellos), de artistas (como por ejemplo Adriana Varela, Jos\u00e9 Col\u00e1ngelo, Litto Nebbia y N\u00e9stor Marconi) y de quienes pueden dimensionar su obra (Gustavo Varela, Gabriel Soria y Jorge Boccanera, por citar a algunos).<\/p>\n<div class=\"video_repositive\"> <a class=\"video_sticky\" href=\"javascript:void();\" onclick=\"removeStuckVideo(true);\"><i class=\"far fa-window-close\"\/><\/a> <\/p>\n<div id=\"g87mCCzTM6s\" class=\"video_telam\" style=\"background-image:url('https:\/\/img.youtube.com\/vi\/g87mCCzTM6s\/hqdefault.jpg');background-position: center center;\">\n<div class=\"feature_article_inner\">\n<p><h2 class=\"text-center\">Trailer \u00abRoberto Goyeneche: Las formas de la noche\u00bb<\/h2>\n<\/p><\/div>\n<p>VER VIDEO <i class=\"fas fa-play\"\/><\/p>\n<\/p><\/div>\n<\/p><\/div>\n<p>El collage se completa con material de archivo de momentos televisivos (destac\u00e1ndose la interpretaci\u00f3n de \u201cNaranjo en flor\u201d en el living del programa de Juan Carlos Mareco que conmovi\u00f3 al bailar\u00edn Jorge Donn), fragmentos de pel\u00edculas (fundamentalmente \u201cSur\u201d, de Pino Solanas), pasajes de actuaciones nunca vistas y algunas filmaciones caseras.<\/p>\n<p>Sobre ese rescate, el autor de otros seis largometrajes que rod\u00f3 entre 2004 y 2021 (\u201cEl d\u00eda que bombardearon Buenos Aires\u201d, \u201cCarne viva\u201d, \u201cSMO, el batall\u00f3n olvidado\u201d, \u201cLas enfermeras de Evita\u201d, \u201cPor amor al arte\u201d y \u201cEl largo viaje de Alejandro Bord\u00f3n\u201d), reflexiona que <strong>\u201ces muy triste que nuestro pa\u00eds contin\u00fae sin tener una cinemateca nacional, un lugar donde preservar el patrimonio audiovisual\u201d.<\/strong><\/p>\n<p><strong>\u201cQue nuestro acervo cultural dependa de la voluntad de alguien de querer o no compartirlo, habla a las claras de lo poco que hemos hecho por preservar nuestra cultura de manera colectiva\u201d<\/strong>, alerta Marcelo Goyeneche.<\/p>\n<p>\u00abRoberto Goyeneche, las formas de la noche\u00bb se exhibir\u00e1 desde el jueves 16 en salas porte\u00f1as del Gaumont y el Cosmos, el 17 se ver\u00e1 en Cine del Paseo de Mar del Plata y en la misma ciudad costera se proyectar\u00e1 el 21 en Paseo Aldrey.<\/p>\n<p>Otras salas donde podr\u00e1 reencontrarse la leyenda del \u00abPolaco\u00bb ser\u00e1n, desde el 23 el Espacio Incaa-ATE de la Ciudad de Buenos Aires y partir del 30 el Cine York de Vicente L\u00f3pez y el Cinema La Plata.<\/p>\n<p><strong>-\u00bfCu\u00e1ndo se corporiza la decisi\u00f3n de hacer esta pel\u00edcula sobre tu c\u00e9lebre pariente?<\/strong><\/p>\n<p>-En el a\u00f1o 2019, cuando se cumplieron los 25 a\u00f1os de su fallecimiento. Desde la familia sacamos una solicitada anunciando que \u00edbamos a realizar la pel\u00edcula y a quienes quisieran colaborar con el proyecto le ped\u00edamos que nos enviaran material del Polaco: fotos, videos, entrevistas. As\u00ed fue como apareci\u00f3 mucho material que la gente generosamente nos hizo llegar. Entre todo ese material se encuentra una entrevista que el poeta y periodista Jorge Boccanera le hab\u00eda hecho a Goyeneche en 1988 en el Bar San Quint\u00edn. Esa entrevista se convirti\u00f3 en una pieza esencial de la pel\u00edcula.<\/p>\n<p><strong>-\u00bfQu\u00e9 impresiones sobre el Goyeneche artista se reafirmaron al hacer la pel\u00edcula y cu\u00e1les aparecen como una revelaci\u00f3n?<\/strong><\/p>\n<p>-Fue reencontrarse con un tipo sencillo, de barrio, con c\u00f3digos y con un inmenso amor por su profesi\u00f3n, sus amigos, su club Platense y sus p\u00e1jaros. Pero adem\u00e1s y fundamentalmente encontrarnos con una persona que no tuvo prejuicios a la hora de acercarse a los j\u00f3venes y tender puentes entre varias generaciones.<\/p>\n<p><strong>-En el relato hay hallazgos y ponderaciones sobre sus distintas etapas art\u00edsticas (con Salg\u00e1n, Troilo, Piazzolla y como solista) \u00bfQu\u00e9 destac\u00e1s de cada una de ellas?<\/strong><\/p>\n<p>-El \u201cPolaco\u201d transit\u00f3 m\u00e1s de cuatro d\u00e9cadas de nuestra historia reciente en el tango. Fue en cada una de ellas protagonista junto a esas grandes orquestas y esos artistas \u00fanicos. Lo que destaco es que Goyeneche supo reinventarse en cada etapa, para darle su impronta.<\/p>\n<p><strong>-\u00bfQu\u00e9 te pasa hoy a vos con el g\u00e9nero y con el legado del \u201cPolaco\u201d?<\/strong><\/p>\n<p>-El tango forma parte de nuestra identidad, como el rock argentino, el folclore y todas nuestras m\u00fasicas que est\u00e1n ah\u00ed esperando para ser descubiertas y disfrutadas. Con el \u201cPolaco\u201d me pasa que voy a buscarlo, cuando lo necesito, voy a alguna de las cientos de grabaciones que nos dej\u00f3 y me sorprendo siempre con esas interpretaciones \u00fanicas e irrepetibles.<\/p>\n<p><strong>-Teniendo en cuenta la agitada vida nocturna del Polaco \u00bfqu\u00e9 recuerdos ten\u00e9s de c\u00f3mo se observaba esa actividad en el seno familiar?<\/strong><\/p>\n<p>-Era una forma de vida, la noche y el tango son inseparables. No era sencillo para la familia acompa\u00f1ar a una persona que \u201cviv\u00eda al rev\u00e9s de todos\u201d pero se acomodaban. Y Luisa su compa\u00f1era de toda la vida fue el gran sost\u00e9n de la familia. Hoy siguen dando vueltas en el living de la casa del Polaco en la calle Meli\u00e1n esas juntadas hasta el amanecer donde pod\u00edas encontrar a tipos como Troilo o Stampone escuchando m\u00fasica, tomando whisky y filosofando de la vida. Lo que hubiera dado yo por estar en alguna de esas reuniones\u2026<\/p>\n<p><strong>-\u00bfHubo alguna voz que te hubiera gustado sumar para completar este retrato?<\/strong><\/p>\n<p>-Si, Pino (Solanas)! Habl\u00e9 con \u00e9l en julio de 2020, quedamos en juntarnos en diciembre cuando volviera de Francia. Estaba muy contento con la pel\u00edcula y quer\u00eda formar parte de ella. Pero no se dio, falleci\u00f3 poco antes. Est\u00e1 en la pel\u00edcula, contando algunas an\u00e9cdotas de la grabaci\u00f3n de \u201cSur\u201d. Pero me hubiese gustado tenerlo m\u00e1s.<\/p>\n<p><strong>-\u00bfCu\u00e1nto sent\u00eds que se lo extra\u00f1a al Polaco tanto en el tango como en la familia?<\/strong><\/p>\n<p>-Se lo extra\u00f1a mucho, como a Troilo, personajes entra\u00f1ables e irrepetibles. Los tendremos para siempre en el recuerdo de una \u00e9poca que no volver\u00e1, pero est\u00e1n sus obras. El inmenso legado que dejaron, solo hay que escucharlo para tenerlo un poco m\u00e1s cerca.<\/p>\n<p><strong>-\u00bfDe qu\u00e9 manera cre\u00e9s que se liga \u201cRoberto \u2018Polaco\u2019 Goyeneche, las formas de la noche\u201d a tu filmograf\u00eda?<\/strong><\/p>\n<p>-Esta pel\u00edcula existe gracias a que tenemos al Incaa. Sin pol\u00edticas p\u00fablicas de fomento al cine nacional no la podr\u00eda haber realizado. El cine independiente tanto documental como de ficci\u00f3n necesitan de ese apoyo. Mis pel\u00edculas hablan de la historia, la vida pol\u00edtica y cultural de nuestro pa\u00eds, a trav\u00e9s de su gente. Algunos an\u00f3nimos, otros conocidos y el cine tiene una relaci\u00f3n estrecha con el concepto de identidad, por eso es fundamental continuar ejercitando la soberan\u00eda audiovisual. Esto quiere decir que nosotros podamos seguir contando nuestras historias y garantizar que el p\u00fablico tenga acceso a ellas. <\/p>\n<\/div>\n<p><script async defer crossorigin=\"anonymous\" src=\"https:\/\/connect.facebook.net\/es_LA\/sdk.js#xfbml=1&#038;version=v12.0\" nonce=\"SBlHQzIF\"><\/script><br \/><a href=\"https:\/\/www.telam.com.ar\/notas\/202311\/646382-roberto-goyeneche-recupera-su-voz-entre-las-formas-de-la-noche.html\">source<\/a><\/p>\n","protected":false},"excerpt":{"rendered":"<p>Goyeneche, figura absoluta del documental \/ Foto: Archivo. La vida y la obra del popular&#8230;<\/p>\n","protected":false},"author":2,"featured_media":191355,"comment_status":"open","ping_status":"open","sticky":false,"template":"","format":"standard","meta":{"footnotes":""},"categories":[4],"tags":[],"class_list":["post-191354","post","type-post","status-publish","format-standard","has-post-thumbnail","hentry","category-espectaculos"],"featured_image_urls":{"full":["https:\/\/radiofenix.com.ar\/2023\/wp-content\/uploads\/2023\/11\/wp-header-logo-5.png",1200,675,false],"thumbnail":["https:\/\/radiofenix.com.ar\/2023\/wp-content\/uploads\/2023\/11\/wp-header-logo-5-150x150.png",150,150,true],"medium":["https:\/\/radiofenix.com.ar\/2023\/wp-content\/uploads\/2023\/11\/wp-header-logo-5-300x169.png",300,169,true],"medium_large":["https:\/\/radiofenix.com.ar\/2023\/wp-content\/uploads\/2023\/11\/wp-header-logo-5-768x432.png",640,360,true],"large":["https:\/\/radiofenix.com.ar\/2023\/wp-content\/uploads\/2023\/11\/wp-header-logo-5-1024x576.png",640,360,true],"1536x1536":["https:\/\/radiofenix.com.ar\/2023\/wp-content\/uploads\/2023\/11\/wp-header-logo-5.png",1200,675,false],"2048x2048":["https:\/\/radiofenix.com.ar\/2023\/wp-content\/uploads\/2023\/11\/wp-header-logo-5.png",1200,675,false],"newsium-slider-full":["https:\/\/radiofenix.com.ar\/2023\/wp-content\/uploads\/2023\/11\/wp-header-logo-5.png",1200,675,false],"newsium-featured":["https:\/\/radiofenix.com.ar\/2023\/wp-content\/uploads\/2023\/11\/wp-header-logo-5-1024x576.png",1024,576,true],"newsium-medium":["https:\/\/radiofenix.com.ar\/2023\/wp-content\/uploads\/2023\/11\/wp-header-logo-5-720x475.png",720,475,true]},"author_info":{"info":["c1500921"]},"category_info":"<a href=\"https:\/\/radiofenix.com.ar\/2023\/category\/espectaculos\/\" rel=\"category tag\">Espectaculos<\/a>","tag_info":"Espectaculos","comment_count":"0","_links":{"self":[{"href":"https:\/\/radiofenix.com.ar\/2023\/wp-json\/wp\/v2\/posts\/191354","targetHints":{"allow":["GET"]}}],"collection":[{"href":"https:\/\/radiofenix.com.ar\/2023\/wp-json\/wp\/v2\/posts"}],"about":[{"href":"https:\/\/radiofenix.com.ar\/2023\/wp-json\/wp\/v2\/types\/post"}],"author":[{"embeddable":true,"href":"https:\/\/radiofenix.com.ar\/2023\/wp-json\/wp\/v2\/users\/2"}],"replies":[{"embeddable":true,"href":"https:\/\/radiofenix.com.ar\/2023\/wp-json\/wp\/v2\/comments?post=191354"}],"version-history":[{"count":0,"href":"https:\/\/radiofenix.com.ar\/2023\/wp-json\/wp\/v2\/posts\/191354\/revisions"}],"wp:featuredmedia":[{"embeddable":true,"href":"https:\/\/radiofenix.com.ar\/2023\/wp-json\/wp\/v2\/media\/191355"}],"wp:attachment":[{"href":"https:\/\/radiofenix.com.ar\/2023\/wp-json\/wp\/v2\/media?parent=191354"}],"wp:term":[{"taxonomy":"category","embeddable":true,"href":"https:\/\/radiofenix.com.ar\/2023\/wp-json\/wp\/v2\/categories?post=191354"},{"taxonomy":"post_tag","embeddable":true,"href":"https:\/\/radiofenix.com.ar\/2023\/wp-json\/wp\/v2\/tags?post=191354"}],"curies":[{"name":"wp","href":"https:\/\/api.w.org\/{rel}","templated":true}]}}