{"id":191476,"date":"2023-11-15T19:27:12","date_gmt":"2023-11-15T19:27:12","guid":{"rendered":"https:\/\/radiofenix.com.ar\/2023\/trabajadores-del-neumatico-paran-exigiendo-a-pirelli-igual-salario-por-igual-tarea\/"},"modified":"2023-11-15T19:27:12","modified_gmt":"2023-11-15T19:27:12","slug":"trabajadores-del-neumatico-paran-exigiendo-a-pirelli-igual-salario-por-igual-tarea","status":"publish","type":"post","link":"https:\/\/radiofenix.com.ar\/2023\/trabajadores-del-neumatico-paran-exigiendo-a-pirelli-igual-salario-por-igual-tarea\/","title":{"rendered":"Trabajadores del neum\u00e1tico paran exigiendo a Pirelli &quot;igual salario por igual tarea&quot;"},"content":{"rendered":"<div>\n<figure class=\"mb-3\"><img decoding=\"async\" src=\"https:\/\/www.telam.com.ar\/thumbs\/bluesteel\/advf\/imagenes\/2023\/11\/6554d0ee0cecc_1200.jpg\" class=\" lazy \" width=\"100%\" height=\"100%\" alt=\"Foto X ex Twitter\"\/><figcaption> Foto: X (ex Twitter). <\/figcaption><\/figure>\n<p> El Sindicato \u00danico de Trabajadores del Neum\u00e1tico Argentino (Sutna), que conduce Alejandro Crespo, realiza este mi\u00e9rcoles un paro y movilizaci\u00f3n desde la puerta de la fabrica de Pirelli hasta la Municipalidad de Merlo, en reclamo de \u00abigual salario por igual tarea\u00bb, y <strong>denunciaron que la empresa italiana que paga los haberes \u00abm\u00e1s bajos\u00bb del sector<\/strong>.<\/p>\n<p>El secretario general del Sutna, Alejandro Crespo, inform\u00f3 a T\u00e9lam que \u00abel paro es desde las 13 hasta las 18 horas\u00bb y adem\u00e1s, \u00abse realizar\u00e1 una asamblea a las 13.30 horas en la puerta de la fabrica para, luego, iniciar <strong>una movilizaci\u00f3n a la Municipalidad de Merlo para que el Consejo Deliberante se pronuncie a favor de los trabajadores<\/strong>\u00ab.<\/p>\n<p>\u00abHace mucho tiempo venimos denunciando que <strong>la empresa Pirelli paga salarios de hasta 40% m\u00e1s bajos que en las otras f\u00e1bricas del gremio<\/strong> y el 20 de octubre de este a\u00f1o hicimos el reclamo formal al Ministerio de Trabajo\u00bb, dijo Crespo.<\/p>\n<p><figure class=\"mb-3\"><img decoding=\"async\" src=\"https:\/\/www.telam.com.ar\/thumbs\/bluesteel\/advf\/imagenes\/2023\/11\/6554d0edee45a_1200.jpg\" class=\" lazy \" width=\"100%\" height=\"100%\" alt=\"Foto X ex Twitter\"\/><figcaption> Foto: X (ex Twitter). <\/figcaption><\/figure>\n<p>En este marco, el gremio invit\u00f3 a todas las organizaciones obreras a sumarse a la movilizaci\u00f3n, \u00ab<strong>es una lucha trascendental para los trabajadores de Pirelli y todo el Sutna<\/strong>\u00ab.<\/p>\n<p>\u00abPirelli es la fabrica que paga el sueldo mas bajo de la industria del neum\u00e1tico en Argentina. Lo justo es justo, igual remuneraci\u00f3n por igual tarea\u00bb, concluy\u00f3.<\/p>\n<\/div>\n<p><script async defer crossorigin=\"anonymous\" src=\"https:\/\/connect.facebook.net\/es_LA\/sdk.js#xfbml=1&#038;version=v12.0\" nonce=\"SBlHQzIF\"><\/script><br \/><a href=\"https:\/\/www.telam.com.ar\/notas\/202311\/646574-trabajadores-neumatico-paro-pirelli-igual-salario-igual-tarea.html\">source<\/a><\/p>\n","protected":false},"excerpt":{"rendered":"<p>Foto: X (ex Twitter). El Sindicato \u00danico de Trabajadores del Neum\u00e1tico Argentino (Sutna), que conduce&#8230;<\/p>\n","protected":false},"author":2,"featured_media":191477,"comment_status":"open","ping_status":"open","sticky":false,"template":"","format":"standard","meta":{"footnotes":""},"categories":[2],"tags":[],"class_list":["post-191476","post","type-post","status-publish","format-standard","has-post-thumbnail","hentry","category-politica"],"featured_image_urls":{"full":["https:\/\/radiofenix.com.ar\/2023\/wp-content\/uploads\/2023\/11\/wp-header-logo-37.png",1200,675,false],"thumbnail":["https:\/\/radiofenix.com.ar\/2023\/wp-content\/uploads\/2023\/11\/wp-header-logo-37-150x150.png",150,150,true],"medium":["https:\/\/radiofenix.com.ar\/2023\/wp-content\/uploads\/2023\/11\/wp-header-logo-37-300x169.png",300,169,true],"medium_large":["https:\/\/radiofenix.com.ar\/2023\/wp-content\/uploads\/2023\/11\/wp-header-logo-37-768x432.png",640,360,true],"large":["https:\/\/radiofenix.com.ar\/2023\/wp-content\/uploads\/2023\/11\/wp-header-logo-37-1024x576.png",640,360,true],"1536x1536":["https:\/\/radiofenix.com.ar\/2023\/wp-content\/uploads\/2023\/11\/wp-header-logo-37.png",1200,675,false],"2048x2048":["https:\/\/radiofenix.com.ar\/2023\/wp-content\/uploads\/2023\/11\/wp-header-logo-37.png",1200,675,false],"newsium-slider-full":["https:\/\/radiofenix.com.ar\/2023\/wp-content\/uploads\/2023\/11\/wp-header-logo-37.png",1200,675,false],"newsium-featured":["https:\/\/radiofenix.com.ar\/2023\/wp-content\/uploads\/2023\/11\/wp-header-logo-37-1024x576.png",1024,576,true],"newsium-medium":["https:\/\/radiofenix.com.ar\/2023\/wp-content\/uploads\/2023\/11\/wp-header-logo-37-720x475.png",720,475,true]},"author_info":{"info":["c1500921"]},"category_info":"<a href=\"https:\/\/radiofenix.com.ar\/2023\/category\/politica\/\" rel=\"category tag\">Pol\u00edtica<\/a>","tag_info":"Pol\u00edtica","comment_count":"0","_links":{"self":[{"href":"https:\/\/radiofenix.com.ar\/2023\/wp-json\/wp\/v2\/posts\/191476","targetHints":{"allow":["GET"]}}],"collection":[{"href":"https:\/\/radiofenix.com.ar\/2023\/wp-json\/wp\/v2\/posts"}],"about":[{"href":"https:\/\/radiofenix.com.ar\/2023\/wp-json\/wp\/v2\/types\/post"}],"author":[{"embeddable":true,"href":"https:\/\/radiofenix.com.ar\/2023\/wp-json\/wp\/v2\/users\/2"}],"replies":[{"embeddable":true,"href":"https:\/\/radiofenix.com.ar\/2023\/wp-json\/wp\/v2\/comments?post=191476"}],"version-history":[{"count":0,"href":"https:\/\/radiofenix.com.ar\/2023\/wp-json\/wp\/v2\/posts\/191476\/revisions"}],"wp:featuredmedia":[{"embeddable":true,"href":"https:\/\/radiofenix.com.ar\/2023\/wp-json\/wp\/v2\/media\/191477"}],"wp:attachment":[{"href":"https:\/\/radiofenix.com.ar\/2023\/wp-json\/wp\/v2\/media?parent=191476"}],"wp:term":[{"taxonomy":"category","embeddable":true,"href":"https:\/\/radiofenix.com.ar\/2023\/wp-json\/wp\/v2\/categories?post=191476"},{"taxonomy":"post_tag","embeddable":true,"href":"https:\/\/radiofenix.com.ar\/2023\/wp-json\/wp\/v2\/tags?post=191476"}],"curies":[{"name":"wp","href":"https:\/\/api.w.org\/{rel}","templated":true}]}}