{"id":191478,"date":"2023-11-15T19:27:15","date_gmt":"2023-11-15T19:27:15","guid":{"rendered":"https:\/\/radiofenix.com.ar\/2023\/rossi-y-cafiero-definieron-a-malvinas-como-causa-nacional-y-reconocieron-a-excombatientes\/"},"modified":"2023-11-15T19:27:15","modified_gmt":"2023-11-15T19:27:15","slug":"rossi-y-cafiero-definieron-a-malvinas-como-causa-nacional-y-reconocieron-a-excombatientes","status":"publish","type":"post","link":"https:\/\/radiofenix.com.ar\/2023\/rossi-y-cafiero-definieron-a-malvinas-como-causa-nacional-y-reconocieron-a-excombatientes\/","title":{"rendered":"Rossi y Cafiero definieron a Malvinas como causa nacional y reconocieron a excombatientes"},"content":{"rendered":"<div>\n<figure class=\"mb-3\"><img decoding=\"async\" src=\"https:\/\/www.telam.com.ar\/thumbs\/bluesteel\/advf\/imagenes\/2023\/10\/654161cb81d72_1200.jpg\" class=\" lazy \" width=\"100%\" height=\"100%\" alt=\"Agustn Rossi se diferenci de la postura de Javier Milei sobre Malvinas Foto Nacho Snchez \"\/><figcaption> Agust\u00edn Rossi se diferenci\u00f3 de la postura de Javier Milei sobre Malvinas. \/Foto: Nacho S\u00e1nchez. <\/figcaption><\/figure>\n<p> El jefe de Gabinete y candidato a vicepresidente de Uni\u00f3n por la Patria (UxP), Agust\u00edn Rossi, y el canciller Santiago Cafiero remarcaron este mi\u00e9rcoles que <strong>\u00abMalvinas es una causa nacional\u00bb<\/strong> y en esa l\u00ednea sostuvo que<strong> \u00ablos excombatientes son una instituci\u00f3n\u00bb<\/strong> y<strong> hay que \u00abreconocerlos permanentemente\u00bb,<\/strong> al participar de la apertura del 35to. Congreso de la Confederaci\u00f3n de Veteranos de Guerra de la Rep\u00fablica Argentina.<\/p>\n<p>Del acto, que se desarroll\u00f3 en el Parque de la Constituci\u00f3n de la ciudad de Santa Fe, tambi\u00e9n particip\u00f3 el secretario de Malvinas, Ant\u00e1rtida y Atl\u00e1ntico Sur, Guillermo Carmona.<\/p>\n<h2 class=\"\">Una respuesta a la postura de La Libertad Avanza<\/h2>\n<p>\u00a0Rossi se diferenci\u00f3 de la postura del candidato presidencial de La Libertad Avanza, Javier Milei, quien durante el debate presidencial que mantuvo el domingo pasado ante el postulante de UxP, Sergio Massa, <strong>se declar\u00f3 admirador de la exprimera ministra Margaret Thatcher, jefa del gobierno de Reino Unido durante la Guerra de Malvinas.<\/strong><\/p>\n<p>\u00abMalvinas es una causa nacional en la que estamos profundamente comprometidos. Hay que ser claros, no se pueden tener posiciones duales. <strong>No se puede decir que se admira a Margaret Thatcher, como hizo Milei. Incluso Mondino, quien parece ser la canciller te\u00f3ricamente designada por este candidato, dijo que iba a consultar a los isle\u00f1os antes de tomar cualquier decisi\u00f3n\u00bb<\/strong>, remarc\u00f3.<\/p>\n<p>Rossi record\u00f3 que \u00abla soberan\u00eda de Malvinas est\u00e1 entre las cl\u00e1usulas transitorias sobre el reclamo de soberan\u00eda sobre Malvinas figuran en la Constituci\u00f3n Nacional, que fue reformada en 1994\u00bb.<\/p>\n<p>\u00abTenemos claridad de que es una parte de nuestro territorio nacional, que est\u00e1 intrusado por una potencia imperial extranjera, que ha construido all\u00ed una base militar, donde hay tantos soldados brit\u00e1nicos como habitantes civiles en las islas. Para esa potencia imperial, ese territorio posee una importancia geopol\u00edtica estrat\u00e9gica\u00bb, a\u00f1adi\u00f3.<\/p>\n<p>En ese sentido, remarc\u00f3 que <strong>el compromiso \u00abcon la Causa Malvinas de la actual administraci\u00f3n es indubitable y contundente\u00bb, y sostuvo que \u00abquienes candidatos de LLA no tienen la misma actitud\u00bb.<\/strong><\/p>\n<p><figure class=\"mb-3\"><img decoding=\"async\" src=\"https:\/\/www.telam.com.ar\/thumbs\/bluesteel\/advf\/imagenes\/2023\/11\/654d445986388_1200.jpg\" class=\" lazy \" width=\"100%\" height=\"100%\" alt=\"Santiago Cafiero tambin defendi la Causa Malvinas Foto Alejandro Santa Cruz \"\/><figcaption> Santiago Cafiero tambi\u00e9n defendi\u00f3 la Causa Malvinas. \/Foto: Alejandro Santa Cruz. <\/figcaption><\/figure>\n<p><strong>\u00abTenemos un compromiso con nuestros excombatientes<\/strong>, todos los pa\u00edses del mundo que han sufrido una guerra como la que padeci\u00f3 Argentina, veneran y reconocen a sus veteranos de guerra. Nosotros estamos aqu\u00ed porque queremos hacer honor a eso. Los excombatientes son una instituci\u00f3n, por decirlo de alguna manera. Nosotros permanentemente tratamos de estar al lado de ellos y de reconocerlos\u00bb, agreg\u00f3.<\/p>\n<h2 class=\"\">El apoyo de la CELAC<\/h2>\n<p>\u00a0Adem\u00e1s, consider\u00f3 \u00abhist\u00f3rica\u00bb la \u00faltima declaraci\u00f3n formulada en la \u00faltima cumbre que celebraron la CELAC y la Uni\u00f3n Europea, en la cual se reconoci\u00f3 la existencia de una disputa territorial en relaci\u00f3n a Malvinas entre Argentina y el Reino Unido.<\/p>\n<p>\u00abDesde el punto de vista diplom\u00e1tico es de una importancia estrat\u00e9gica y contundente porque era uno de los caminos que se nos abr\u00eda. Contamos con los apoyos de los pa\u00edses de Am\u00e9rica Latina y de la mayor\u00eda de los pa\u00edses en el mundo, pero con la Uni\u00f3n Europea siempre exist\u00eda esta traba, que era la permanencia de Gran Breta\u00f1a en ese bloque\u00bb, evalu\u00f3.<\/p>\n<h2 class=\"\">Cafiero y la admiraci\u00f3n por los h\u00e9roes de Malvinas<\/h2>\n<p>\u00a0Por su parte, <strong>Cafiero fustig\u00f3 la posici\u00f3n de Milei respecto de la cuesti\u00f3n Malvinas al considerar que en el balotaje \u00abporque el domingo, entre otras cosas, lo que se elige es entre los que admiran a (Margaret) Thatcher o los que admiramos a nuestros h\u00e9roes de Malvinas\u00bb.<\/strong><\/p>\n<p>\u00abNosotros lo decimos con claridad: no admiramos a Thatcher, no estamos con Thatcher; estamos con los excombatientes, siendo parte de este congreso que es trascendental porque el domingo entre otras cosas lo que se eligen es entre los que admiran a Thatcher o los que admiramos a nuestros h\u00e9roes de Malvinas\u00bb, indic\u00f3.<\/p>\n<p>De esta forma, hizo referencia a dichos de Milei, quien en el debate del pasado domingo volvi\u00f3 a destacar la figura de la ex primera ministra del Reino Unido, con una participaci\u00f3n activa en la guerra de Malvinas, en la que orden\u00f3 el hundimiento del Crucero General Belgrano, que el 2 de mayo de 1982 caus\u00f3 la muerte de 323 personas, casi la mitad de las v\u00edctimas argentinas en el conflicto.<\/p>\n<p>En esa l\u00ednea, destac\u00f3 la trayectoria de Rossi, que \u00absiempre ha reivindicado la cuesti\u00f3n Malvinas, se ha puesto al frente de cualquier debate y cualquier discusi\u00f3n, y siempre ha levantado la voz cuando se banalizaba la cuesti\u00f3n Malvinas\u00bb.<\/p>\n<p>\u00abPorque<strong> a esos discursos que a veces quedan confusos, donde un candidato como Milei habla de un partido de f\u00fatbol y trata de decir que hubo ganadores y perdedores, y entonces hay que aceptar el resultado<\/strong>, nosotros le decimos que hay una profunda ignorancia en lo que es el derecho internacional\u00bb, explic\u00f3.<\/p>\n<p>Adem\u00e1s, alert\u00f3 que \u00absi nosotros damos mensajes ambiguos\u00bb respecto de Malvinas, se socavan \u00ablas posibilidades de llevar a la cuesti\u00f3n Malvinas a una resoluci\u00f3n, que es del a\u00f1o 1965, y que desde ese tiempo toda la comunidad internacional le dijo al Reino Unido que se debe sentar con Argentina a resolver la situaci\u00f3n de soberan\u00eda\u00bb.<\/p>\n<p><figure class=\"mb-3\"><img decoding=\"async\" src=\"https:\/\/www.telam.com.ar\/thumbs\/bluesteel\/advf\/imagenes\/2023\/11\/655422f768ecf_1200.jpg\" class=\" lazy \" width=\"100%\" height=\"100%\" alt=\"Ambos ministros definieron a los excombatientes como hroes Foto Prensa \"\/><figcaption> Ambos ministros definieron a los excombatientes como h\u00e9roes. \/Foto: Prensa. <\/figcaption><\/figure>\n<p>En esa l\u00ednea, aclar\u00f3 que <strong>\u00abla comunidad internacional\u00bb viene acompa\u00f1ando a la Argentina a partir de \u00abmucho esfuerzo diplom\u00e1tico y producto de una tarea del servicio diplom\u00e1tico de la Naci\u00f3n, que es permanente\u00bb.<\/strong><\/p>\n<p>Cafiero tambi\u00e9n critic\u00f3 las posturas de La Libertad Avanza respecto de las relaciones internacionales que plantea, en especial sobre el comercio con pa\u00edses como Brasil y China.<\/p>\n<p><strong>\u00abHay un gran desconocimiento de parte de La Libertad Avanza de c\u00f3mo las pymes exportan y hacia ad\u00f3nde exportan.<\/strong> Cualquier pyme santafesina, incluso del entramado de maquinaria agr\u00edcola, no solo de productos primarios, lo que busca como destino es Brasil, por mercado, por facilidades, por cercan\u00eda, y tambi\u00e9n porque tenemos el Mercosur\u00bb, explic\u00f3.<\/p>\n<p>En ese sentido, dijo que \u00abpensar que la pol\u00edtica de comercio exterior se hace sin Estados, y que solo la pueden hacer los privados, es de un desconocimiento total de c\u00f3mo funciona el mundo\u00bb.<\/p>\n<p><strong>\u00abNo hay pa\u00eds que haga esto, todos los pa\u00edses generan los v\u00ednculos, generan las instancias y asfaltan el camino para que despu\u00e9s una pyme, una pyme santafesina, tenga la oportunidad de exportar, no funciona de otro modo\u00bb<\/strong>, a\u00f1adi\u00f3.<\/p>\n<p>Para el canciller, \u00ablo que plantea Milei no solo es de desconocimiento, sino tambi\u00e9n es de un impacto grave\u00bb, pues \u00absi Milei es presidente y cumple con lo que est\u00e1 diciendo, que va a romper relaciones con China o con Brasil, la Argentina se pierde entre 22 mil y 27 mil millones de d\u00f3lares de exportaci\u00f3n\u00bb.<\/p>\n<p>\u00abEs perpetuar los efectos de la sequ\u00eda, pero por un capricho ideol\u00f3gico\u00bb, resumi\u00f3 el titular del Palacio San Mart\u00edn. <\/p>\n<\/div>\n<p><script async defer crossorigin=\"anonymous\" src=\"https:\/\/connect.facebook.net\/es_LA\/sdk.js#xfbml=1&#038;version=v12.0\" nonce=\"SBlHQzIF\"><\/script><br \/><a href=\"https:\/\/www.telam.com.ar\/notas\/202311\/646602-rossi-cafiero-malvinas-causa-nacional.html\">source<\/a><\/p>\n","protected":false},"excerpt":{"rendered":"<p>Agust\u00edn Rossi se diferenci\u00f3 de la postura de Javier Milei sobre Malvinas. \/Foto: Nacho S\u00e1nchez&#8230;.<\/p>\n","protected":false},"author":2,"featured_media":191479,"comment_status":"open","ping_status":"open","sticky":false,"template":"","format":"standard","meta":{"footnotes":""},"categories":[2],"tags":[],"class_list":["post-191478","post","type-post","status-publish","format-standard","has-post-thumbnail","hentry","category-politica"],"featured_image_urls":{"full":["https:\/\/radiofenix.com.ar\/2023\/wp-content\/uploads\/2023\/11\/wp-header-logo-38.png",1200,675,false],"thumbnail":["https:\/\/radiofenix.com.ar\/2023\/wp-content\/uploads\/2023\/11\/wp-header-logo-38-150x150.png",150,150,true],"medium":["https:\/\/radiofenix.com.ar\/2023\/wp-content\/uploads\/2023\/11\/wp-header-logo-38-300x169.png",300,169,true],"medium_large":["https:\/\/radiofenix.com.ar\/2023\/wp-content\/uploads\/2023\/11\/wp-header-logo-38-768x432.png",640,360,true],"large":["https:\/\/radiofenix.com.ar\/2023\/wp-content\/uploads\/2023\/11\/wp-header-logo-38-1024x576.png",640,360,true],"1536x1536":["https:\/\/radiofenix.com.ar\/2023\/wp-content\/uploads\/2023\/11\/wp-header-logo-38.png",1200,675,false],"2048x2048":["https:\/\/radiofenix.com.ar\/2023\/wp-content\/uploads\/2023\/11\/wp-header-logo-38.png",1200,675,false],"newsium-slider-full":["https:\/\/radiofenix.com.ar\/2023\/wp-content\/uploads\/2023\/11\/wp-header-logo-38.png",1200,675,false],"newsium-featured":["https:\/\/radiofenix.com.ar\/2023\/wp-content\/uploads\/2023\/11\/wp-header-logo-38-1024x576.png",1024,576,true],"newsium-medium":["https:\/\/radiofenix.com.ar\/2023\/wp-content\/uploads\/2023\/11\/wp-header-logo-38-720x475.png",720,475,true]},"author_info":{"info":["c1500921"]},"category_info":"<a href=\"https:\/\/radiofenix.com.ar\/2023\/category\/politica\/\" rel=\"category tag\">Pol\u00edtica<\/a>","tag_info":"Pol\u00edtica","comment_count":"0","_links":{"self":[{"href":"https:\/\/radiofenix.com.ar\/2023\/wp-json\/wp\/v2\/posts\/191478","targetHints":{"allow":["GET"]}}],"collection":[{"href":"https:\/\/radiofenix.com.ar\/2023\/wp-json\/wp\/v2\/posts"}],"about":[{"href":"https:\/\/radiofenix.com.ar\/2023\/wp-json\/wp\/v2\/types\/post"}],"author":[{"embeddable":true,"href":"https:\/\/radiofenix.com.ar\/2023\/wp-json\/wp\/v2\/users\/2"}],"replies":[{"embeddable":true,"href":"https:\/\/radiofenix.com.ar\/2023\/wp-json\/wp\/v2\/comments?post=191478"}],"version-history":[{"count":0,"href":"https:\/\/radiofenix.com.ar\/2023\/wp-json\/wp\/v2\/posts\/191478\/revisions"}],"wp:featuredmedia":[{"embeddable":true,"href":"https:\/\/radiofenix.com.ar\/2023\/wp-json\/wp\/v2\/media\/191479"}],"wp:attachment":[{"href":"https:\/\/radiofenix.com.ar\/2023\/wp-json\/wp\/v2\/media?parent=191478"}],"wp:term":[{"taxonomy":"category","embeddable":true,"href":"https:\/\/radiofenix.com.ar\/2023\/wp-json\/wp\/v2\/categories?post=191478"},{"taxonomy":"post_tag","embeddable":true,"href":"https:\/\/radiofenix.com.ar\/2023\/wp-json\/wp\/v2\/tags?post=191478"}],"curies":[{"name":"wp","href":"https:\/\/api.w.org\/{rel}","templated":true}]}}