{"id":191480,"date":"2023-11-15T19:27:19","date_gmt":"2023-11-15T19:27:19","guid":{"rendered":"https:\/\/radiofenix.com.ar\/2023\/petro-respaldo-a-massa-y-dijo-que-el-domingo-se-define-esperanza-o-barbarie\/"},"modified":"2023-11-15T19:27:19","modified_gmt":"2023-11-15T19:27:19","slug":"petro-respaldo-a-massa-y-dijo-que-el-domingo-se-define-esperanza-o-barbarie","status":"publish","type":"post","link":"https:\/\/radiofenix.com.ar\/2023\/petro-respaldo-a-massa-y-dijo-que-el-domingo-se-define-esperanza-o-barbarie\/","title":{"rendered":"Petro respald\u00f3 a Massa y dijo que el domingo se define &quot;esperanza o barbarie&quot;"},"content":{"rendered":"<div>\n<figure class=\"mb-3\"><img decoding=\"async\" src=\"https:\/\/www.telam.com.ar\/thumbs\/bluesteel\/advf\/imagenes\/2023\/07\/64c51f8f76c94_1200.jpg\" class=\" lazy \" width=\"100%\" height=\"100%\" alt=\"Presidente de Colombia Gustavo Petro respald a Massa Foto AFP\"\/><figcaption> Presidente de Colombia, Gustavo Petro respald\u00f3 a Massa. Foto: AFP. <\/figcaption><\/figure>\n<p> El presidente de Colombia, <strong>Gustavo Petro, respald\u00f3 al candidato presidencial de Uni\u00f3n por la Patria<\/strong> (UxP), Sergio Massa, de cara al balotaje que se celebrar\u00e1 el pr\u00f3ximo domingo, al considerar que la opci\u00f3n que lidera el ministro de Econom\u00eda \u00abpuede abrir caminos de esperanza\u00bb, mientras que el postulante de La Libertad Avanza (LLA), Javier Milei, representa \u00abun regreso a la barbarie\u00bb.<\/p>\n<p>\u00abEn Argentina se decide no solo el futuro de su pueblo sino la esperanza de Am\u00e9rica. Esperanza o barbarie deciden los argentinos. <strong>Un Milei que nos regresa a (Augusto) Pinochet <\/strong>y (Jorge) Videla. O un Massa que puede abrir caminos de esperanza\u00bb, se\u00f1al\u00f3 el jefe de Estado colombiano a trav\u00e9s de un mensaje publicado en su cuenta de la red social X (antes Twitter).<\/p>\n<blockquote class=\"twitter-tweet\">\n<p lang=\"es\" dir=\"ltr\">En Argentina se decide no solo el futuro de su pueblo sino la esperanza de Am\u00e9rica<\/p>\n<p>Esperanza o barbarie deciden los argentinos<\/p>\n<p>Un Milei que nos regresa a Pinochet y Videla. O un Massa que puede abrir caminos de esperanza.<\/p>\n<p>No tengan dudas. Nunca hay que votar por la barbarie y\u2026<\/p>\n<p>\u2014 Gustavo Petro (@petrogustavo) <a href=\"https:\/\/twitter.com\/petrogustavo\/status\/1724635322741318040?ref_src=twsrc%5Etfw\">November 15, 2023<\/a><\/p><\/blockquote>\n<p> En ese sentido, remarc\u00f3: \u00abNo tengan dudas. <strong>Nunca hay que votar por la barbarie<\/strong> y siempre hay que votar por la esperanza\u00bb.<\/p>\n<p>El martes, Massa, recibi\u00f3 el apoyo de mandatarios internacionales como Luiz In\u00e1cio Lula Da Silva (Brasil), Pedro S\u00e1nchez (Espa\u00f1a) y Andr\u00e9s L\u00f3pez Obrador (M\u00e9xico), as\u00ed como del expresidente uruguayo Jos\u00e9 \u00abPepe\u00bb Mujica. <\/p>\n<\/div>\n<p><script async src=\"\/\/platform.twitter.com\/widgets.js\" charset=\"utf-8\"><\/script><script async defer crossorigin=\"anonymous\" src=\"https:\/\/connect.facebook.net\/es_LA\/sdk.js#xfbml=1&#038;version=v12.0\" nonce=\"SBlHQzIF\"><\/script><br \/><a href=\"https:\/\/www.telam.com.ar\/notas\/202311\/646559-colombia-gustavo-petro-massa-milei.html\">source<\/a><\/p>\n","protected":false},"excerpt":{"rendered":"<p>Presidente de Colombia, Gustavo Petro respald\u00f3 a Massa. Foto: AFP. El presidente de Colombia, Gustavo&#8230;<\/p>\n","protected":false},"author":2,"featured_media":191481,"comment_status":"open","ping_status":"open","sticky":false,"template":"","format":"standard","meta":{"footnotes":""},"categories":[2],"tags":[],"class_list":["post-191480","post","type-post","status-publish","format-standard","has-post-thumbnail","hentry","category-politica"],"featured_image_urls":{"full":["https:\/\/radiofenix.com.ar\/2023\/wp-content\/uploads\/2023\/11\/wp-header-logo-39.png",1200,675,false],"thumbnail":["https:\/\/radiofenix.com.ar\/2023\/wp-content\/uploads\/2023\/11\/wp-header-logo-39-150x150.png",150,150,true],"medium":["https:\/\/radiofenix.com.ar\/2023\/wp-content\/uploads\/2023\/11\/wp-header-logo-39-300x169.png",300,169,true],"medium_large":["https:\/\/radiofenix.com.ar\/2023\/wp-content\/uploads\/2023\/11\/wp-header-logo-39-768x432.png",640,360,true],"large":["https:\/\/radiofenix.com.ar\/2023\/wp-content\/uploads\/2023\/11\/wp-header-logo-39-1024x576.png",640,360,true],"1536x1536":["https:\/\/radiofenix.com.ar\/2023\/wp-content\/uploads\/2023\/11\/wp-header-logo-39.png",1200,675,false],"2048x2048":["https:\/\/radiofenix.com.ar\/2023\/wp-content\/uploads\/2023\/11\/wp-header-logo-39.png",1200,675,false],"newsium-slider-full":["https:\/\/radiofenix.com.ar\/2023\/wp-content\/uploads\/2023\/11\/wp-header-logo-39.png",1200,675,false],"newsium-featured":["https:\/\/radiofenix.com.ar\/2023\/wp-content\/uploads\/2023\/11\/wp-header-logo-39-1024x576.png",1024,576,true],"newsium-medium":["https:\/\/radiofenix.com.ar\/2023\/wp-content\/uploads\/2023\/11\/wp-header-logo-39-720x475.png",720,475,true]},"author_info":{"info":["c1500921"]},"category_info":"<a href=\"https:\/\/radiofenix.com.ar\/2023\/category\/politica\/\" rel=\"category tag\">Pol\u00edtica<\/a>","tag_info":"Pol\u00edtica","comment_count":"0","_links":{"self":[{"href":"https:\/\/radiofenix.com.ar\/2023\/wp-json\/wp\/v2\/posts\/191480","targetHints":{"allow":["GET"]}}],"collection":[{"href":"https:\/\/radiofenix.com.ar\/2023\/wp-json\/wp\/v2\/posts"}],"about":[{"href":"https:\/\/radiofenix.com.ar\/2023\/wp-json\/wp\/v2\/types\/post"}],"author":[{"embeddable":true,"href":"https:\/\/radiofenix.com.ar\/2023\/wp-json\/wp\/v2\/users\/2"}],"replies":[{"embeddable":true,"href":"https:\/\/radiofenix.com.ar\/2023\/wp-json\/wp\/v2\/comments?post=191480"}],"version-history":[{"count":0,"href":"https:\/\/radiofenix.com.ar\/2023\/wp-json\/wp\/v2\/posts\/191480\/revisions"}],"wp:featuredmedia":[{"embeddable":true,"href":"https:\/\/radiofenix.com.ar\/2023\/wp-json\/wp\/v2\/media\/191481"}],"wp:attachment":[{"href":"https:\/\/radiofenix.com.ar\/2023\/wp-json\/wp\/v2\/media?parent=191480"}],"wp:term":[{"taxonomy":"category","embeddable":true,"href":"https:\/\/radiofenix.com.ar\/2023\/wp-json\/wp\/v2\/categories?post=191480"},{"taxonomy":"post_tag","embeddable":true,"href":"https:\/\/radiofenix.com.ar\/2023\/wp-json\/wp\/v2\/tags?post=191480"}],"curies":[{"name":"wp","href":"https:\/\/api.w.org\/{rel}","templated":true}]}}