{"id":191482,"date":"2023-11-15T19:27:22","date_gmt":"2023-11-15T19:27:22","guid":{"rendered":"https:\/\/radiofenix.com.ar\/2023\/repudio-a-la-amenaza-de-una-diputada-de-milei-a-una-cronista-de-la-tv-publica\/"},"modified":"2023-11-15T19:27:22","modified_gmt":"2023-11-15T19:27:22","slug":"repudio-a-la-amenaza-de-una-diputada-de-milei-a-una-cronista-de-la-tv-publica","status":"publish","type":"post","link":"https:\/\/radiofenix.com.ar\/2023\/repudio-a-la-amenaza-de-una-diputada-de-milei-a-una-cronista-de-la-tv-publica\/","title":{"rendered":"Repudio a la &quot;amenaza&quot; de una diputada de Milei a una cronista de la TV P\u00fablica"},"content":{"rendered":"<div>\n<div class=\"video_repositive\"> <a class=\"video_sticky\" href=\"javascript:void();\" onclick=\"removeStuckVideo(true);\"><i class=\"far fa-window-close\"\/><\/a> <\/p>\n<div id=\"uDhF1lgWHxI\" class=\"video_telam\" style=\"background-image:url('https:\/\/img.youtube.com\/vi\/uDhF1lgWHxI\/hqdefault.jpg');background-position: center center;\">\n<div class=\"feature_article_inner\">\n<p><h2 class=\"text-center\">Lemoine dijo que \u00abmedios p\u00fablicos se van a privatizar\u00bb y amenaz\u00f3 a una cronista<\/h2>\n<\/p><\/div>\n<p>VER VIDEO <i class=\"fas fa-play\"\/><\/p>\n<\/p><\/div>\n<\/p><\/div>\n<p>La diputada nacional electa de La Libertad Avanza (LLA), Lilia Lemoine, asegur\u00f3 este mi\u00e9rcoles que en un eventual gobierno de Javier Milei <strong>\u00ablos medios p\u00fablicos se van a privatizar\u00bb<\/strong> y advirti\u00f3 a una cronista de la TV P\u00fablica que procure <strong>\u00abser una buena trabajadora\u00bb<\/strong>, mientras que <strong>los trabajadores del canal p\u00fablico repudiaron esa \u00abamenaza\u00bb a la \u00ablibertad de prensa<\/strong>\u00ab.<\/p>\n<p>\u00abVamos a cerrar la TV P\u00fablica, vamos a privatizar la TV P\u00fablica. Los medios p\u00fablicos se van a privatizar, as\u00ed que procur\u00e1 ser una buena trabajadora\u00bb, asegur\u00f3 Lemoine en declaraciones a una cronista del canal p\u00fablico, mientras realizaba una recorrida por la estaci\u00f3n Constituci\u00f3n.<\/p>\n<p>Por su parte, los trabajadores de la TV P\u00fablica emitieron un comunicado de prensa y repudiaron esas afirmaciones, al sostener que Lilia Lemoine \u00abdesprecia la libertad de prensa y a los trabajadores\u00bb.<\/p>\n<blockquote class=\"twitter-tweet\">\n<p lang=\"es\" dir=\"ltr\">Lilia Lemoine asegur\u00f3 que en un eventual gobierno de Milei \u00ablos medios p\u00fablicos se van a privatizar\u00bb y advirti\u00f3 a una cronista de la TV P\u00fablica que procure \u00abser una buena trabajadora\u00bb, mientras que los trabajadores del canal p\u00fablico repudiaron esa \u00abamenaza\u00bb a la \u00ablibertad de\u2026 <a href=\"https:\/\/t.co\/GpBYRRuw8t\">pic.twitter.com\/GpBYRRuw8t<\/a><\/p>\n<p>\u2014 Agencia T\u00e9lam (@AgenciaTelam) <a href=\"https:\/\/twitter.com\/AgenciaTelam\/status\/1724831911422410804?ref_src=twsrc%5Etfw\">November 15, 2023<\/a><\/p><\/blockquote>\n<p><strong>\u00abRepudiamos la amenaza vertida hoy por Lilia Lemoine al equipo period\u00edstico de TVP Noticias que le realiz\u00f3 la entrevista\u00bb<\/strong>, advirtieron en su cuenta de la red social X (antes Twitter).<\/p>\n<p>Para los trabajadores, \u00abla publicaci\u00f3n de esa nota es una demostraci\u00f3n de la pluralidad de voces que rige en el canal y en los medios p\u00fablicos\u00bb.<\/p>\n<blockquote class=\"twitter-tweet\">\n<p lang=\"es\" dir=\"ltr\">Las autoridades de <a href=\"https:\/\/twitter.com\/rta_se?ref_src=twsrc%5Etfw\">@rta_se<\/a>, TV P\u00fablica y quienes trabajamos en los medios p\u00fablicos repudiamos las amenazas de la diputada electa Lilia Lemoine. <a href=\"https:\/\/t.co\/gfx8UtxyGC\">pic.twitter.com\/gfx8UtxyGC<\/a><\/p>\n<p>\u2014 Televisi\u00f3n P\u00fablica (@TV_Publica) <a href=\"https:\/\/twitter.com\/TV_Publica\/status\/1724850466561880070?ref_src=twsrc%5Etfw\">November 15, 2023<\/a><\/p><\/blockquote>\n<p> \u00abLa amenaza, que es parte de una pol\u00edtica general de La Libertad Avanza, expresa el desprecio del espacio que encabeza Javier Milei por los profesionales, trabajadores y trabajadoras en general\u00bb, agregaron en las redes sociales.<\/p>\n<p>Por su parte, el Sindicato Argentino de Televisi\u00f3n, Servicios Audiovisuales, Interactivos y de Datos (<strong>SATSAID<\/strong>) tambi\u00e9n repudi\u00f3 \u00ablas nuevas amenazas de La Libertad Avanza contra los medios p\u00fablicos\u00bb y llam\u00f3 a los argentinos a \u00abreflexionar profundamente sobre la gravedad de lo que est\u00e1 en juego\u00bb en el baloteje.<\/p>\n<p><strong>\u00abNo podemos naturalizar como sociedad la asunci\u00f3n como Diputada Nacional de una apologista de la dictadura, patotera de trabajadores y trabajadoras, y una ignorante de las nociones m\u00e1s b\u00e1sicas de la democracia\u00bb<\/strong>, destacaron.<\/p>\n<blockquote class=\"twitter-tweet\">\n<p lang=\"es\" dir=\"ltr\">Desde nuestro espacio informamos que no apoyamos los dichos de la Diputada Lilia Lemoine.<br \/>Lo aclarado por Javier hace unas semanas, lo que diga un miembro o un militante de LLA no representa el pensamiento de Milei o Victoria.<\/p>\n<p>&#8211; El equipo de LL <a href=\"https:\/\/t.co\/WfHELozns0\">https:\/\/t.co\/WfHELozns0<\/a><\/p>\n<p>\u2014 Lideres Liberales (@LideresLiber) <a href=\"https:\/\/twitter.com\/LideresLiber\/status\/1724823571543843288?ref_src=twsrc%5Etfw\">November 15, 2023<\/a><\/p><\/blockquote>\n<p> Lemoine fue noticia en las \u00faltimas horas por expresar su respaldo al l\u00edder de ultraderecha, Carlos Pampill\u00f3n, quien enfrenta cargos por ataques antisemitas y difundi\u00f3 un llamado a la insubordinaci\u00f3n de las Fuerzas Armadas aunque luego pidi\u00f3 disculpas y dijo que se trataba de un error de su parte.<\/p>\n<p>Antes de las elecciones generales, Lemoine anunci\u00f3 su decisi\u00f3n de impulsar un proyecto de ley para que los padres puedan renunciar a la paternidad.<\/p>\n<blockquote class=\"twitter-tweet\">\n<p lang=\"es\" dir=\"ltr\">&#x1f4fa;&#x1f4bb;&#x1f4fb; \u00bfA d\u00f3nde vas a encontrar los mensajes que nos conectan en cada rinc\u00f3n de la Patria? <a href=\"https:\/\/twitter.com\/hashtag\/MediosP%C3%BAblicosS%C3%AD?src=hash&amp;ref_src=twsrc%5Etfw\">#MediosP\u00fablicosS\u00ed<\/a> &#x2764;&#xfe0f; <a href=\"https:\/\/t.co\/h3NPHI1WCM\">pic.twitter.com\/h3NPHI1WCM<\/a><\/p>\n<p>\u2014 Agencia T\u00e9lam (@AgenciaTelam) <a href=\"https:\/\/twitter.com\/AgenciaTelam\/status\/1724839931049296292?ref_src=twsrc%5Etfw\">November 15, 2023<\/a><\/p><\/blockquote><\/div>\n<p><script async src=\"\/\/platform.twitter.com\/widgets.js\" charset=\"utf-8\"><\/script><script async defer crossorigin=\"anonymous\" src=\"https:\/\/connect.facebook.net\/es_LA\/sdk.js#xfbml=1&#038;version=v12.0\" nonce=\"SBlHQzIF\"><\/script><br \/><a href=\"https:\/\/www.telam.com.ar\/notas\/202311\/646600-lemoine-tv-publica-amenaza-prensa.html\">source<\/a><\/p>\n","protected":false},"excerpt":{"rendered":"<p>Lemoine dijo que \u00abmedios p\u00fablicos se van a privatizar\u00bb y amenaz\u00f3 a una cronista VER&#8230;<\/p>\n","protected":false},"author":2,"featured_media":191483,"comment_status":"open","ping_status":"open","sticky":false,"template":"","format":"standard","meta":{"footnotes":""},"categories":[2],"tags":[],"class_list":["post-191482","post","type-post","status-publish","format-standard","has-post-thumbnail","hentry","category-politica"],"featured_image_urls":{"full":["https:\/\/radiofenix.com.ar\/2023\/wp-content\/uploads\/2023\/11\/wp-header-logo-40.png",450,253,false],"thumbnail":["https:\/\/radiofenix.com.ar\/2023\/wp-content\/uploads\/2023\/11\/wp-header-logo-40-150x150.png",150,150,true],"medium":["https:\/\/radiofenix.com.ar\/2023\/wp-content\/uploads\/2023\/11\/wp-header-logo-40-300x169.png",300,169,true],"medium_large":["https:\/\/radiofenix.com.ar\/2023\/wp-content\/uploads\/2023\/11\/wp-header-logo-40.png",450,253,false],"large":["https:\/\/radiofenix.com.ar\/2023\/wp-content\/uploads\/2023\/11\/wp-header-logo-40.png",450,253,false],"1536x1536":["https:\/\/radiofenix.com.ar\/2023\/wp-content\/uploads\/2023\/11\/wp-header-logo-40.png",450,253,false],"2048x2048":["https:\/\/radiofenix.com.ar\/2023\/wp-content\/uploads\/2023\/11\/wp-header-logo-40.png",450,253,false],"newsium-slider-full":["https:\/\/radiofenix.com.ar\/2023\/wp-content\/uploads\/2023\/11\/wp-header-logo-40.png",450,253,false],"newsium-featured":["https:\/\/radiofenix.com.ar\/2023\/wp-content\/uploads\/2023\/11\/wp-header-logo-40.png",450,253,false],"newsium-medium":["https:\/\/radiofenix.com.ar\/2023\/wp-content\/uploads\/2023\/11\/wp-header-logo-40.png",450,253,false]},"author_info":{"info":["c1500921"]},"category_info":"<a href=\"https:\/\/radiofenix.com.ar\/2023\/category\/politica\/\" rel=\"category tag\">Pol\u00edtica<\/a>","tag_info":"Pol\u00edtica","comment_count":"0","_links":{"self":[{"href":"https:\/\/radiofenix.com.ar\/2023\/wp-json\/wp\/v2\/posts\/191482","targetHints":{"allow":["GET"]}}],"collection":[{"href":"https:\/\/radiofenix.com.ar\/2023\/wp-json\/wp\/v2\/posts"}],"about":[{"href":"https:\/\/radiofenix.com.ar\/2023\/wp-json\/wp\/v2\/types\/post"}],"author":[{"embeddable":true,"href":"https:\/\/radiofenix.com.ar\/2023\/wp-json\/wp\/v2\/users\/2"}],"replies":[{"embeddable":true,"href":"https:\/\/radiofenix.com.ar\/2023\/wp-json\/wp\/v2\/comments?post=191482"}],"version-history":[{"count":0,"href":"https:\/\/radiofenix.com.ar\/2023\/wp-json\/wp\/v2\/posts\/191482\/revisions"}],"wp:featuredmedia":[{"embeddable":true,"href":"https:\/\/radiofenix.com.ar\/2023\/wp-json\/wp\/v2\/media\/191483"}],"wp:attachment":[{"href":"https:\/\/radiofenix.com.ar\/2023\/wp-json\/wp\/v2\/media?parent=191482"}],"wp:term":[{"taxonomy":"category","embeddable":true,"href":"https:\/\/radiofenix.com.ar\/2023\/wp-json\/wp\/v2\/categories?post=191482"},{"taxonomy":"post_tag","embeddable":true,"href":"https:\/\/radiofenix.com.ar\/2023\/wp-json\/wp\/v2\/tags?post=191482"}],"curies":[{"name":"wp","href":"https:\/\/api.w.org\/{rel}","templated":true}]}}