{"id":191484,"date":"2023-11-15T19:27:24","date_gmt":"2023-11-15T19:27:24","guid":{"rendered":"https:\/\/radiofenix.com.ar\/2023\/la-camara-electoral-explico-las-garantias-que-custodian-las-urnas-en-el-balotaje\/"},"modified":"2023-11-15T19:27:24","modified_gmt":"2023-11-15T19:27:24","slug":"la-camara-electoral-explico-las-garantias-que-custodian-las-urnas-en-el-balotaje","status":"publish","type":"post","link":"https:\/\/radiofenix.com.ar\/2023\/la-camara-electoral-explico-las-garantias-que-custodian-las-urnas-en-el-balotaje\/","title":{"rendered":"La C\u00e1mara Electoral explic\u00f3 las garant\u00edas que custodian las urnas en el balotaje"},"content":{"rendered":"<div>\n<figure class=\"mb-3\"><img decoding=\"async\" src=\"https:\/\/www.telam.com.ar\/thumbs\/bluesteel\/advf\/imagenes\/2023\/08\/64d3c8e6dde96_1200.jpg\" class=\" lazy \" width=\"100%\" height=\"100%\" alt=\"Las autoridades dijeron que tiene una serie de garantas que son muy robustas Foto Archivo\"\/><figcaption> Las autoridades dijeron que tiene una \u00abserie de garant\u00edas que son muy robustas\u00bb. Foto: Archivo <\/figcaption><\/figure>\n<p> El secretario de Actuaci\u00f3n Electoral de la C\u00e1mara Nacional Electoral (CNE), Sebasti\u00e1n Schimmel, afirm\u00f3 este mi\u00e9rcoles que el <strong>proceso electoral en Argentina tiene una \u00abserie de garant\u00edas que son muy robustas\u00bb<\/strong> en cuanto a la custodia y seguridad de las urnas de votaci\u00f3n, de cara al balotaje del domingo pr\u00f3ximo que dirimir\u00e1 el pr\u00f3ximo presidente entre Sergio Masa, de Uni\u00f3n por la Patria, y Javier Milei, de La Libertad Avanza.<\/p>\n<p><strong>\u00abNuestro proceso electoral tiene una serie de garant\u00edas que son muy robustas. Para cada elecci\u00f3n hay un despliegue y un repliegue de las urnas, de la documentaci\u00f3n, del material electoral\u00bb, dijo Schimmel<\/strong> en declaraciones al canal de cable Todo Noticias (TN).<\/p>\n<p>Al respecto, explic\u00f3 que ese operativo \u00abse hace desde las juntas electorales nacionales en cada uno de los distritos y luego vuelve esa documentaci\u00f3n para el escrutinio definitivo\u00bb.<\/p>\n<p>Schimmel reafirm\u00f3 que todo ello \u00abtiene una custodia y operativo de seguridad muy severo y estricto porque si bien lo hace el Correo Oficial el despliegue se hace con un operativo de custodia del Comando General Electoral que son las fuerzas armadas y de seguridad\u00bb.<\/p>\n<p>El funcionario de la C\u00e1mara Electoral, que est\u00e1 a cargo del escrutinio definitivo -el provisorio lo hace el Poder Ejecutivo la misma noche de la elecci\u00f3n y no tiene validez legal-,<strong> aclar\u00f3 que \u00abdesde 2015 cuando se empezaron a generar algunas preocupaciones desde las agrupaciones pol\u00edticas se ha sumado seguimiento con GPS de los camiones troncales que distribuyen para el despliegue y el repliegue\u00bb.<\/strong><\/p>\n<p><figure class=\"mb-3\"><img decoding=\"async\" src=\"https:\/\/www.telam.com.ar\/thumbs\/bluesteel\/advf\/imagenes\/2023\/08\/64d8384c52d08_1200.jpg\" class=\" lazy \" width=\"100%\" height=\"100%\" alt=\"La Cmara electoral explic las garantas que custodian las urnas en el balotaje Foto Archivo\"\/><figcaption> La C\u00e1mara electoral explic\u00f3 las garant\u00edas que custodian las urnas en el balotaje. Foto: Archivo <\/figcaption><\/figure>\n<p>Por otra parte, ante una consulta sostuvo que \u00aben una elecci\u00f3n de segunda vuelta gana la agrupaci\u00f3n que m\u00e1s votos obtenga\u00bb de manera que el candidato que tenga un voto m\u00e1s que otro va a ser proclamado presidente de la Naci\u00f3n.<\/p>\n<p>Y aclar\u00f3 que<strong> \u00abel voto en blanco es un voto v\u00e1lido seg\u00fan nuestro c\u00f3digo electoral, no es nulo, pero que no computa para ninguno de los dos candidatos\u00bb <\/strong>y se\u00f1al\u00f3 que \u00abno beneficia ni perjudica especialmente a ninguna de los dos candidatos sino que queda afuera\u00bb.<\/p>\n<p>Acerca de d\u00f3nde es posible realizar denuncias el d\u00eda de la jornada electoral, <strong>el funcionario inform\u00f3 que la justicia electoral se encarg\u00f3 de \u00abfacilitar las v\u00edas\u00bb<\/strong> para hacerlas desde el portal de denuncias a trav\u00e9s de la p\u00e1gina de internet electoral.gob.ar para que la ciudadan\u00eda o referentes pol\u00edticos puedan transmitir alg\u00fan delito o irregularidad o incumplimiento de la veda\u00bb.<\/p>\n<p>Sobre ese punto, <strong>Schimmel explic\u00f3 que para eso se pide el \u00abrequisito\u00bb de \u00abidentificar d\u00f3nde ocurri\u00f3 el hecho\u00bb y que el denunciante se identifique tambi\u00e9n, y agreg\u00f3 que tambi\u00e9n existe la v\u00eda del fiscal electoral.<\/strong> <\/p>\n<\/div>\n<p><script async defer crossorigin=\"anonymous\" src=\"https:\/\/connect.facebook.net\/es_LA\/sdk.js#xfbml=1&#038;version=v12.0\" nonce=\"SBlHQzIF\"><\/script><br \/><a href=\"https:\/\/www.telam.com.ar\/notas\/202311\/646589-camara-nacional-electoral-eleccion-garantias.html\">source<\/a><\/p>\n","protected":false},"excerpt":{"rendered":"<p>Las autoridades dijeron que tiene una \u00abserie de garant\u00edas que son muy robustas\u00bb. Foto: Archivo&#8230;<\/p>\n","protected":false},"author":2,"featured_media":191485,"comment_status":"open","ping_status":"open","sticky":false,"template":"","format":"standard","meta":{"footnotes":""},"categories":[2],"tags":[],"class_list":["post-191484","post","type-post","status-publish","format-standard","has-post-thumbnail","hentry","category-politica"],"featured_image_urls":{"full":["https:\/\/radiofenix.com.ar\/2023\/wp-content\/uploads\/2023\/11\/wp-header-logo-41.png",1200,675,false],"thumbnail":["https:\/\/radiofenix.com.ar\/2023\/wp-content\/uploads\/2023\/11\/wp-header-logo-41-150x150.png",150,150,true],"medium":["https:\/\/radiofenix.com.ar\/2023\/wp-content\/uploads\/2023\/11\/wp-header-logo-41-300x169.png",300,169,true],"medium_large":["https:\/\/radiofenix.com.ar\/2023\/wp-content\/uploads\/2023\/11\/wp-header-logo-41-768x432.png",640,360,true],"large":["https:\/\/radiofenix.com.ar\/2023\/wp-content\/uploads\/2023\/11\/wp-header-logo-41-1024x576.png",640,360,true],"1536x1536":["https:\/\/radiofenix.com.ar\/2023\/wp-content\/uploads\/2023\/11\/wp-header-logo-41.png",1200,675,false],"2048x2048":["https:\/\/radiofenix.com.ar\/2023\/wp-content\/uploads\/2023\/11\/wp-header-logo-41.png",1200,675,false],"newsium-slider-full":["https:\/\/radiofenix.com.ar\/2023\/wp-content\/uploads\/2023\/11\/wp-header-logo-41.png",1200,675,false],"newsium-featured":["https:\/\/radiofenix.com.ar\/2023\/wp-content\/uploads\/2023\/11\/wp-header-logo-41-1024x576.png",1024,576,true],"newsium-medium":["https:\/\/radiofenix.com.ar\/2023\/wp-content\/uploads\/2023\/11\/wp-header-logo-41-720x475.png",720,475,true]},"author_info":{"info":["c1500921"]},"category_info":"<a href=\"https:\/\/radiofenix.com.ar\/2023\/category\/politica\/\" rel=\"category tag\">Pol\u00edtica<\/a>","tag_info":"Pol\u00edtica","comment_count":"0","_links":{"self":[{"href":"https:\/\/radiofenix.com.ar\/2023\/wp-json\/wp\/v2\/posts\/191484","targetHints":{"allow":["GET"]}}],"collection":[{"href":"https:\/\/radiofenix.com.ar\/2023\/wp-json\/wp\/v2\/posts"}],"about":[{"href":"https:\/\/radiofenix.com.ar\/2023\/wp-json\/wp\/v2\/types\/post"}],"author":[{"embeddable":true,"href":"https:\/\/radiofenix.com.ar\/2023\/wp-json\/wp\/v2\/users\/2"}],"replies":[{"embeddable":true,"href":"https:\/\/radiofenix.com.ar\/2023\/wp-json\/wp\/v2\/comments?post=191484"}],"version-history":[{"count":0,"href":"https:\/\/radiofenix.com.ar\/2023\/wp-json\/wp\/v2\/posts\/191484\/revisions"}],"wp:featuredmedia":[{"embeddable":true,"href":"https:\/\/radiofenix.com.ar\/2023\/wp-json\/wp\/v2\/media\/191485"}],"wp:attachment":[{"href":"https:\/\/radiofenix.com.ar\/2023\/wp-json\/wp\/v2\/media?parent=191484"}],"wp:term":[{"taxonomy":"category","embeddable":true,"href":"https:\/\/radiofenix.com.ar\/2023\/wp-json\/wp\/v2\/categories?post=191484"},{"taxonomy":"post_tag","embeddable":true,"href":"https:\/\/radiofenix.com.ar\/2023\/wp-json\/wp\/v2\/tags?post=191484"}],"curies":[{"name":"wp","href":"https:\/\/api.w.org\/{rel}","templated":true}]}}