{"id":191486,"date":"2023-11-15T19:27:27","date_gmt":"2023-11-15T19:27:27","guid":{"rendered":"https:\/\/radiofenix.com.ar\/2023\/casaretto-milei-agita-el-fraude-como-trump-y-bolsonaro\/"},"modified":"2023-11-15T19:27:27","modified_gmt":"2023-11-15T19:27:27","slug":"casaretto-milei-agita-el-fraude-como-trump-y-bolsonaro","status":"publish","type":"post","link":"https:\/\/radiofenix.com.ar\/2023\/casaretto-milei-agita-el-fraude-como-trump-y-bolsonaro\/","title":{"rendered":"Casaretto: &quot;Milei agita el fraude como Trump y Bolsonaro&quot;"},"content":{"rendered":"<div>\n<figure class=\"mb-3\"><img decoding=\"async\" src=\"https:\/\/www.telam.com.ar\/thumbs\/bluesteel\/advf\/imagenes\/2022\/01\/61f1400dde315_1200.jpg\" class=\" lazy \" width=\"100%\" height=\"100%\" alt=\"Foto Archivo\"\/><figcaption> Foto: Archivo. <\/figcaption><\/figure>\n<p> El diputado nacional del Frente de Todos (FdT) por Entre R\u00edos Marcelo Casaretto <strong>cuestion\u00f3 este mi\u00e9rcoles al candidato presidencial de La Libertad Avanza (LLA), Javier Milei, y lo acus\u00f3 de \u00abagitar el fraude\u00bb, al igual que los exmandatarios de Estados Unidos<\/strong>, Donald Trump y de Brasil, Jair Bolsonaro.<\/p>\n<p>En su cuenta de la red social X, Casaretto public\u00f3: \u00abse nota @JMilei que ten\u00e9s claro que perd\u00e9s las elecciones el domingo. <strong>Es un recurso muy bajo y de mal perdedor agitar fraude como Trump y Bolsonaro<\/strong>. Las elecciones est\u00e1n a cargo de la C\u00e1mara Electoral, y el control lo hacen los fiscales de cada fuerza\u00bb.<\/p>\n<blockquote class=\"twitter-tweet\">\n<p lang=\"es\" dir=\"ltr\">Se nota <a href=\"https:\/\/twitter.com\/JMilei?ref_src=twsrc%5Etfw\">@JMilei<\/a> que ten\u00e9s claro que perd\u00e9s las elecciones el domingo. Es un recurso muy bajo y de mal perdedor agitar fraude como Trump y Bolsonaro. Las elecciones est\u00e1n a cargo de la C\u00e1mara Electoral, y el control lo hacen los fiscales de cada fuerza. <a href=\"https:\/\/t.co\/pOrzXsztW2\">https:\/\/t.co\/pOrzXsztW2<\/a><\/p>\n<p>\u2014 Marcelo Casaretto (@mpcasaretto) <a href=\"https:\/\/twitter.com\/mpcasaretto\/status\/1724793999339483613?ref_src=twsrc%5Etfw\">November 15, 2023<\/a><\/p><\/blockquote>\n<p> De esta manera, el legislador del FDT <strong>hizo referencia a una publicaci\u00f3n de Milei en esa misma red social,<\/strong> bajo eL t\u00edtulo \u00abDato\u00bb, donde reposteaba un mensaje de una usuaria que afirmaba que \u00abINDRA la empresa espa\u00f1ola tan \u00abamiga de Pedro S\u00e1nchez\u00bb es la que har\u00e1 el recuento de votos en las #EleccionesArgentina2023&#8243;. <\/div>\n<p><script async src=\"\/\/platform.twitter.com\/widgets.js\" charset=\"utf-8\"><\/script><script async defer crossorigin=\"anonymous\" src=\"https:\/\/connect.facebook.net\/es_LA\/sdk.js#xfbml=1&#038;version=v12.0\" nonce=\"SBlHQzIF\"><\/script><br \/><a href=\"https:\/\/www.telam.com.ar\/notas\/202311\/646582-diputado-frente-de-todos-acusacion-milei-agite-fraude-trump-bolsonaro.html\">source<\/a><\/p>\n","protected":false},"excerpt":{"rendered":"<p>Foto: Archivo. El diputado nacional del Frente de Todos (FdT) por Entre R\u00edos Marcelo Casaretto&#8230;<\/p>\n","protected":false},"author":2,"featured_media":191487,"comment_status":"open","ping_status":"open","sticky":false,"template":"","format":"standard","meta":{"footnotes":""},"categories":[2],"tags":[],"class_list":["post-191486","post","type-post","status-publish","format-standard","has-post-thumbnail","hentry","category-politica"],"featured_image_urls":{"full":["https:\/\/radiofenix.com.ar\/2023\/wp-content\/uploads\/2023\/11\/wp-header-logo-42.png",1004,565,false],"thumbnail":["https:\/\/radiofenix.com.ar\/2023\/wp-content\/uploads\/2023\/11\/wp-header-logo-42-150x150.png",150,150,true],"medium":["https:\/\/radiofenix.com.ar\/2023\/wp-content\/uploads\/2023\/11\/wp-header-logo-42-300x169.png",300,169,true],"medium_large":["https:\/\/radiofenix.com.ar\/2023\/wp-content\/uploads\/2023\/11\/wp-header-logo-42-768x432.png",640,360,true],"large":["https:\/\/radiofenix.com.ar\/2023\/wp-content\/uploads\/2023\/11\/wp-header-logo-42.png",640,360,false],"1536x1536":["https:\/\/radiofenix.com.ar\/2023\/wp-content\/uploads\/2023\/11\/wp-header-logo-42.png",1004,565,false],"2048x2048":["https:\/\/radiofenix.com.ar\/2023\/wp-content\/uploads\/2023\/11\/wp-header-logo-42.png",1004,565,false],"newsium-slider-full":["https:\/\/radiofenix.com.ar\/2023\/wp-content\/uploads\/2023\/11\/wp-header-logo-42.png",1004,565,false],"newsium-featured":["https:\/\/radiofenix.com.ar\/2023\/wp-content\/uploads\/2023\/11\/wp-header-logo-42.png",1004,565,false],"newsium-medium":["https:\/\/radiofenix.com.ar\/2023\/wp-content\/uploads\/2023\/11\/wp-header-logo-42-720x475.png",720,475,true]},"author_info":{"info":["c1500921"]},"category_info":"<a href=\"https:\/\/radiofenix.com.ar\/2023\/category\/politica\/\" rel=\"category tag\">Pol\u00edtica<\/a>","tag_info":"Pol\u00edtica","comment_count":"0","_links":{"self":[{"href":"https:\/\/radiofenix.com.ar\/2023\/wp-json\/wp\/v2\/posts\/191486","targetHints":{"allow":["GET"]}}],"collection":[{"href":"https:\/\/radiofenix.com.ar\/2023\/wp-json\/wp\/v2\/posts"}],"about":[{"href":"https:\/\/radiofenix.com.ar\/2023\/wp-json\/wp\/v2\/types\/post"}],"author":[{"embeddable":true,"href":"https:\/\/radiofenix.com.ar\/2023\/wp-json\/wp\/v2\/users\/2"}],"replies":[{"embeddable":true,"href":"https:\/\/radiofenix.com.ar\/2023\/wp-json\/wp\/v2\/comments?post=191486"}],"version-history":[{"count":0,"href":"https:\/\/radiofenix.com.ar\/2023\/wp-json\/wp\/v2\/posts\/191486\/revisions"}],"wp:featuredmedia":[{"embeddable":true,"href":"https:\/\/radiofenix.com.ar\/2023\/wp-json\/wp\/v2\/media\/191487"}],"wp:attachment":[{"href":"https:\/\/radiofenix.com.ar\/2023\/wp-json\/wp\/v2\/media?parent=191486"}],"wp:term":[{"taxonomy":"category","embeddable":true,"href":"https:\/\/radiofenix.com.ar\/2023\/wp-json\/wp\/v2\/categories?post=191486"},{"taxonomy":"post_tag","embeddable":true,"href":"https:\/\/radiofenix.com.ar\/2023\/wp-json\/wp\/v2\/tags?post=191486"}],"curies":[{"name":"wp","href":"https:\/\/api.w.org\/{rel}","templated":true}]}}