{"id":191490,"date":"2023-11-15T19:27:43","date_gmt":"2023-11-15T19:27:43","guid":{"rendered":"https:\/\/radiofenix.com.ar\/2023\/canal-encuentro-estrena-aprender-sus-contenidos-adaptados-al-formato-podcast\/"},"modified":"2023-11-15T19:27:43","modified_gmt":"2023-11-15T19:27:43","slug":"canal-encuentro-estrena-aprender-sus-contenidos-adaptados-al-formato-podcast","status":"publish","type":"post","link":"https:\/\/radiofenix.com.ar\/2023\/canal-encuentro-estrena-aprender-sus-contenidos-adaptados-al-formato-podcast\/","title":{"rendered":"Canal Encuentro estrena Aprender+, sus contenidos adaptados al formato podcast"},"content":{"rendered":"<div>\n<figure class=\"mb-3\"><img decoding=\"async\" src=\"https:\/\/www.telam.com.ar\/thumbs\/bluesteel\/advf\/imagenes\/2013\/03\/51356e7d90575_1200.jpg\" class=\" lazy \" width=\"100%\" height=\"100%\" alt=\"Aprender traer temas vinculados a la agenda de actualidad\"\/><figcaption> Aprender+ traer\u00e1 temas vinculados a la agenda de actualidad. <\/figcaption><\/figure>\n<p> Aprender+, un podcast de la se\u00f1al p\u00fablica cultural y educativa Canal Encuentro en el que se adaptar\u00e1n al formato sonoro algunos de sus programas m\u00e1s emblem\u00e1ticos, podr\u00e1 escucharse a partir de este mi\u00e9rcoles a trav\u00e9s de la plataforma Spotify.<\/p>\n<p>Seg\u00fan se inform\u00f3 a trav\u00e9s de un comunicado, el estreno llegar\u00e1 con <strong>\u201cInteligencia artificial. Nada de lo humano nos es ajeno\u201d<\/strong> y <strong>\u201cLo justo. Detr\u00e1s de la ley\u201d,<\/strong> el primero de un cap\u00edtulo y el segundo de cuatro partes.<\/p>\n<p><strong>El actor y locutor Carlos Santamar\u00eda<\/strong> <strong>conducir\u00e1 todos los episodios,<\/strong> que son contenidos propios de Canal Encuentro adaptados al formato podcast con producci\u00f3n propia de realizadores, guionistas, contenidistas y productores y productoras de la se\u00f1al.<\/p>\n<p>Aprender+ traer\u00e1 temas vinculados a la agenda de actualidad \u201ccon la idea de sumar y profundizar el debate y la reflexi\u00f3n, adem\u00e1s de aprender temas de todo tipo: ciencia, tecnolog\u00eda, sociedad, cultura, biolog\u00eda, historia, entre otros\/as\u201d, se\u00f1alaron.<\/p>\n<p>El especial <a href=\"https:\/\/open.spotify.com\/show\/1EzVEMtPXmFqUtqCo5TKSm?si=_BuMzsi8S2OyAmLXM-g-Hg&amp;nd=1\" target=\"_blank\" rel=\"noopener\"><strong>\u201cInteligencia artificial<\/strong><\/a>\u2026\u201d, es una coproducci\u00f3n de Canal Encuentro y Tec TV que intentar\u00e1 dar con las claves de un tema que crece cada vez m\u00e1s en el presente y que posiblemente condicione el futuro.<\/p>\n<p>Por su parte, los cuatro cap\u00edtulos de <strong>\u201cLo justo. Detr\u00e1s de la ley\u201d <\/strong>aborda la historia, el lenguaje, las reglas, los espacios y a los protagonistas y las protagonistas del universo judicial. En cada cap\u00edtulo, a trav\u00e9s de un caso jur\u00eddico espec\u00edfico, se indaga sobre conceptos claves para entender mejor c\u00f3mo funciona la Justicia.<\/p>\n<p>Luego de estos estrenos, Aprender+ seguir\u00e1 con t\u00edtulos como \u201cImpulso sonoro. M\u00fasica y ciencias\u201d, \u201cTeatro abierto. Escenarios de resistencias\u201d y \u201cUn loco deseo de belleza. La traici\u00f3n de Manuel Puig\u201d. <\/p>\n<\/div>\n<p><script async defer crossorigin=\"anonymous\" src=\"https:\/\/connect.facebook.net\/es_LA\/sdk.js#xfbml=1&#038;version=v12.0\" nonce=\"SBlHQzIF\"><\/script><br \/><a href=\"https:\/\/www.telam.com.ar\/notas\/202311\/646528-canal-encuentro-aprender--contenidos-adaptados-formato-podcast.html\">source<\/a><\/p>\n","protected":false},"excerpt":{"rendered":"<p>Aprender+ traer\u00e1 temas vinculados a la agenda de actualidad. Aprender+, un podcast de la se\u00f1al&#8230;<\/p>\n","protected":false},"author":2,"featured_media":191491,"comment_status":"open","ping_status":"open","sticky":false,"template":"","format":"standard","meta":{"footnotes":""},"categories":[4],"tags":[],"class_list":["post-191490","post","type-post","status-publish","format-standard","has-post-thumbnail","hentry","category-espectaculos"],"featured_image_urls":{"full":["https:\/\/radiofenix.com.ar\/2023\/wp-content\/uploads\/2023\/11\/wp-header-logo-44.png",1023,682,false],"thumbnail":["https:\/\/radiofenix.com.ar\/2023\/wp-content\/uploads\/2023\/11\/wp-header-logo-44-150x150.png",150,150,true],"medium":["https:\/\/radiofenix.com.ar\/2023\/wp-content\/uploads\/2023\/11\/wp-header-logo-44-300x200.png",300,200,true],"medium_large":["https:\/\/radiofenix.com.ar\/2023\/wp-content\/uploads\/2023\/11\/wp-header-logo-44-768x512.png",640,427,true],"large":["https:\/\/radiofenix.com.ar\/2023\/wp-content\/uploads\/2023\/11\/wp-header-logo-44.png",640,427,false],"1536x1536":["https:\/\/radiofenix.com.ar\/2023\/wp-content\/uploads\/2023\/11\/wp-header-logo-44.png",1023,682,false],"2048x2048":["https:\/\/radiofenix.com.ar\/2023\/wp-content\/uploads\/2023\/11\/wp-header-logo-44.png",1023,682,false],"newsium-slider-full":["https:\/\/radiofenix.com.ar\/2023\/wp-content\/uploads\/2023\/11\/wp-header-logo-44.png",1023,682,false],"newsium-featured":["https:\/\/radiofenix.com.ar\/2023\/wp-content\/uploads\/2023\/11\/wp-header-logo-44.png",1023,682,false],"newsium-medium":["https:\/\/radiofenix.com.ar\/2023\/wp-content\/uploads\/2023\/11\/wp-header-logo-44-720x475.png",720,475,true]},"author_info":{"info":["c1500921"]},"category_info":"<a href=\"https:\/\/radiofenix.com.ar\/2023\/category\/espectaculos\/\" rel=\"category tag\">Espectaculos<\/a>","tag_info":"Espectaculos","comment_count":"0","_links":{"self":[{"href":"https:\/\/radiofenix.com.ar\/2023\/wp-json\/wp\/v2\/posts\/191490","targetHints":{"allow":["GET"]}}],"collection":[{"href":"https:\/\/radiofenix.com.ar\/2023\/wp-json\/wp\/v2\/posts"}],"about":[{"href":"https:\/\/radiofenix.com.ar\/2023\/wp-json\/wp\/v2\/types\/post"}],"author":[{"embeddable":true,"href":"https:\/\/radiofenix.com.ar\/2023\/wp-json\/wp\/v2\/users\/2"}],"replies":[{"embeddable":true,"href":"https:\/\/radiofenix.com.ar\/2023\/wp-json\/wp\/v2\/comments?post=191490"}],"version-history":[{"count":0,"href":"https:\/\/radiofenix.com.ar\/2023\/wp-json\/wp\/v2\/posts\/191490\/revisions"}],"wp:featuredmedia":[{"embeddable":true,"href":"https:\/\/radiofenix.com.ar\/2023\/wp-json\/wp\/v2\/media\/191491"}],"wp:attachment":[{"href":"https:\/\/radiofenix.com.ar\/2023\/wp-json\/wp\/v2\/media?parent=191490"}],"wp:term":[{"taxonomy":"category","embeddable":true,"href":"https:\/\/radiofenix.com.ar\/2023\/wp-json\/wp\/v2\/categories?post=191490"},{"taxonomy":"post_tag","embeddable":true,"href":"https:\/\/radiofenix.com.ar\/2023\/wp-json\/wp\/v2\/tags?post=191490"}],"curies":[{"name":"wp","href":"https:\/\/api.w.org\/{rel}","templated":true}]}}