{"id":191492,"date":"2023-11-15T19:27:45","date_gmt":"2023-11-15T19:27:45","guid":{"rendered":"https:\/\/radiofenix.com.ar\/2023\/david-guetta-vuelve-a-buenos-aires-y-el-6-de-enero-se-presentara-en-el-movistar-arena\/"},"modified":"2023-11-15T19:27:45","modified_gmt":"2023-11-15T19:27:45","slug":"david-guetta-vuelve-a-buenos-aires-y-el-6-de-enero-se-presentara-en-el-movistar-arena","status":"publish","type":"post","link":"https:\/\/radiofenix.com.ar\/2023\/david-guetta-vuelve-a-buenos-aires-y-el-6-de-enero-se-presentara-en-el-movistar-arena\/","title":{"rendered":"David Guetta vuelve a Buenos Aires y el 6 de enero se presentar\u00e1 en el Movistar Arena"},"content":{"rendered":"<div>\n<figure class=\"mb-3\"><img decoding=\"async\" src=\"https:\/\/www.telam.com.ar\/thumbs\/bluesteel\/advf\/imagenes\/2023\/01\/63b9c131c4604_1200.jpg\" class=\" lazy \" width=\"100%\" height=\"100%\" alt=\"Foto Prensa\"\/><figcaption> Foto: Prensa. <\/figcaption><\/figure>\n<p> A un a\u00f1o de su \u00faltimo show en el <strong>Movistar Arena<\/strong>, el DJ, compositor y productor franc\u00e9s <strong>David Guetta <\/strong>regresar\u00e1 a ese estadio del barrio porte\u00f1o de Villa Crespo el s\u00e1bado<strong> 6 de enero<\/strong> pr\u00f3ximo, cuando repasar\u00e1 el repertorio de grandes \u00e9xitos que lo llevaron a consolidarse como una de las figuras m\u00e1s reconocidas de la m\u00fasica electr\u00f3nica a nivel internacional.<\/p>\n<p>Due\u00f1o de una trayectoria en la industria que ya acumula m\u00e1s de dos d\u00e9cadas sobre los escenarios, y que produjo hits como \u00abWhen Love Takes Over\u00bb, \u00abMemories\u00bb o \u00abTitanium\u00bb, <strong>Guetta<\/strong> se reencontrar\u00e1 con el p\u00fablico local d\u00edas despu\u00e9s de una parada playera en la ciudad uruguaya de Punta del Este.<\/p>\n<p>El m\u00fasico de <strong>56 a\u00f1os<\/strong> viene de un 2023 en el que estren\u00f3 el bailable single \u00abBaby Don&#8217;t Hurt Me\u00bb, junto a las cantantes de pop Anne-Marie y Coi Leray, como seguimiento de su exitoso \u00abI&#8217;m Good (Blue)\u00bb, track con la participaci\u00f3n de Bebe Rexha que sample\u00f3 el megapopular single de 1998 \u00abBlue (Da Ba Dee)\u00bb del grupo italiano Eiffel 65 y que obtuvo nominaciones en los <strong>Grammy<\/strong> y los <strong>MTV Europe Music Awards.<\/strong><\/p>\n<p><figure class=\"mb-3\"><img decoding=\"async\" src=\"https:\/\/www.telam.com.ar\/thumbs\/bluesteel\/advf\/imagenes\/2020\/05\/5ece6aaf73a55_1200.jpg\" class=\" lazy \" width=\"100%\" height=\"100%\" alt=\"Foto Prensa\"\/><figcaption> Foto: Prensa. <\/figcaption><\/figure>\n<p><br open=\"\"\/> Con m\u00e1s de 50 millones de \u00e1lbumes vendidos, m\u00faltiples galardones y certificaciones discogr\u00e1ficas de oro y platino, el franc\u00e9s sum\u00f3 un lanzamiento m\u00e1s en las \u00faltimas semanas con una nueva versi\u00f3n de la mencionada \u00abI&#8217;m Good\u00bb, esta vez con las voces de la brasile\u00f1a Ludmilla y el rapero argentino Lit Killah.<\/p>\n<p>Adem\u00e1s, en la actualidad <strong>Guetta<\/strong> contin\u00faa trabajando junto a su colega dan\u00e9s Morten en su proyecto colaborativo y under Future Rave, con el que buscan explorar y desarrollar un nuevo g\u00e9nero dentro del estilo electr\u00f3nico y del que ya naci\u00f3 un sencillo, \u00abSomething To Hold On To\u00bb.<\/p>\n<blockquote class=\"twitter-tweet\">\n<p lang=\"en\" dir=\"ltr\">FINALLY!!! So happy to release \u2018Big FU\u2019 with <a href=\"https:\/\/twitter.com\/ayrastarr?ref_src=twsrc%5Etfw\">@ayrastarr<\/a> and <a href=\"https:\/\/twitter.com\/lildurk?ref_src=twsrc%5Etfw\">@lildurk<\/a> today &#x1f525;&#x1f525;&#x1f525; <a href=\"https:\/\/t.co\/JNVDYqYFjg\">pic.twitter.com\/JNVDYqYFjg<\/a><\/p>\n<p>\u2014 David Guetta (@davidguetta) <a href=\"https:\/\/twitter.com\/davidguetta\/status\/1717974413495222457?ref_src=twsrc%5Etfw\">October 27, 2023<\/a><\/p><\/blockquote>\n<p> <br open=\"\"\/> La preventa exclusiva de las entradas para el show comenzar\u00e1 este viernes 17 de noviembre a las 10 a trav\u00e9s del sitio <strong>www.movistararena.com.ar<\/strong>, donde a partir del d\u00eda siguiente estar\u00e1n disponibles para la venta general.<\/div>\n<p><script async src=\"\/\/platform.twitter.com\/widgets.js\" charset=\"utf-8\"><\/script><script async defer crossorigin=\"anonymous\" src=\"https:\/\/connect.facebook.net\/es_LA\/sdk.js#xfbml=1&#038;version=v12.0\" nonce=\"SBlHQzIF\"><\/script><br \/><a href=\"https:\/\/www.telam.com.ar\/notas\/202311\/646525-david-guetta-vuelve-a-buenos-aires-y-el-6-de-enero-se-presentara-en-el-movistar-arena.html\">source<\/a><\/p>\n","protected":false},"excerpt":{"rendered":"<p>Foto: Prensa. A un a\u00f1o de su \u00faltimo show en el Movistar Arena, el DJ,&#8230;<\/p>\n","protected":false},"author":2,"featured_media":191493,"comment_status":"open","ping_status":"open","sticky":false,"template":"","format":"standard","meta":{"footnotes":""},"categories":[4],"tags":[],"class_list":["post-191492","post","type-post","status-publish","format-standard","has-post-thumbnail","hentry","category-espectaculos"],"featured_image_urls":{"full":["https:\/\/radiofenix.com.ar\/2023\/wp-content\/uploads\/2023\/11\/wp-header-logo-45.png",892,501,false],"thumbnail":["https:\/\/radiofenix.com.ar\/2023\/wp-content\/uploads\/2023\/11\/wp-header-logo-45-150x150.png",150,150,true],"medium":["https:\/\/radiofenix.com.ar\/2023\/wp-content\/uploads\/2023\/11\/wp-header-logo-45-300x168.png",300,168,true],"medium_large":["https:\/\/radiofenix.com.ar\/2023\/wp-content\/uploads\/2023\/11\/wp-header-logo-45-768x431.png",640,359,true],"large":["https:\/\/radiofenix.com.ar\/2023\/wp-content\/uploads\/2023\/11\/wp-header-logo-45.png",640,359,false],"1536x1536":["https:\/\/radiofenix.com.ar\/2023\/wp-content\/uploads\/2023\/11\/wp-header-logo-45.png",892,501,false],"2048x2048":["https:\/\/radiofenix.com.ar\/2023\/wp-content\/uploads\/2023\/11\/wp-header-logo-45.png",892,501,false],"newsium-slider-full":["https:\/\/radiofenix.com.ar\/2023\/wp-content\/uploads\/2023\/11\/wp-header-logo-45.png",892,501,false],"newsium-featured":["https:\/\/radiofenix.com.ar\/2023\/wp-content\/uploads\/2023\/11\/wp-header-logo-45.png",892,501,false],"newsium-medium":["https:\/\/radiofenix.com.ar\/2023\/wp-content\/uploads\/2023\/11\/wp-header-logo-45-720x475.png",720,475,true]},"author_info":{"info":["c1500921"]},"category_info":"<a href=\"https:\/\/radiofenix.com.ar\/2023\/category\/espectaculos\/\" rel=\"category tag\">Espectaculos<\/a>","tag_info":"Espectaculos","comment_count":"0","_links":{"self":[{"href":"https:\/\/radiofenix.com.ar\/2023\/wp-json\/wp\/v2\/posts\/191492","targetHints":{"allow":["GET"]}}],"collection":[{"href":"https:\/\/radiofenix.com.ar\/2023\/wp-json\/wp\/v2\/posts"}],"about":[{"href":"https:\/\/radiofenix.com.ar\/2023\/wp-json\/wp\/v2\/types\/post"}],"author":[{"embeddable":true,"href":"https:\/\/radiofenix.com.ar\/2023\/wp-json\/wp\/v2\/users\/2"}],"replies":[{"embeddable":true,"href":"https:\/\/radiofenix.com.ar\/2023\/wp-json\/wp\/v2\/comments?post=191492"}],"version-history":[{"count":0,"href":"https:\/\/radiofenix.com.ar\/2023\/wp-json\/wp\/v2\/posts\/191492\/revisions"}],"wp:featuredmedia":[{"embeddable":true,"href":"https:\/\/radiofenix.com.ar\/2023\/wp-json\/wp\/v2\/media\/191493"}],"wp:attachment":[{"href":"https:\/\/radiofenix.com.ar\/2023\/wp-json\/wp\/v2\/media?parent=191492"}],"wp:term":[{"taxonomy":"category","embeddable":true,"href":"https:\/\/radiofenix.com.ar\/2023\/wp-json\/wp\/v2\/categories?post=191492"},{"taxonomy":"post_tag","embeddable":true,"href":"https:\/\/radiofenix.com.ar\/2023\/wp-json\/wp\/v2\/tags?post=191492"}],"curies":[{"name":"wp","href":"https:\/\/api.w.org\/{rel}","templated":true}]}}