{"id":191498,"date":"2023-11-15T19:28:06","date_gmt":"2023-11-15T19:28:06","guid":{"rendered":"https:\/\/radiofenix.com.ar\/2023\/ricardo-darin-sera-el-narrador-de-elijo-creer-la-pelicula-de-la-afa-sobre-qatar-2022\/"},"modified":"2023-11-15T19:28:06","modified_gmt":"2023-11-15T19:28:06","slug":"ricardo-darin-sera-el-narrador-de-elijo-creer-la-pelicula-de-la-afa-sobre-qatar-2022","status":"publish","type":"post","link":"https:\/\/radiofenix.com.ar\/2023\/ricardo-darin-sera-el-narrador-de-elijo-creer-la-pelicula-de-la-afa-sobre-qatar-2022\/","title":{"rendered":"Ricardo Dar\u00edn ser\u00e1 el narrador de &quot;Elijo creer&quot;, la pel\u00edcula de la AFA sobre Qatar 2022"},"content":{"rendered":"<div>\n<figure class=\"mb-3\"><img decoding=\"async\" src=\"https:\/\/www.telam.com.ar\/thumbs\/bluesteel\/advf\/imagenes\/2023\/11\/6553b203a7e82_1200.jpg\" class=\" lazy \" width=\"100%\" height=\"100%\" alt=\"Darn autografiando una camiseta de la seleccin Foto prensa\"\/><figcaption> Dar\u00edn, autografiando una camiseta de la selecci\u00f3n. (Foto prensa) <\/figcaption><\/figure>\n<p> La producci\u00f3n de <strong>\u00abElijo creer\u00bb<\/strong>, la pel\u00edcula oficial de la AFA que estrenar\u00e1 en salas locales el pr\u00f3ximo 7 de diciembre, dio a conocer que <strong>Ricardo Dar\u00edn<\/strong> ser\u00e1 el narrador del documental que reconstruir\u00e1 el camino y las experiencias de la Selecci\u00f3n de futbol de la Argentina en Qatar, donde en diciembre del a\u00f1o pasado <strong>obtuvo su tercera Copa del Mundo.<\/strong><\/p>\n<p>Dar\u00edn ser\u00e1 el encargado de poner su voz para un relato cargado de \u00e9pica y dramatismo que buscar\u00e1 rememorar la obtenci\u00f3n de aquel ansiad\u00edsimo y conmocionante t\u00edtulo futbol\u00edstico para el pa\u00eds, a trav\u00e9s de testimonios \u00edntimos de sus protagonistas y un repaso de los detalles de la gesta mundialista.<\/p>\n<p>En ese sentido, <strong>\u00abElijo creer\u00bb, producida por Gonzalo Arias y Mariano Suez con guion de Mart\u00edn M\u00e9ndez<\/strong>, se perfila como un homenaje a la tenacidad y la dedicaci\u00f3n de todos los miembros del seleccionado nacional que capture asimismo la caracter\u00edstica pasi\u00f3n local por este deporte y sus representantes a nivel global.<\/p>\n<p>La pel\u00edcula fue anunciada a mediados de octubre pasado por <strong>el presidente de la AFA, Claudio \u00abChiqui\u00bb Tapia<\/strong>, quien en conferencia de prensa asegur\u00f3: \u00abA todos nos emociona volver a vivir eso, el momento m\u00e1s feliz de todos los argentinos y argentinas\u00bb.<\/p>\n<p>En esa ocasi\u00f3n se mostraron algunas im\u00e1genes de adelanto del documental, con los segundos previos al penal de Gonzalo Montiel, que le dio a la albiceleste la Copa del Mundo en su final contra Francia, as\u00ed como palabras de Nicol\u00e1s Otamendi, Rodrigo De Paul, \u00c1ngel Di Mar\u00eda y el propio Tapia, y<strong> la postal inolvidable de Lionel Messi con el codiciado trofeo entre manos.<\/strong> <\/p>\n<\/div>\n<p><script async defer crossorigin=\"anonymous\" src=\"https:\/\/connect.facebook.net\/es_LA\/sdk.js#xfbml=1&#038;version=v12.0\" nonce=\"SBlHQzIF\"><\/script><br \/><a href=\"https:\/\/www.telam.com.ar\/notas\/202311\/646470-qatar-2022-ricardo-darin-elijo-creer-pelicula.html\">source<\/a><\/p>\n","protected":false},"excerpt":{"rendered":"<p>Dar\u00edn, autografiando una camiseta de la selecci\u00f3n. (Foto prensa) La producci\u00f3n de \u00abElijo creer\u00bb, la&#8230;<\/p>\n","protected":false},"author":2,"featured_media":191499,"comment_status":"open","ping_status":"open","sticky":false,"template":"","format":"standard","meta":{"footnotes":""},"categories":[4],"tags":[],"class_list":["post-191498","post","type-post","status-publish","format-standard","has-post-thumbnail","hentry","category-espectaculos"],"featured_image_urls":{"full":["https:\/\/radiofenix.com.ar\/2023\/wp-content\/uploads\/2023\/11\/wp-header-logo-48.png",1200,675,false],"thumbnail":["https:\/\/radiofenix.com.ar\/2023\/wp-content\/uploads\/2023\/11\/wp-header-logo-48-150x150.png",150,150,true],"medium":["https:\/\/radiofenix.com.ar\/2023\/wp-content\/uploads\/2023\/11\/wp-header-logo-48-300x169.png",300,169,true],"medium_large":["https:\/\/radiofenix.com.ar\/2023\/wp-content\/uploads\/2023\/11\/wp-header-logo-48-768x432.png",640,360,true],"large":["https:\/\/radiofenix.com.ar\/2023\/wp-content\/uploads\/2023\/11\/wp-header-logo-48-1024x576.png",640,360,true],"1536x1536":["https:\/\/radiofenix.com.ar\/2023\/wp-content\/uploads\/2023\/11\/wp-header-logo-48.png",1200,675,false],"2048x2048":["https:\/\/radiofenix.com.ar\/2023\/wp-content\/uploads\/2023\/11\/wp-header-logo-48.png",1200,675,false],"newsium-slider-full":["https:\/\/radiofenix.com.ar\/2023\/wp-content\/uploads\/2023\/11\/wp-header-logo-48.png",1200,675,false],"newsium-featured":["https:\/\/radiofenix.com.ar\/2023\/wp-content\/uploads\/2023\/11\/wp-header-logo-48-1024x576.png",1024,576,true],"newsium-medium":["https:\/\/radiofenix.com.ar\/2023\/wp-content\/uploads\/2023\/11\/wp-header-logo-48-720x475.png",720,475,true]},"author_info":{"info":["c1500921"]},"category_info":"<a href=\"https:\/\/radiofenix.com.ar\/2023\/category\/espectaculos\/\" rel=\"category tag\">Espectaculos<\/a>","tag_info":"Espectaculos","comment_count":"0","_links":{"self":[{"href":"https:\/\/radiofenix.com.ar\/2023\/wp-json\/wp\/v2\/posts\/191498","targetHints":{"allow":["GET"]}}],"collection":[{"href":"https:\/\/radiofenix.com.ar\/2023\/wp-json\/wp\/v2\/posts"}],"about":[{"href":"https:\/\/radiofenix.com.ar\/2023\/wp-json\/wp\/v2\/types\/post"}],"author":[{"embeddable":true,"href":"https:\/\/radiofenix.com.ar\/2023\/wp-json\/wp\/v2\/users\/2"}],"replies":[{"embeddable":true,"href":"https:\/\/radiofenix.com.ar\/2023\/wp-json\/wp\/v2\/comments?post=191498"}],"version-history":[{"count":0,"href":"https:\/\/radiofenix.com.ar\/2023\/wp-json\/wp\/v2\/posts\/191498\/revisions"}],"wp:featuredmedia":[{"embeddable":true,"href":"https:\/\/radiofenix.com.ar\/2023\/wp-json\/wp\/v2\/media\/191499"}],"wp:attachment":[{"href":"https:\/\/radiofenix.com.ar\/2023\/wp-json\/wp\/v2\/media?parent=191498"}],"wp:term":[{"taxonomy":"category","embeddable":true,"href":"https:\/\/radiofenix.com.ar\/2023\/wp-json\/wp\/v2\/categories?post=191498"},{"taxonomy":"post_tag","embeddable":true,"href":"https:\/\/radiofenix.com.ar\/2023\/wp-json\/wp\/v2\/tags?post=191498"}],"curies":[{"name":"wp","href":"https:\/\/api.w.org\/{rel}","templated":true}]}}