{"id":191543,"date":"2023-11-16T08:57:19","date_gmt":"2023-11-16T08:57:19","guid":{"rendered":"https:\/\/radiofenix.com.ar\/2023\/el-argentino-ugo-carabelli-avanzo-a-cuartos-en-el-challenger-de-tenis-de-montevideo\/"},"modified":"2023-11-16T08:57:19","modified_gmt":"2023-11-16T08:57:19","slug":"el-argentino-ugo-carabelli-avanzo-a-cuartos-en-el-challenger-de-tenis-de-montevideo","status":"publish","type":"post","link":"https:\/\/radiofenix.com.ar\/2023\/el-argentino-ugo-carabelli-avanzo-a-cuartos-en-el-challenger-de-tenis-de-montevideo\/","title":{"rendered":"El argentino Ugo Carabelli avanz\u00f3 a cuartos en el Challenger de tenis de Montevideo"},"content":{"rendered":"<div>\n<figure class=\"mb-3\"><img decoding=\"async\" src=\"https:\/\/www.telam.com.ar\/thumbs\/bluesteel\/advf\/imagenes\/2023\/02\/63ed81ce62298_1200.jpg\" class=\" lazy \" width=\"100%\" height=\"100%\" alt=\"Camilo Ugo Carabelli forma parte del grupo de argentinos que disputan el Challenger de Montevideo Foto Alfredo Luna\"\/><figcaption> Camilo Ugo Carabelli forma parte del grupo de argentinos que disputan el Challenger de Montevideo. Foto Alfredo Luna. <\/figcaption><\/figure>\n<p> El argentino <strong>Camilo Ugo Carabelli<\/strong> avanz\u00f3 esta tarde a los cuartos de final del <strong>Challenger de tenis de Montevideo<\/strong>, en Uruguay, al vencer al sueco <strong>Elias Ymer<\/strong> por 6-2, 6-7 (6-8) y 6-1, en una jornada en la que quedaron eliminados el pilarense <strong>Santiago Rodr\u00edguez Taverna<\/strong> y el rosarino <strong>Renzo Olivo<\/strong>.<\/p>\n<p>El porte\u00f1o Camilo Ugo Carabelli, ubicado en el puesto 144 del ranking mundial de la ATP, super\u00f3 al sueco El\u00edas Ymer (157), luego de 2 horas y 43 minutos de juego.<\/p>\n<p>Ugo Carabelli se medir\u00e1 en los cuartos de final ante el brasile\u00f1o <strong>Thiago Monteiro<\/strong> (127), quien derrot\u00f3 previamente al pilarense Santiago Rodr\u00edguez Taverna (253), tras 1 hora y 40 minutos de contienda.<\/p>\n<p>Por su parte, el rosarino Olivo (283) perdi\u00f3 frente al boliviano Hugo Dellien (111) por 7-5, 6-3 y 6-4, al cabo de 2 horas y 36 minutos de enfrentamiento.<\/p>\n<p>Dellien confrontar\u00e1 en la siguiente ronda ante el vencedor del cruce entre el estadounidense nacionalizado argentino <strong>Andrea Collarini<\/strong> (226) y el chileno <strong>Tom\u00e1s Barrios Vera<\/strong> (105), quienes se enfrentaban m\u00e1s tarde en el \u00faltimo match de la jornada.<\/p>\n<h2 class=\"\">Otros tres tenistas argentinos contin\u00faan en carrera<\/h2>\n<p><strong>Facundo Bagnis, Facundo D\u00edaz Acosta y Rom\u00e1n Andr\u00e9s Burruchaga<\/strong>, tambi\u00e9n se instalaron en los octavos de final y volver\u00e1n a presentarse este jueves en el torneo que se desarrolla en las instalaciones del Carrasco Lawn Tennis Club, en Montevideo, sobre canchas de superficie de polvo de ladrillo y con un total de premios por 130.000 d\u00f3lares.<\/p>\n<p>El santafesino Bagnis (198) se enfrentar\u00e1 ante el italiano Edoardo Lavagno (243) y, de pasarlo, le tocar\u00e1 en loscuartos de final el neerland\u00e9s Max Houkes (358) o el brasile\u00f1o Gustavo Heide (248).<\/p>\n<p>D\u00edaz Acosta (106) se medir\u00e1 contra el brasile\u00f1o Pedro Sakamoto (414) y, de superarlo, jugar\u00e1 despu\u00e9s ante Burruchaga (225) o el ecuatoriano Alvaro Guill\u00e9n Meza (339).<\/p>\n<p>El Challenger de Montevideo tuvo a lo largo de su historia a varios campeones argentinos, los m\u00e1s salientes fueron Guillermo Coria (2000), David Nalbandian (2001), Juan Mart\u00edn Del Potro (2005), Guillermo Ca\u00f1as (2006), Guido Pella (2015 y 2018), Horacio Zeballos (2012) y Diego Schwartzman (2016).<\/p>\n<p>El campe\u00f3n de la edici\u00f3n de 2022 tambi\u00e9n fue un argentino, Genaro Olivieri.<\/p>\n<\/div>\n<p><script async defer crossorigin=\"anonymous\" src=\"https:\/\/connect.facebook.net\/es_LA\/sdk.js#xfbml=1&#038;version=v12.0\" nonce=\"SBlHQzIF\"><\/script><br \/><a href=\"https:\/\/www.telam.com.ar\/notas\/202311\/646547-tenis-challenger-montevideo.html\">source<\/a><\/p>\n","protected":false},"excerpt":{"rendered":"<p>Camilo Ugo Carabelli forma parte del grupo de argentinos que disputan el Challenger de Montevideo&#8230;.<\/p>\n","protected":false},"author":0,"featured_media":191544,"comment_status":"open","ping_status":"open","sticky":false,"template":"","format":"standard","meta":{"footnotes":""},"categories":[3],"tags":[],"class_list":["post-191543","post","type-post","status-publish","format-standard","has-post-thumbnail","hentry","category-deportes"],"featured_image_urls":{"full":["https:\/\/radiofenix.com.ar\/2023\/wp-content\/uploads\/2023\/11\/wp-header-logo-50.png",1200,675,false],"thumbnail":["https:\/\/radiofenix.com.ar\/2023\/wp-content\/uploads\/2023\/11\/wp-header-logo-50-150x150.png",150,150,true],"medium":["https:\/\/radiofenix.com.ar\/2023\/wp-content\/uploads\/2023\/11\/wp-header-logo-50-300x169.png",300,169,true],"medium_large":["https:\/\/radiofenix.com.ar\/2023\/wp-content\/uploads\/2023\/11\/wp-header-logo-50-768x432.png",640,360,true],"large":["https:\/\/radiofenix.com.ar\/2023\/wp-content\/uploads\/2023\/11\/wp-header-logo-50-1024x576.png",640,360,true],"1536x1536":["https:\/\/radiofenix.com.ar\/2023\/wp-content\/uploads\/2023\/11\/wp-header-logo-50.png",1200,675,false],"2048x2048":["https:\/\/radiofenix.com.ar\/2023\/wp-content\/uploads\/2023\/11\/wp-header-logo-50.png",1200,675,false],"newsium-slider-full":["https:\/\/radiofenix.com.ar\/2023\/wp-content\/uploads\/2023\/11\/wp-header-logo-50.png",1200,675,false],"newsium-featured":["https:\/\/radiofenix.com.ar\/2023\/wp-content\/uploads\/2023\/11\/wp-header-logo-50-1024x576.png",1024,576,true],"newsium-medium":["https:\/\/radiofenix.com.ar\/2023\/wp-content\/uploads\/2023\/11\/wp-header-logo-50-720x475.png",720,475,true]},"author_info":{"info":[""]},"category_info":"<a href=\"https:\/\/radiofenix.com.ar\/2023\/category\/deportes\/\" rel=\"category tag\">Deportes<\/a>","tag_info":"Deportes","comment_count":"0","_links":{"self":[{"href":"https:\/\/radiofenix.com.ar\/2023\/wp-json\/wp\/v2\/posts\/191543","targetHints":{"allow":["GET"]}}],"collection":[{"href":"https:\/\/radiofenix.com.ar\/2023\/wp-json\/wp\/v2\/posts"}],"about":[{"href":"https:\/\/radiofenix.com.ar\/2023\/wp-json\/wp\/v2\/types\/post"}],"replies":[{"embeddable":true,"href":"https:\/\/radiofenix.com.ar\/2023\/wp-json\/wp\/v2\/comments?post=191543"}],"version-history":[{"count":0,"href":"https:\/\/radiofenix.com.ar\/2023\/wp-json\/wp\/v2\/posts\/191543\/revisions"}],"wp:featuredmedia":[{"embeddable":true,"href":"https:\/\/radiofenix.com.ar\/2023\/wp-json\/wp\/v2\/media\/191544"}],"wp:attachment":[{"href":"https:\/\/radiofenix.com.ar\/2023\/wp-json\/wp\/v2\/media?parent=191543"}],"wp:term":[{"taxonomy":"category","embeddable":true,"href":"https:\/\/radiofenix.com.ar\/2023\/wp-json\/wp\/v2\/categories?post=191543"},{"taxonomy":"post_tag","embeddable":true,"href":"https:\/\/radiofenix.com.ar\/2023\/wp-json\/wp\/v2\/tags?post=191543"}],"curies":[{"name":"wp","href":"https:\/\/api.w.org\/{rel}","templated":true}]}}