{"id":191545,"date":"2023-11-16T08:57:21","date_gmt":"2023-11-16T08:57:21","guid":{"rendered":"https:\/\/radiofenix.com.ar\/2023\/italia-un-nuevo-paro-general-genero-malestar-entre-el-gobierno-y-sindicalistas\/"},"modified":"2023-11-16T08:57:21","modified_gmt":"2023-11-16T08:57:21","slug":"italia-un-nuevo-paro-general-genero-malestar-entre-el-gobierno-y-sindicalistas","status":"publish","type":"post","link":"https:\/\/radiofenix.com.ar\/2023\/italia-un-nuevo-paro-general-genero-malestar-entre-el-gobierno-y-sindicalistas\/","title":{"rendered":"Italia: un nuevo paro general gener\u00f3 malestar entre el gobierno y sindicalistas"},"content":{"rendered":"<div>\n<figure class=\"mb-3\"><img decoding=\"async\" src=\"https:\/\/www.telam.com.ar\/thumbs\/bluesteel\/advf\/imagenes\/editadas\/5c6a99050f55b_1200.jpg\" class=\" lazy \" width=\"100%\" height=\"100%\" alt=\"Matteo Salvini vicepremier y ministro de Transporte\"\/><figcaption> Matteo Salvini, vicepremier y ministro de Transporte. <\/figcaption><\/figure>\n<p> La tensi\u00f3n entre sindicatos italianos y miembros del Gobierno que encabeza la premier Giorgia Meloni creci\u00f3 este martes en la previa de <strong>un nuevo paro general convocado para el viernes pr\u00f3ximo<\/strong>, en medio de reclamos del Ejecutivo a los gremios de que haya fases garantizadas de movilidad en toda la pen\u00ednsula.<\/p>\n<p><strong>\u00abEs santo el derecho de paro, pero no se puede inmovilizar al pa\u00eds por 24 horas\u00bb, plante\u00f3 el vicepremier y ministro de Transporte Matteo Salvini<\/strong> en declaraciones radiales sobre el cese de actividades convocado por los sindicatos CGIL y UIL para sectores como transporte de pasajeros y educaci\u00f3n.<\/p>\n<p>\u00abO hacen marcha atr\u00e1s o deber\u00e9 intervenir\u00bb, agreg\u00f3 Salvini, que amenaz\u00f3 as\u00ed con usar la denominada \u00abprecepto\u00bb, una figura administrativa del Gobierno para fijar por decreto los l\u00edmites horarios de un paro en sectores que considere esenciales.<\/p>\n<p>Desde la CGIL, <strong>el secretario general del sindicato, Maurizio Landini<\/strong>, ratific\u00f3 la vigencia del paro por 24 horas y sostuvo este martes que \u00abtodos deben tener respeto: cuando un trabajador decide unirse a una huelga declarada pierde dinero, no le pagan durante todo el d\u00eda\u00bb.<\/p>\n<p><figure class=\"mb-3\"><img decoding=\"async\" src=\"https:\/\/www.telam.com.ar\/thumbs\/bluesteel\/advf\/imagenes\/2023\/11\/6553526e60c66_1200.jpg\" class=\" lazy \" width=\"100%\" height=\"100%\" alt=\"El paro afecta al transporte pblico Foto AFP\"\/><figcaption> El paro afecta al transporte p\u00fablico. Foto: AFP <\/figcaption><\/figure>\n<p>Mientras tanto, la Comisi\u00f3n de Garant\u00edas, un organismo bajo control parlamentario para la regulaci\u00f3n de las protestas, consider\u00f3 que \u00abno est\u00e1n dadas las condiciones\u00bb para la declaraci\u00f3n de un paro general ya que no se alcanza un n\u00famero sustancial de actividades en la protesta.<\/p>\n<p>Para CGIL y UIL, en tanto, la postura del ente oficial \u00abpone en discusi\u00f3n el efectivo cumplimiento del derecho de paro garantizado por la Constituci\u00f3n\u00bb.<\/p>\n<p>A trav\u00e9s de un comunicado,<strong> los sindicatos anunciaron que si bien se mantiene la medida de fuerza para los transportes de pasajeros urbanos, incluidos taxis y remises, quedar\u00e1n excluidos los aviones y el personal aeroportuario de tierra<\/strong>, adem\u00e1s de la ratificaci\u00f3n del funcionamiento de los cuerpos de bomberos de 9 a 13.<\/p>\n<p>El pasado lunes, <strong>Salvini hab\u00eda acusado a Landini de buscarse \u00abun fin de semana largo\u00bb<\/strong>, mientras el l\u00edder sindical plante\u00f3 que el vicepremier \u00abno trabaj\u00f3 nunca\u00bb y ratific\u00f3 sus cr\u00edticas al rumbo econ\u00f3mico del Gobierno.<\/p>\n<p>El paro del viernes busca ser el primer paso de una protesta que involucrar\u00e1 a diversas regiones del pa\u00eds hasta diciembre con la que los sindicatos reclaman \u00absubir los salarios\u00bb y medidas para trabajadores, jubilados y j\u00f3venes. <\/p>\n<\/div>\n<p><script async defer crossorigin=\"anonymous\" src=\"https:\/\/connect.facebook.net\/es_LA\/sdk.js#xfbml=1&#038;version=v12.0\" nonce=\"SBlHQzIF\"><\/script><br \/><a href=\"https:\/\/www.telam.com.ar\/notas\/202311\/646406-italia-un-nuevo-paro-general-genero-malestar-entre-el-gobierno-y-sindicalistas.html\">source<\/a><\/p>\n","protected":false},"excerpt":{"rendered":"<p>Matteo Salvini, vicepremier y ministro de Transporte. La tensi\u00f3n entre sindicatos italianos y miembros del&#8230;<\/p>\n","protected":false},"author":0,"featured_media":191546,"comment_status":"open","ping_status":"open","sticky":false,"template":"","format":"standard","meta":{"footnotes":""},"categories":[60],"tags":[],"class_list":["post-191545","post","type-post","status-publish","format-standard","has-post-thumbnail","hentry","category-internacional"],"featured_image_urls":{"full":["https:\/\/radiofenix.com.ar\/2023\/wp-content\/uploads\/2023\/11\/wp-header-logo-51.png",900,506,false],"thumbnail":["https:\/\/radiofenix.com.ar\/2023\/wp-content\/uploads\/2023\/11\/wp-header-logo-51-150x150.png",150,150,true],"medium":["https:\/\/radiofenix.com.ar\/2023\/wp-content\/uploads\/2023\/11\/wp-header-logo-51-300x169.png",300,169,true],"medium_large":["https:\/\/radiofenix.com.ar\/2023\/wp-content\/uploads\/2023\/11\/wp-header-logo-51-768x432.png",640,360,true],"large":["https:\/\/radiofenix.com.ar\/2023\/wp-content\/uploads\/2023\/11\/wp-header-logo-51.png",640,360,false],"1536x1536":["https:\/\/radiofenix.com.ar\/2023\/wp-content\/uploads\/2023\/11\/wp-header-logo-51.png",900,506,false],"2048x2048":["https:\/\/radiofenix.com.ar\/2023\/wp-content\/uploads\/2023\/11\/wp-header-logo-51.png",900,506,false],"newsium-slider-full":["https:\/\/radiofenix.com.ar\/2023\/wp-content\/uploads\/2023\/11\/wp-header-logo-51.png",900,506,false],"newsium-featured":["https:\/\/radiofenix.com.ar\/2023\/wp-content\/uploads\/2023\/11\/wp-header-logo-51.png",900,506,false],"newsium-medium":["https:\/\/radiofenix.com.ar\/2023\/wp-content\/uploads\/2023\/11\/wp-header-logo-51-720x475.png",720,475,true]},"author_info":{"info":[""]},"category_info":"<a href=\"https:\/\/radiofenix.com.ar\/2023\/category\/internacional\/\" rel=\"category tag\">Internacional<\/a>","tag_info":"Internacional","comment_count":"0","_links":{"self":[{"href":"https:\/\/radiofenix.com.ar\/2023\/wp-json\/wp\/v2\/posts\/191545","targetHints":{"allow":["GET"]}}],"collection":[{"href":"https:\/\/radiofenix.com.ar\/2023\/wp-json\/wp\/v2\/posts"}],"about":[{"href":"https:\/\/radiofenix.com.ar\/2023\/wp-json\/wp\/v2\/types\/post"}],"replies":[{"embeddable":true,"href":"https:\/\/radiofenix.com.ar\/2023\/wp-json\/wp\/v2\/comments?post=191545"}],"version-history":[{"count":0,"href":"https:\/\/radiofenix.com.ar\/2023\/wp-json\/wp\/v2\/posts\/191545\/revisions"}],"wp:featuredmedia":[{"embeddable":true,"href":"https:\/\/radiofenix.com.ar\/2023\/wp-json\/wp\/v2\/media\/191546"}],"wp:attachment":[{"href":"https:\/\/radiofenix.com.ar\/2023\/wp-json\/wp\/v2\/media?parent=191545"}],"wp:term":[{"taxonomy":"category","embeddable":true,"href":"https:\/\/radiofenix.com.ar\/2023\/wp-json\/wp\/v2\/categories?post=191545"},{"taxonomy":"post_tag","embeddable":true,"href":"https:\/\/radiofenix.com.ar\/2023\/wp-json\/wp\/v2\/tags?post=191545"}],"curies":[{"name":"wp","href":"https:\/\/api.w.org\/{rel}","templated":true}]}}