{"id":191561,"date":"2023-11-17T08:57:10","date_gmt":"2023-11-17T08:57:10","guid":{"rendered":"https:\/\/radiofenix.com.ar\/2023\/la-confesion-en-el-juicio-oral-por-el-asesinato-del-mago-alex-y-su-novia-era-el-o-yo\/"},"modified":"2023-11-17T08:57:10","modified_gmt":"2023-11-17T08:57:10","slug":"la-confesion-en-el-juicio-oral-por-el-asesinato-del-mago-alex-y-su-novia-era-el-o-yo","status":"publish","type":"post","link":"https:\/\/radiofenix.com.ar\/2023\/la-confesion-en-el-juicio-oral-por-el-asesinato-del-mago-alex-y-su-novia-era-el-o-yo\/","title":{"rendered":"La confesi\u00f3n en el juicio oral por el asesinato del mago &quot;Alex&quot; y su novia: &quot;Era \u00e9l o yo&quot;"},"content":{"rendered":"<div>\n<figure class=\"mb-3\"><img decoding=\"async\" src=\"https:\/\/www.telam.com.ar\/thumbs\/bluesteel\/advf\/imagenes\/2023\/11\/65554b564a556_1200.jpg\" class=\" lazy \" width=\"100%\" height=\"100%\" alt=\"Rubn Grasso Foto archivo\"\/><figcaption> Rub\u00e9n Grasso. Foto: archivo. <\/figcaption><\/figure>\n<p>Uno de los acusados de asesinar al<strong> mago Leonardo \u00abAlex\u00bb Fern\u00e1ndez<\/strong> y su novia <strong>J\u00e9ssica Alberti Cigola<\/strong> en 2019 en el partido bonaerense de <strong>San Fernando<\/strong>, confes\u00f3 este mi\u00e9rcoles en el juicio oral haber cometido el <strong>doble crimen<\/strong> junto a su hermano cuando estaban \u00abmuy drogados\u00bb, asegur\u00f3 que los mataron luego de que el hombre amenazara de muerte a su familia, y admiti\u00f3 que la mujer asesinada fue una v\u00edctima circunstancial por haber estado en el lugar equivocado.<\/p>\n<p>\u00ab<strong>Era \u00e9l o yo.<\/strong> Yo soy consciente de eso. El detonante de lo que pas\u00f3 fue que &#8216;El Mago&#8217; \u00c1lex amenaz\u00f3 de muerte a mi familia. Le dije que eso no se lo iba a permitir y ah\u00ed lo empec\u00e9 a agredir. La chica no ten\u00eda que estar ah\u00ed, fue una desgracia\u00bb, asegur\u00f3 el imputado <strong>Rub\u00e9n Grasso (40)<\/strong> bajo la atenta mirada de los jueces del <strong>Tribunal Oral en lo Criminal (TOC) 4 de San Isidro, Esteban Andrejin, Osvaldo Rossi y Federico Ecke.<\/strong><\/p>\n<p>La confesi\u00f3n de Grasso, alias \u00abCashy\u00bb, tuvo lugar durante la quinta audiencia del juicio que lo acusa a \u00e9l, a su hermano <strong>Roberto Juan Alegre (45)<\/strong> y al remisero<strong> Alexis Miguel Bonnet (32)<\/strong> de haber llevado a cabo los delitos de \u00abdoble homicidio doblemente calificado por el concurso premeditado de dos o m\u00e1s personas y por ser cometido &#8216;criminis causae&#8217;, en concurso material con robo agravado en poblado y en banda\u00bb, delitos que prev\u00e9n prisi\u00f3n perpetua.<\/p>\n<p>Todos ellos llegaron a los tribunales de la calle Ituzaing\u00f3 340 de la mencionada localidad bonaerense custodiados por agentes del Servicio Penitenciario Bonaerense (SPB), ya que llegaron al debate privados de su libertad en distintos penales de la provincia de Buenos Aires.<\/p>\n<p><figure class=\"mb-3\"><img decoding=\"async\" src=\"https:\/\/www.telam.com.ar\/thumbs\/bluesteel\/advf\/imagenes\/2020\/11\/5fa6cf4750118_1200.jpg\" class=\" lazy \" width=\"100%\" height=\"100%\" alt=\"Foto archivo\"\/><figcaption> Foto: archivo. <\/figcaption><\/figure>\n<\/p>\n<p>La declaraci\u00f3n indagatoria de \u00abCashy\u00bb ocurri\u00f3 pasadas las 12, cuando el acusado pidi\u00f3 tomar la palabra con la aprobaci\u00f3n de la defensora oficial <strong>Mar\u00eda Dolores G\u00f3mez<\/strong>, y se extendi\u00f3 hasta cerca de las 16.<\/p>\n<p>Grasso, que vest\u00eda una campera del Futbol Club Barcelona con un \u00abMessi\u00bb estampado en su espalda, acept\u00f3 responder preguntas de las partes y comenz\u00f3 su testimonio disculp\u00e1ndose ante los familiares de las v\u00edctimas, presentes en la sala.<\/p>\n<p>\u00abQuiero darles mi m\u00e1s sentido p\u00e9same. Quer\u00eda aprovechar esta oportunidad para comentarles c\u00f3mo fue el hecho y decirles la verdad\u00bb, abri\u00f3 el hombre, que dijo haber estudiado ingenier\u00eda civil.<\/p>\n<p>En primer lugar, el imputado se\u00f1al\u00f3 que conoci\u00f3 al \u00abMago\u00bb Alex durante una fiesta realizada en Nordelta a trav\u00e9s de los narcotraficantes Germ\u00e1n y Cristian Heredia y que, luego de ello, comenz\u00f3 a tener una \u00abrelaci\u00f3n de negocios\u00bb con Fern\u00e1ndez en la que falsificaban tarjetas de cr\u00e9dito, documentos, t\u00edtulos universitarios y, principalmente, d\u00f3lares estadounidenses.<\/p>\n<p>\u00abEl mago era el inversor de estas actividades, mientras que los Heredia eran intermediarios que ten\u00edan contactos. A mi se me daba dinero y droga a cambio de trabajo. Yo era el encargado de realizar los dise\u00f1os de los d\u00f3lares\u00bb, explic\u00f3 pausadamente Grasso.<\/p>\n<p>Sin embargo, el imputado afirm\u00f3 tener un \u00abarreglo\u00bb con los Heredia a espaldas de <strong>Fern\u00e1ndez <\/strong>para que termine dicha labor, debido a una deuda que ten\u00edan los narcotraficantes con \u00abEl Mago\u00bb.<\/p>\n<p>\u00ab<strong>Fern\u00e1ndez<\/strong> se ven\u00eda enojando porque lo est\u00e1bamos cagando. Los \u00faltimos d\u00edas me ven\u00eda insistiendo para que nos veamos por este tema. Por eso, me amenaz\u00f3 con un sicario. Se notaba que ten\u00eda una gran expectativa por las ganancias del negocio, que superaban el mill\u00f3n de d\u00f3lares\u00bb, continu\u00f3.<\/p>\n<p>En ese marco, <strong>Grasso<\/strong> record\u00f3 que la noche del 23 de octubre del 2019, \u00c1lex se present\u00f3 en su departamento, en San Fernando, con su novia, donde discutieron a causa del trabajo que el acusado no hab\u00eda realizado.<\/p>\n<p>\u00abLleg\u00f3 y me empez\u00f3 a recriminar las cosas, empez\u00f3 a subir el tono de la conversaci\u00f3n. &#8216;El Mago&#8217; suger\u00eda que yo lo trataba como un est\u00fapido y que lo quer\u00eda enga\u00f1ar. Le ped\u00ed por favor que continuemos la conversaci\u00f3n en mi departamento\u00bb, indic\u00f3 el hombre, que admiti\u00f3 que junto a su hermano estaban \u00abmuy drogados\u00bb y llevaban varios d\u00edas sin dormir.<\/p>\n<p>Ya dentro del inmueble, <strong>Grasso<\/strong> detall\u00f3 que la conversaci\u00f3n con <strong>Fern\u00e1ndez<\/strong> \u00absubi\u00f3 el tono\u00bb cuando \u00e9ste amenaz\u00f3 de muerte a la familia del ahora imputado y luego comenzaron a tener una pelea de golpes de pu\u00f1o.<\/p>\n<p>\u00abLe dije que eso no se lo iba a permitir y ah\u00ed lo empec\u00e9 a agredir. Hubo una lucha que dur\u00f3 un instante, como un minuto. Todo se fue de las manos. Mi hermano me lo sac\u00f3 de encima y le peg\u00f3 con un cortafierros que ten\u00eda arriba de mi mesa que lo usaba para sacar la bater\u00eda de mi moto\u00bb, asegur\u00f3 .<\/p>\n<p>Seg\u00fan <strong>Grasso<\/strong>, toda esa secuencia era observada por Cigola, quien comenz\u00f3 a gritar desesperadamente por lo ocurrido y admiti\u00f3 haberla golpeado, aunque no recordaba haberla apu\u00f1alado, tal como lo indic\u00f3 la autopsia de la joven.<\/p>\n<p>\u00abYo le di un golpe de pu\u00f1o en la cara a J\u00e9ssica, cuando me dijo que suelte a Alex. Ella nunca dej\u00f3 de gritar. Asumo que yo sosten\u00eda una cuchilla en la mano, pero no me di cuenta que apu\u00f1al\u00e9 a J\u00e9ssica. <strong>Cigola no ten\u00eda que estar ah\u00ed<\/strong>. No fui a matarla a ella. Fue una pobre v\u00edctima que estuvo en el lugar y momento equivocado\u00bb, manifest\u00f3 el imputado mientras reproduc\u00eda la secuencia haciendo gestos con sus manos.<\/p>\n<p>Adem\u00e1s, justific\u00f3 que los veintid\u00f3s golpes brutales que sufri\u00f3 el cuerpo de <strong>Fern\u00e1ndez <\/strong>con el cortafierros fueron porque, junto a Alegre, \u00abno lo pod\u00edan parar\u00bb.<\/p>\n<p><figure class=\"mb-3\"><img decoding=\"async\" src=\"https:\/\/www.telam.com.ar\/thumbs\/bluesteel\/advf\/imagenes\/2020\/11\/5fa6cf4745295_1200.jpg\" class=\" lazy \" width=\"100%\" height=\"100%\" alt=\"Foto archivo\"\/><figcaption> Foto: archivo. <\/figcaption><\/figure>\n<\/p>\n<p>Luego del doble crimen, el hombre se\u00f1al\u00f3 que, al igual que su hermano, quedaron \u00abshockeados\u00bb por lo ocurrido y se retiraron del departamento, para volver a la noche siguiente con el remisero Bonnet en el auto de <strong>Fern\u00e1ndez<\/strong>.<\/p>\n<p>Seg\u00fan afirm\u00f3 <strong>Grasso<\/strong>, el remisero no ten\u00eda conocimiento de los asesinatos y que lo contrataron para \u00abrobar coca\u00edna\u00bb que se encontraba guardada en la casa de \u00c1lex, ubicada en Parque Patricios.<\/p>\n<p>A continuaci\u00f3n, indic\u00f3 que los tres se dirigieron a esa vivienda, de la cual neg\u00f3 haber sustra\u00eddo dinero.<\/p>\n<p>\u00abNo nos llevamos ni un centavo. La plata qued\u00f3 en la casa del Mago. Menos sabiendo que los d\u00f3lares del mago eran falsos. Yo no ten\u00eda necesidad de dinero. Nunca me falt\u00f3 nada. Yo hac\u00eda much\u00edsimas cosas il\u00edcitas que me daban mucho dinero\u00bb, admiti\u00f3 el declarante.\u00a0<\/p>\n<p>A pesar de ello, el imputado revel\u00f3 que junto a sus c\u00f3mplices se olvidaron el bot\u00edn con la droga, por lo que tuvieron que regresar al inmueble de <strong>Fern\u00e1ndez<\/strong>.<\/p>\n<p>\u00abNos olvidamos toda la droga en la cochera. Llegando a M\u00e1rquez y Panamericana nos dimos cuenta y volvimos. Est\u00e1bamos tan drogados que nos olvidamos lo que fuimos a robar\u00bb, cont\u00f3.<\/p>\n<p>Finalmente, luego de que regresaron a Parque Patricios, un patrullero detect\u00f3 una actividad sospechosa de Bonnet mientras esperaba a Alegre y Grasso a bordo de la camioneta del <strong>\u00abMago \u00c1lex\u00bb<\/strong> y fue detenido, hecho que fue fundamental para el posterior esclarecimiento del crimen.<\/p>\n<p>Fuentes judiciales indicaron a <strong>T\u00e9lam<\/strong> que el juicio continuar\u00e1 el viernes pr\u00f3ximo a partir de las 10, con los alegatos del fiscal Alejandro Musso, la letrada representante de la madre de J\u00e9ssica Cigola -constituida como particular damnificado-, Stella Ojeda, el representante legal del remisero Bonnet, Gustavo de Simone, y la defensora oficial Mar\u00eda Dolores G\u00f3mez.<\/p>\n<\/div>\n<p><script async defer crossorigin=\"anonymous\" src=\"https:\/\/connect.facebook.net\/es_LA\/sdk.js#xfbml=1&#038;version=v12.0\" nonce=\"SBlHQzIF\"><\/script><br \/><a href=\"https:\/\/www.telam.com.ar\/notas\/202311\/646679-la-confesion-en-el-juicio-oral-por-el-asesinato-del-mago-alex-y-su-novia-era-el-o-yo.html\">source<\/a><\/p>\n","protected":false},"excerpt":{"rendered":"<p>Rub\u00e9n Grasso. Foto: archivo. Uno de los acusados de asesinar al mago Leonardo \u00abAlex\u00bb Fern\u00e1ndez&#8230;<\/p>\n","protected":false},"author":0,"featured_media":191562,"comment_status":"open","ping_status":"open","sticky":false,"template":"","format":"standard","meta":{"footnotes":""},"categories":[64],"tags":[],"class_list":["post-191561","post","type-post","status-publish","format-standard","has-post-thumbnail","hentry","category-policiales"],"featured_image_urls":{"full":["https:\/\/radiofenix.com.ar\/2023\/wp-content\/uploads\/2023\/11\/wp-header-logo-59.png",1200,675,false],"thumbnail":["https:\/\/radiofenix.com.ar\/2023\/wp-content\/uploads\/2023\/11\/wp-header-logo-59-150x150.png",150,150,true],"medium":["https:\/\/radiofenix.com.ar\/2023\/wp-content\/uploads\/2023\/11\/wp-header-logo-59-300x169.png",300,169,true],"medium_large":["https:\/\/radiofenix.com.ar\/2023\/wp-content\/uploads\/2023\/11\/wp-header-logo-59-768x432.png",640,360,true],"large":["https:\/\/radiofenix.com.ar\/2023\/wp-content\/uploads\/2023\/11\/wp-header-logo-59-1024x576.png",640,360,true],"1536x1536":["https:\/\/radiofenix.com.ar\/2023\/wp-content\/uploads\/2023\/11\/wp-header-logo-59.png",1200,675,false],"2048x2048":["https:\/\/radiofenix.com.ar\/2023\/wp-content\/uploads\/2023\/11\/wp-header-logo-59.png",1200,675,false],"newsium-slider-full":["https:\/\/radiofenix.com.ar\/2023\/wp-content\/uploads\/2023\/11\/wp-header-logo-59.png",1200,675,false],"newsium-featured":["https:\/\/radiofenix.com.ar\/2023\/wp-content\/uploads\/2023\/11\/wp-header-logo-59-1024x576.png",1024,576,true],"newsium-medium":["https:\/\/radiofenix.com.ar\/2023\/wp-content\/uploads\/2023\/11\/wp-header-logo-59-720x475.png",720,475,true]},"author_info":{"info":[""]},"category_info":"<a href=\"https:\/\/radiofenix.com.ar\/2023\/category\/policiales\/\" rel=\"category tag\">Policiales<\/a>","tag_info":"Policiales","comment_count":"0","_links":{"self":[{"href":"https:\/\/radiofenix.com.ar\/2023\/wp-json\/wp\/v2\/posts\/191561","targetHints":{"allow":["GET"]}}],"collection":[{"href":"https:\/\/radiofenix.com.ar\/2023\/wp-json\/wp\/v2\/posts"}],"about":[{"href":"https:\/\/radiofenix.com.ar\/2023\/wp-json\/wp\/v2\/types\/post"}],"replies":[{"embeddable":true,"href":"https:\/\/radiofenix.com.ar\/2023\/wp-json\/wp\/v2\/comments?post=191561"}],"version-history":[{"count":0,"href":"https:\/\/radiofenix.com.ar\/2023\/wp-json\/wp\/v2\/posts\/191561\/revisions"}],"wp:featuredmedia":[{"embeddable":true,"href":"https:\/\/radiofenix.com.ar\/2023\/wp-json\/wp\/v2\/media\/191562"}],"wp:attachment":[{"href":"https:\/\/radiofenix.com.ar\/2023\/wp-json\/wp\/v2\/media?parent=191561"}],"wp:term":[{"taxonomy":"category","embeddable":true,"href":"https:\/\/radiofenix.com.ar\/2023\/wp-json\/wp\/v2\/categories?post=191561"},{"taxonomy":"post_tag","embeddable":true,"href":"https:\/\/radiofenix.com.ar\/2023\/wp-json\/wp\/v2\/tags?post=191561"}],"curies":[{"name":"wp","href":"https:\/\/api.w.org\/{rel}","templated":true}]}}