{"id":191563,"date":"2023-11-17T08:57:11","date_gmt":"2023-11-17T08:57:11","guid":{"rendered":"https:\/\/radiofenix.com.ar\/2023\/una-multitud-convoco-a-defender-la-universidad-publica-y-votar-por-massa\/"},"modified":"2023-11-17T08:57:11","modified_gmt":"2023-11-17T08:57:11","slug":"una-multitud-convoco-a-defender-la-universidad-publica-y-votar-por-massa","status":"publish","type":"post","link":"https:\/\/radiofenix.com.ar\/2023\/una-multitud-convoco-a-defender-la-universidad-publica-y-votar-por-massa\/","title":{"rendered":"Una multitud convoc\u00f3 a defender la Universidad P\u00fablica y votar por Massa"},"content":{"rendered":"<div>\n<figure class=\"mb-3\"><img decoding=\"async\" src=\"https:\/\/www.telam.com.ar\/thumbs\/bluesteel\/advf\/imagenes\/2023\/11\/655602ef9f649_1200.jpg\" class=\" lazy \" width=\"100%\" height=\"100%\" alt=\"Foto Prensa\"\/><figcaption> Foto: Prensa. <\/figcaption><\/figure>\n<p>Una multitud de estudiantes, docentes y trabajadores no docentes de varias universidades del \u00c1rea Metropolitana de Buenos Aires protagoniz\u00f3 este jueves un masivo festival en las escalinatas de la<strong> Facultad de Derecho<\/strong> de Buenos Aires para defender a la <strong>Universidad P\u00fablica<\/strong>, cuestionar las propuestas educativas de <strong>Javier Milei<\/strong>, y convocar a votar por <strong>Sergio Massa<\/strong> en el balotaje presidencial del pr\u00f3ximo domingo.<\/p>\n<p>Sobre un escenario montado de espaldas a la avenida Figueroa Alcorta, las presentaciones de DJ Coneja China y Militantes de Cl\u00edmax invitaron a bailar a la multitud que se concentraba en los escalones mientras trataba de cubrirse del sol con carteles con consignas en defensa de la educaci\u00f3n p\u00fablica y otros con mensajes como <strong>\u00abMilei se te ve la casta\u00bb<\/strong>.<\/p>\n<p>Mientras las columnas de estudiantes y trabajadores de distintas universidades llegaban hasta las escalinatas, por la entrada principal de la<strong> Facultad de Derecho de la UBA<\/strong> sal\u00edan flamantes egresados que eran recibidos con harina y cotill\u00f3n por sus familias, festejo que era acompa\u00f1ado por aplausos y ovaciones de la multitud en cada ocasi\u00f3n.<\/p>\n<p>Pablo Luna tiene 28 a\u00f1os, vive en el barrio porte\u00f1o de Villa Crespo y mientras trataba de limpiar de sus lentes la espuma que sus emocionados familiares le acababan de lanzar cont\u00f3 a <strong>T\u00e9lam<\/strong>: \u00abhoy me recib\u00ed de traductor de franc\u00e9s, soy la segunda generaci\u00f3n de universitarios de mi familia porque mi pap\u00e1 de joven se vino desde el interior profundo de Tucum\u00e1n a estudiar a Buenos Aires; hice la secundaria en un colegio p\u00fablico en el que me ense\u00f1aron franc\u00e9s, la educaci\u00f3n p\u00fablica es muy importante porque es emancipadora\u00bb.<\/p>\n<p>\u00abUno entiende el verdadero alcance de la educaci\u00f3n p\u00fablica cuando se da cuenta que es un derecho que sostenemos entre todos a trav\u00e9s de los impuestos que pagamos desde el m\u00e1s pobre hasta el m\u00e1s rico, anim\u00f3 a todas las personas que todav\u00eda no se animaron a estudiar a que lo intenten porque van a encontrar un lugar con personas para apoyarlos y acompa\u00f1arlos en todo el recorrido\u00bb, destac\u00f3.<\/p>\n<p>\u00abLo que m\u00e1s me llama la atenci\u00f3n de lo que se viene diciendo sobre educaci\u00f3n en la campa\u00f1a presidencial es que cuando proponen arancelar la educaci\u00f3n est\u00e1n dejando mucha gente afuera, a muchas familias que quiz\u00e1s no tienen para comer pero hacen el esfuerzo de mandar a sus hijos a estudiar; me parece que cuando se busca imponer ideas como la privatizaci\u00f3n o los Vouchers lo que se deber\u00eda dar es un debate del que participemos todos, porque la educaci\u00f3n la financiamos entre todos\u00bb, complet\u00f3 Luna.<\/p>\n<p>Lucas Guidi, presidente de la Federaci\u00f3n Universitaria de La Plata (FULP), afirm\u00f3 en di\u00e1logo con <strong>T\u00e9lam<\/strong> que \u00abdesde las universidades nacionales hace d\u00edas que venimos haciendo movidas a lo largo y a lo ancho del pa\u00eds y esta tarde les estamos dando un cierre con este festival; despu\u00e9s del resultado de las primarias de agosto muchos estudiantes, docentes y trabajadores se vieron muy movilizados e interpelados y se fueron armando numerosas instancias de participaci\u00f3n que hoy permiten mostrar a toda la comunidad universitaria en su conjunto m\u00e1s all\u00e1 de las diferencias partidarias saliendo en defensa de la educaci\u00f3n p\u00fablica\u00bb.<\/p>\n<p><figure class=\"mb-3\"><img decoding=\"async\" src=\"https:\/\/www.telam.com.ar\/thumbs\/bluesteel\/advf\/imagenes\/2023\/11\/654d704ebca5a_1200.jpg\" class=\" lazy \" width=\"100%\" height=\"100%\" alt=\"Foto Prensa\"\/><figcaption> Foto: Prensa. <\/figcaption><\/figure>\n<\/p>\n<p>\u00abLa derrota de las primarias motiv\u00f3 a muchos a salir a buscar los votos que faltaban, y despu\u00e9s del resultado de las generales de octubre qued\u00f3 claro que la sociedad no est\u00e1 dispuesta a entregar ni a las universidades ni a los derechos que nos cost\u00f3 tanto conquistar, y es eso lo que nos llena de esperanza para el balotaje del domingo\u00bb, a\u00f1adi\u00f3.<\/p>\n<p>El secretario de Organizaci\u00f3n de la Federaci\u00f3n Nacional de Docentes Universitarios (Conadu), Federico Montero, dijo a T\u00e9lam que \u00abla educaci\u00f3n p\u00fablica es un valor ampliamente compartido por la sociedad argentina porque es el resultado de una lucha hist\u00f3rica del pueblo, los estudiantes y los docentes que lo hemos sostenido en los peores momentos como el neoliberalismo o la dictadura\u00bb.<\/p>\n<p>\u00abEste festival es el cierre de un conjunto de acciones en toda la Argentina, hoy sesionaron de manera coordinada los consejos superiores de todas las universidades p\u00fablicas del pa\u00eds y hoy (jueves)\u00a0<strong>Massa<\/strong> estuvo con estudiantes del <strong>Carlos Pellegrini<\/strong>; la educaci\u00f3n p\u00fablica no es s\u00f3lo un derecho de los estudiantes y los docentes sino que hay que pensarla como un activo estrat\u00e9gico para el desarrollo nacional, si perdemos la universidad p\u00fablica hipotecamos el futuro de todos\u00bb, subray\u00f3.<\/p>\n<p>Christopher Loyola, presidente del Centro de Estudiantes de la Facultad de Filosof\u00eda de la UBA, sostuvo en di\u00e1logo con<strong> T\u00e9lam<\/strong> que \u00abal momento de salir a hablar con cualquier vecino sobre el proceso electoral todos entendemos que la Universidad P\u00fablica es un bien com\u00fan de todos porque aun los que no participan de la vida acad\u00e9mica entienden su valor\u00bb.<\/p>\n<p>\u00abEs emocionante ver mucha movilizaci\u00f3n espont\u00e1nea en apoyo a la educaci\u00f3n p\u00fablica, hab\u00eda campa\u00f1as centralizadas, pero tambi\u00e9n hab\u00eda muchos grupos de estudiantes que se juntaban para dise\u00f1ar sus propios volantes o afiches ante el peligro que representan las ideas de <strong>Javier Milei<\/strong>\u00ab, destac\u00f3.<\/p>\n<p>Facundo Romero, secretario de Bienestar y Vivienda de la Federaci\u00f3n Argentina de los Trabajadores de las Universidades Nacionales (Fatun), dijo a<strong> T\u00e9lam<\/strong> que \u00abhay un solo candidato que habla de ampliar el derecho de los ciudadanos a la universidad p\u00fablica aumentando el presupuesto de todo el sistema universitario, mientras que del otro lado proponen aranceles en general para todo el sistema educativo\u00bb.<\/p>\n<p>\u00abHay un sector muy grande de la sociedad que manda a sus hijos a la escuela p\u00fablica y que deposita en el sistema educativo sus esperanzas de movilidad social ascendente, creemos que hacen falta m\u00e1s universidades para llegar a territorios a los que hoy todav\u00eda no llegan y para que haya profesionales que puedan atender los desaf\u00edos de cada territorio\u00bb, finaliz\u00f3.<\/p>\n<p>Del festival participaron estudiantes, docentes y trabajadores de distintas facultades de la<strong> UBA <\/strong>y de las universidades Arturo Jauretche de Florencio Varela, la de San Mart\u00edn y las de otros distritos del conurbano bonaerense.<\/p>\n<\/div>\n<p><script async defer crossorigin=\"anonymous\" src=\"https:\/\/connect.facebook.net\/es_LA\/sdk.js#xfbml=1&#038;version=v12.0\" nonce=\"SBlHQzIF\"><\/script><br \/><a href=\"https:\/\/www.telam.com.ar\/notas\/202311\/646805-una-multitud-convoco-a-defender-la-universidad-publica-y-votar-por-massa.html\">source<\/a><\/p>\n","protected":false},"excerpt":{"rendered":"<p>Foto: Prensa. Una multitud de estudiantes, docentes y trabajadores no docentes de varias universidades del&#8230;<\/p>\n","protected":false},"author":0,"featured_media":191564,"comment_status":"open","ping_status":"open","sticky":false,"template":"","format":"standard","meta":{"footnotes":""},"categories":[2],"tags":[],"class_list":["post-191563","post","type-post","status-publish","format-standard","has-post-thumbnail","hentry","category-politica"],"featured_image_urls":{"full":["https:\/\/radiofenix.com.ar\/2023\/wp-content\/uploads\/2023\/11\/wp-header-logo-60.png",1200,675,false],"thumbnail":["https:\/\/radiofenix.com.ar\/2023\/wp-content\/uploads\/2023\/11\/wp-header-logo-60-150x150.png",150,150,true],"medium":["https:\/\/radiofenix.com.ar\/2023\/wp-content\/uploads\/2023\/11\/wp-header-logo-60-300x169.png",300,169,true],"medium_large":["https:\/\/radiofenix.com.ar\/2023\/wp-content\/uploads\/2023\/11\/wp-header-logo-60-768x432.png",640,360,true],"large":["https:\/\/radiofenix.com.ar\/2023\/wp-content\/uploads\/2023\/11\/wp-header-logo-60-1024x576.png",640,360,true],"1536x1536":["https:\/\/radiofenix.com.ar\/2023\/wp-content\/uploads\/2023\/11\/wp-header-logo-60.png",1200,675,false],"2048x2048":["https:\/\/radiofenix.com.ar\/2023\/wp-content\/uploads\/2023\/11\/wp-header-logo-60.png",1200,675,false],"newsium-slider-full":["https:\/\/radiofenix.com.ar\/2023\/wp-content\/uploads\/2023\/11\/wp-header-logo-60.png",1200,675,false],"newsium-featured":["https:\/\/radiofenix.com.ar\/2023\/wp-content\/uploads\/2023\/11\/wp-header-logo-60-1024x576.png",1024,576,true],"newsium-medium":["https:\/\/radiofenix.com.ar\/2023\/wp-content\/uploads\/2023\/11\/wp-header-logo-60-720x475.png",720,475,true]},"author_info":{"info":[""]},"category_info":"<a href=\"https:\/\/radiofenix.com.ar\/2023\/category\/politica\/\" rel=\"category tag\">Pol\u00edtica<\/a>","tag_info":"Pol\u00edtica","comment_count":"0","_links":{"self":[{"href":"https:\/\/radiofenix.com.ar\/2023\/wp-json\/wp\/v2\/posts\/191563","targetHints":{"allow":["GET"]}}],"collection":[{"href":"https:\/\/radiofenix.com.ar\/2023\/wp-json\/wp\/v2\/posts"}],"about":[{"href":"https:\/\/radiofenix.com.ar\/2023\/wp-json\/wp\/v2\/types\/post"}],"replies":[{"embeddable":true,"href":"https:\/\/radiofenix.com.ar\/2023\/wp-json\/wp\/v2\/comments?post=191563"}],"version-history":[{"count":0,"href":"https:\/\/radiofenix.com.ar\/2023\/wp-json\/wp\/v2\/posts\/191563\/revisions"}],"wp:featuredmedia":[{"embeddable":true,"href":"https:\/\/radiofenix.com.ar\/2023\/wp-json\/wp\/v2\/media\/191564"}],"wp:attachment":[{"href":"https:\/\/radiofenix.com.ar\/2023\/wp-json\/wp\/v2\/media?parent=191563"}],"wp:term":[{"taxonomy":"category","embeddable":true,"href":"https:\/\/radiofenix.com.ar\/2023\/wp-json\/wp\/v2\/categories?post=191563"},{"taxonomy":"post_tag","embeddable":true,"href":"https:\/\/radiofenix.com.ar\/2023\/wp-json\/wp\/v2\/tags?post=191563"}],"curies":[{"name":"wp","href":"https:\/\/api.w.org\/{rel}","templated":true}]}}