{"id":191565,"date":"2023-11-17T08:57:13","date_gmt":"2023-11-17T08:57:13","guid":{"rendered":"https:\/\/radiofenix.com.ar\/2023\/llega-a-los-cines-muchachos-una-pelicula-sobre-la-gesta-de-qatar-narrada-por-francella\/"},"modified":"2023-11-17T08:57:13","modified_gmt":"2023-11-17T08:57:13","slug":"llega-a-los-cines-muchachos-una-pelicula-sobre-la-gesta-de-qatar-narrada-por-francella","status":"publish","type":"post","link":"https:\/\/radiofenix.com.ar\/2023\/llega-a-los-cines-muchachos-una-pelicula-sobre-la-gesta-de-qatar-narrada-por-francella\/","title":{"rendered":"Llega a los cines &quot;Muchachos&quot;, una pel\u00edcula sobre la gesta de Qatar narrada por Francella"},"content":{"rendered":"<div>\n<div class=\"video_repositive\"> <a class=\"video_sticky\" href=\"javascript:void();\" onclick=\"removeStuckVideo(true);\"><i class=\"far fa-window-close\"\/><\/a> <\/p>\n<div id=\"OWmdZZsEfbA\" class=\"video_telam\" style=\"background-image:url('https:\/\/img.youtube.com\/vi\/OWmdZZsEfbA\/hqdefault.jpg');background-position: center center;\">\n<div class=\"feature_article_inner\">\n<p><h2 class=\"text-center\">Muchachos, la pel\u00edcula de la gente<\/h2>\n<\/p><\/div>\n<p>VER VIDEO <i class=\"fas fa-play\"\/><\/p>\n<\/p><\/div>\n<\/p><\/div>\n<p>Una pel\u00edcula sobre la gesta de la Selecci\u00f3n Argentina de F\u00fatbol en el Mundial Qatar 2022, narrada por Guillermo Francella y basada en un cuento de Hern\u00e1n Casciari, que pone el foco en el festejo popular a partir de videos caseros realizados por los propios hinchas, llegar\u00e1 a los cines el pr\u00f3ximo 7 de diciembre.<\/p>\n<p>Se trata de <strong>\u00abMuchachos, la pel\u00edcula de la gente\u00bb<\/strong>, dirigida por Jes\u00fas Braceras, responsable de \u00abMonz\u00f3n\u00bb y \u00abBarrabrava\u00bb, entre otras series; producida por Pampa Films y distribuida por Star Distribution; que conjuga im\u00e1genes oficiales proporcionadas por la FIFA y material audiovisual de hinchas e influencers que presenciaron el torneo, como as\u00ed tambi\u00e9n de ciudadanos que poblaron las calles de toda la Argentina para festejar cada una de las victorias obtenidas.<\/p>\n<p>El relato se basa en el cuento <strong>\u00abLa valija de Messi\u00bb, de Casciari<\/strong>, cuenta con el relato de Francella, y lleva el sello en materia de producci\u00f3n de los hermanos Pol y Agust\u00edn Bossi, y su padre Pablo.<\/p>\n<p>\u201cPonerle mi voz a este maravilloso proyecto me hizo revivir cada momento de ese diciembre at\u00edpico que quedar\u00e1 para la eternidad en nuestra piel. Festejar con calor, sentir como en las calles se replicaba la emoci\u00f3n que ven\u00eda desde cada estadio, con abrazos entre desconocidos, unidos en una \u00fanica pasi\u00f3n y la 9 de Julio colmada de punta a punta, son algunas de las cosas que quedar\u00e1n guardadas para siempre en nuestra memoria y que est\u00e1n visibles en esta pel\u00edcula que nos invita a repetir sin parar: \u00a1Hermoso aniversario \u00bfverdad?!\u201d, dijo el actor a trav\u00e9s de un comunicado de prensa.<\/p>\n<blockquote class=\"\"><p>\u00abFestejar con calor, sentir como en las calles se replicaba la emoci\u00f3n que ven\u00eda desde cada estadio, con abrazos entre desconocidos, unidos en una \u00fanica pasi\u00f3n y la 9 de Julio colmada de punta a punta, son algunas de las cosas que quedar\u00e1n guardadas para siempre en nuestra memoria y que est\u00e1n visibles en esta pel\u00edcula que nos invita a repetir sin parar\u00bb<\/p><\/blockquote>\n<p> El anuncio de este filme llega pocos d\u00edas despu\u00e9s de conocerse que ese mismo d\u00eda tambi\u00e9n se estrenar\u00e1 <a href=\"https:\/\/www.telam.com.ar\/notas\/202311\/646470-qatar-2022-ricardo-darin-elijo-creer-pelicula.html\" target=\"_blank\" rel=\"noopener\">\u00abElijo creer\u00bb<\/a>, la pel\u00edcula oficial de la AFA sobre el Mundial, en ese caso con el relato de Ricardo Dar\u00edn y testimonios de los jugadores de la Selecci\u00f3n.<\/p>\n<p>En \u00abMuchachos, la pel\u00edcula de la gente\u00bb, la tem\u00e1tica ronda en torno a la pasi\u00f3n popular que despert\u00f3 el Mundial, con im\u00e1genes que repasan las c\u00e1balas de los hinchas, las vivencias en Qatar y los festejos desatados no solo en el pa\u00eds en donde se desarroll\u00f3 el torno, sino tambi\u00e9n a lo largo de toda la Argentina y en otras ciudades del mundo que tambi\u00e9n se ti\u00f1eron de celeste y blanco. <\/p>\n<\/div>\n<p><script async defer crossorigin=\"anonymous\" src=\"https:\/\/connect.facebook.net\/es_LA\/sdk.js#xfbml=1&#038;version=v12.0\" nonce=\"SBlHQzIF\"><\/script><br \/><a href=\"https:\/\/www.telam.com.ar\/notas\/202311\/646708-muchachos.html\">source<\/a><\/p>\n","protected":false},"excerpt":{"rendered":"<p>Muchachos, la pel\u00edcula de la gente VER VIDEO Una pel\u00edcula sobre la gesta de la&#8230;<\/p>\n","protected":false},"author":0,"featured_media":191566,"comment_status":"open","ping_status":"open","sticky":false,"template":"","format":"standard","meta":{"footnotes":""},"categories":[4],"tags":[],"class_list":["post-191565","post","type-post","status-publish","format-standard","has-post-thumbnail","hentry","category-espectaculos"],"featured_image_urls":{"full":["https:\/\/radiofenix.com.ar\/2023\/wp-content\/uploads\/2023\/11\/wp-header-logo-61.png",450,253,false],"thumbnail":["https:\/\/radiofenix.com.ar\/2023\/wp-content\/uploads\/2023\/11\/wp-header-logo-61-150x150.png",150,150,true],"medium":["https:\/\/radiofenix.com.ar\/2023\/wp-content\/uploads\/2023\/11\/wp-header-logo-61-300x169.png",300,169,true],"medium_large":["https:\/\/radiofenix.com.ar\/2023\/wp-content\/uploads\/2023\/11\/wp-header-logo-61.png",450,253,false],"large":["https:\/\/radiofenix.com.ar\/2023\/wp-content\/uploads\/2023\/11\/wp-header-logo-61.png",450,253,false],"1536x1536":["https:\/\/radiofenix.com.ar\/2023\/wp-content\/uploads\/2023\/11\/wp-header-logo-61.png",450,253,false],"2048x2048":["https:\/\/radiofenix.com.ar\/2023\/wp-content\/uploads\/2023\/11\/wp-header-logo-61.png",450,253,false],"newsium-slider-full":["https:\/\/radiofenix.com.ar\/2023\/wp-content\/uploads\/2023\/11\/wp-header-logo-61.png",450,253,false],"newsium-featured":["https:\/\/radiofenix.com.ar\/2023\/wp-content\/uploads\/2023\/11\/wp-header-logo-61.png",450,253,false],"newsium-medium":["https:\/\/radiofenix.com.ar\/2023\/wp-content\/uploads\/2023\/11\/wp-header-logo-61.png",450,253,false]},"author_info":{"info":[""]},"category_info":"<a href=\"https:\/\/radiofenix.com.ar\/2023\/category\/espectaculos\/\" rel=\"category tag\">Espectaculos<\/a>","tag_info":"Espectaculos","comment_count":"0","_links":{"self":[{"href":"https:\/\/radiofenix.com.ar\/2023\/wp-json\/wp\/v2\/posts\/191565","targetHints":{"allow":["GET"]}}],"collection":[{"href":"https:\/\/radiofenix.com.ar\/2023\/wp-json\/wp\/v2\/posts"}],"about":[{"href":"https:\/\/radiofenix.com.ar\/2023\/wp-json\/wp\/v2\/types\/post"}],"replies":[{"embeddable":true,"href":"https:\/\/radiofenix.com.ar\/2023\/wp-json\/wp\/v2\/comments?post=191565"}],"version-history":[{"count":0,"href":"https:\/\/radiofenix.com.ar\/2023\/wp-json\/wp\/v2\/posts\/191565\/revisions"}],"wp:featuredmedia":[{"embeddable":true,"href":"https:\/\/radiofenix.com.ar\/2023\/wp-json\/wp\/v2\/media\/191566"}],"wp:attachment":[{"href":"https:\/\/radiofenix.com.ar\/2023\/wp-json\/wp\/v2\/media?parent=191565"}],"wp:term":[{"taxonomy":"category","embeddable":true,"href":"https:\/\/radiofenix.com.ar\/2023\/wp-json\/wp\/v2\/categories?post=191565"},{"taxonomy":"post_tag","embeddable":true,"href":"https:\/\/radiofenix.com.ar\/2023\/wp-json\/wp\/v2\/tags?post=191565"}],"curies":[{"name":"wp","href":"https:\/\/api.w.org\/{rel}","templated":true}]}}