{"id":191597,"date":"2023-11-19T08:57:42","date_gmt":"2023-11-19T08:57:42","guid":{"rendered":"https:\/\/radiofenix.com.ar\/2023\/la-senal-amc-exhibira-la-pelicula-fragmentada-con-jazmin-stuart\/"},"modified":"2023-11-19T08:57:42","modified_gmt":"2023-11-19T08:57:42","slug":"la-senal-amc-exhibira-la-pelicula-fragmentada-con-jazmin-stuart","status":"publish","type":"post","link":"https:\/\/radiofenix.com.ar\/2023\/la-senal-amc-exhibira-la-pelicula-fragmentada-con-jazmin-stuart\/","title":{"rendered":"La se\u00f1al AMC exhibir\u00e1 la pel\u00edcula &quot;Fragmentada&quot;, con Jazm\u00edn Stuart"},"content":{"rendered":"<div>\n<figure class=\"mb-3\"><img decoding=\"async\" src=\"https:\/\/www.telam.com.ar\/thumbs\/bluesteel\/advf\/imagenes\/2023\/08\/64ca98a296078_1200.jpg\" class=\" lazy \" width=\"100%\" height=\"100%\" alt=\"Telam SE\"\/><figcaption\/><\/figure>\n<p>La<strong> cadena AMC<\/strong> adquiri\u00f3 para su pantalla a la pel\u00edcula argentina <strong>\u201cFragmentada\u201d<\/strong>, protagonizada por<strong> Jazm\u00edn Stuart<\/strong>, producci\u00f3n que ser\u00e1 televisada por la se\u00f1al de cable primera vez y en toda Latinoam\u00e9rica el pr\u00f3ximo 4 de diciembre.<\/p>\n<p>Dirigida y escrita por <strong>Facundo Escudero Salinas<\/strong> y de reciente paso en salas de cine, <strong>\u00abFragmentada\u00bb <\/strong>narra la historia de una polic\u00eda que regresa a la Patagonia para cuidar a su madre, pero el asesinato de la hija de una vieja amiga la lleva a involucrarse en un caso que parece ser ignorado por todos y que esconde los oscuros secretos del lugar, poniendo a todos en peligro.<\/p>\n<p>La pel\u00edcula, que se emitir\u00e1 a las 22, cuenta con un elenco conformado por <strong>C\u00e9sar Bord\u00f3n, Beatriz Spelzini y Marcos Woinsky<\/strong>.<\/p>\n<p>\u00abMe interes\u00f3 la complejidad del protag\u00f3nico, un poco impulsivo en cuanto a la b\u00fasqueda de justicia y verdad y, por momentos, incorrecta en sus m\u00e9todos, que esconden una fragilidad y una sensibilidad muy grande\u00bb, hab\u00eda contado<strong> Stuart<\/strong> a <strong>T\u00e9lam<\/strong> en agosto \u00faltimo con motivo del estreno del filme.<\/p>\n<p>Adem\u00e1s, la actriz sostuvo: \u00abTambi\u00e9n me interes\u00f3 la trama, que habla sobre una familia compuesta por mujeres que tiene un destino tr\u00e1gico que se repite. Tangencialmente, habla sobre la violencia machista y el feminismo sin ninguna bajada de l\u00ednea, sino como una expresi\u00f3n de uni\u00f3n y de autoprotecci\u00f3n entre mujeres\u00bb.<\/p>\n<p>\u00abAl mismo tiempo aborda la cuesti\u00f3n ambiental, sobre empresas privadas que explotan de manera turbia los recursos naturales en connivencia con algunos sectores del gobierno y c\u00f3mo esto deriva en una persecuci\u00f3n a las comunidades ind\u00edgenas\u00bb, agreg\u00f3.<\/p>\n<p>Desde el 27 de octubre, Cablevisi\u00f3n cuenta en su pantalla con las se\u00f1ales <strong>AMC<\/strong> (en la frecuencia 52 de Cablevisi\u00f3n B\u00e1sico y 318 de Cablevisi\u00f3n Digital) y <strong>AMC HD<\/strong> (en el 658 de Cablevisi\u00f3n HD y Max HD).<\/p>\n<\/div>\n<p><script async defer crossorigin=\"anonymous\" src=\"https:\/\/connect.facebook.net\/es_LA\/sdk.js#xfbml=1&#038;version=v12.0\" nonce=\"SBlHQzIF\"><\/script><br \/><a href=\"https:\/\/www.telam.com.ar\/notas\/202311\/646979-la-senal-amc-adquiere-la-pelicula-fragmentada-con-jazmin-stuart.html\">source<\/a><\/p>\n","protected":false},"excerpt":{"rendered":"<p>La cadena AMC adquiri\u00f3 para su pantalla a la pel\u00edcula argentina \u201cFragmentada\u201d, protagonizada por Jazm\u00edn&#8230;<\/p>\n","protected":false},"author":0,"featured_media":191598,"comment_status":"open","ping_status":"open","sticky":false,"template":"","format":"standard","meta":{"footnotes":""},"categories":[60],"tags":[],"class_list":["post-191597","post","type-post","status-publish","format-standard","has-post-thumbnail","hentry","category-internacional"],"featured_image_urls":{"full":["https:\/\/radiofenix.com.ar\/2023\/wp-content\/uploads\/2023\/11\/wp-header-logo-74.png",1200,676,false],"thumbnail":["https:\/\/radiofenix.com.ar\/2023\/wp-content\/uploads\/2023\/11\/wp-header-logo-74-150x150.png",150,150,true],"medium":["https:\/\/radiofenix.com.ar\/2023\/wp-content\/uploads\/2023\/11\/wp-header-logo-74-300x169.png",300,169,true],"medium_large":["https:\/\/radiofenix.com.ar\/2023\/wp-content\/uploads\/2023\/11\/wp-header-logo-74-768x433.png",640,361,true],"large":["https:\/\/radiofenix.com.ar\/2023\/wp-content\/uploads\/2023\/11\/wp-header-logo-74-1024x577.png",640,361,true],"1536x1536":["https:\/\/radiofenix.com.ar\/2023\/wp-content\/uploads\/2023\/11\/wp-header-logo-74.png",1200,676,false],"2048x2048":["https:\/\/radiofenix.com.ar\/2023\/wp-content\/uploads\/2023\/11\/wp-header-logo-74.png",1200,676,false],"newsium-slider-full":["https:\/\/radiofenix.com.ar\/2023\/wp-content\/uploads\/2023\/11\/wp-header-logo-74.png",1200,676,false],"newsium-featured":["https:\/\/radiofenix.com.ar\/2023\/wp-content\/uploads\/2023\/11\/wp-header-logo-74-1024x577.png",1024,577,true],"newsium-medium":["https:\/\/radiofenix.com.ar\/2023\/wp-content\/uploads\/2023\/11\/wp-header-logo-74-720x475.png",720,475,true]},"author_info":{"info":[""]},"category_info":"<a href=\"https:\/\/radiofenix.com.ar\/2023\/category\/internacional\/\" rel=\"category tag\">Internacional<\/a>","tag_info":"Internacional","comment_count":"0","_links":{"self":[{"href":"https:\/\/radiofenix.com.ar\/2023\/wp-json\/wp\/v2\/posts\/191597","targetHints":{"allow":["GET"]}}],"collection":[{"href":"https:\/\/radiofenix.com.ar\/2023\/wp-json\/wp\/v2\/posts"}],"about":[{"href":"https:\/\/radiofenix.com.ar\/2023\/wp-json\/wp\/v2\/types\/post"}],"replies":[{"embeddable":true,"href":"https:\/\/radiofenix.com.ar\/2023\/wp-json\/wp\/v2\/comments?post=191597"}],"version-history":[{"count":0,"href":"https:\/\/radiofenix.com.ar\/2023\/wp-json\/wp\/v2\/posts\/191597\/revisions"}],"wp:featuredmedia":[{"embeddable":true,"href":"https:\/\/radiofenix.com.ar\/2023\/wp-json\/wp\/v2\/media\/191598"}],"wp:attachment":[{"href":"https:\/\/radiofenix.com.ar\/2023\/wp-json\/wp\/v2\/media?parent=191597"}],"wp:term":[{"taxonomy":"category","embeddable":true,"href":"https:\/\/radiofenix.com.ar\/2023\/wp-json\/wp\/v2\/categories?post=191597"},{"taxonomy":"post_tag","embeddable":true,"href":"https:\/\/radiofenix.com.ar\/2023\/wp-json\/wp\/v2\/tags?post=191597"}],"curies":[{"name":"wp","href":"https:\/\/api.w.org\/{rel}","templated":true}]}}