{"id":191669,"date":"2023-11-23T08:57:37","date_gmt":"2023-11-23T08:57:37","guid":{"rendered":"https:\/\/radiofenix.com.ar\/2023\/el-mensaje-de-messi-y-el-seleccionado-entre-la-historia-y-el-repudio-a-la-represion\/"},"modified":"2023-11-23T08:57:37","modified_gmt":"2023-11-23T08:57:37","slug":"el-mensaje-de-messi-y-el-seleccionado-entre-la-historia-y-el-repudio-a-la-represion","status":"publish","type":"post","link":"https:\/\/radiofenix.com.ar\/2023\/el-mensaje-de-messi-y-el-seleccionado-entre-la-historia-y-el-repudio-a-la-represion\/","title":{"rendered":"El mensaje de Messi y el seleccionado, entre la historia y el repudio a la represi\u00f3n"},"content":{"rendered":"<div>\n<figure class=\"mb-3\"><img decoding=\"async\" src=\"https:\/\/www.telam.com.ar\/thumbs\/bluesteel\/advf\/imagenes\/2023\/11\/655e03d9b0a60_1200.jpg\" class=\" lazy \" width=\"100%\" height=\"100%\" alt=\"El seleccionado argentino festeja un nuevo Maracanazo Foto Alfredo Luna \"\/><figcaption> El seleccionado argentino festeja un nuevo \u00abMaracanazo\u00bb (Foto Alfredo Luna). <\/figcaption><\/figure>\n<p> El capit\u00e1n del seleccionado argentino, Lionel Messi, valor\u00f3 el hist\u00f3rica victoria sobre Brasil en el estadio Maracan\u00e1, pero asegur\u00f3 que quedar\u00e1 \u00abmarcada por la represi\u00f3n\u00bb a los hinchas \u00abuna vez m\u00e1s en Brasil\u00bb.<\/p>\n<p>El l\u00edder de la \u00abScaloneta\u00bb se expres\u00f3 en sus redes sociales y baj\u00f3 el mensaje que luego replicaron varios de sus compa\u00f1eros en sus redes.<\/p>\n<p>\u00abEste equipo sigue haciendo historia\u2026Gran victoria en el Maracan\u00e1 aunque quedar\u00e1 marcada por la represi\u00f3n a los argentinos una vez m\u00e1s en Brasil. Esto no se puede tolerar, es una locura y se tiene que terminar ya\u00bb, escribi\u00f3 Messi durante la madrugada de R\u00edo de Janeiro en su cuenta oficial de Instagram.<\/p>\n<p>El posteo del capit\u00e1n argentino super\u00f3 las seis millones de impresiones y los ochenta mil comentarios.<\/p>\n<blockquote class=\"instagram-media\" data-instgrm-captioned=\"\" data-instgrm-permalink=\"https:\/\/www.instagram.com\/p\/Cz7x22tozSN\/?utm_source=ig_embed&amp;utm_campaign=loading\" data-instgrm-version=\"14\" style=\" background:#FFF; border:0; border-radius:3px; box-shadow:0 0 1px 0 rgba(0,0,0,0.5),0 1px 10px 0 rgba(0,0,0,0.15); margin: 1px; max-width:540px; min-width:326px; padding:0; width:99.375%; width:-webkit-calc(100% - 2px); width:calc(100% - 2px);\"\/>\n<p>En \u00e9sta l\u00ednea, el defensor Nicol\u00e1s Otamendi, autor del gol de la victoria, tambi\u00e9n se refiri\u00f3 al repudiable accionar de la polic\u00eda carioca.<\/p>\n<p>\u00abUna l\u00e1stima que una vez m\u00e1s seamos los argentinos sufrimos nuevamente una represalia de esta dimensi\u00f3n y llena de odio. Habiendo familias, ni\u00f1os llorando y con miedo de que les pase algo. Esto tiene que terminar de una vez por todas\u00bb, exigi\u00f3 \u00abOta\u00bb, uno de los m\u00e1ximos referentes del vigente campe\u00f3n del Mundo y de Am\u00e9rica.<\/p>\n<p>Luego, el defensor de Benfica le dedic\u00f3 un p\u00e1rrafo a una nueva victoria hist\u00f3rica en el m\u00edtico escenario brasile\u00f1o.<\/p>\n<p>\u00abGran victoria en un estadio donde fuimos muy felices. Lleno de recuerdos hermosos. Este equipo sigue haciendo historia\u00bb, complet\u00f3 Otamendi.<\/p>\n<p><figure class=\"mb-3\"><img decoding=\"async\" src=\"https:\/\/www.telam.com.ar\/thumbs\/bluesteel\/advf\/imagenes\/2023\/11\/655e03d9d5d5e_1200.jpg\" class=\" lazy \" width=\"100%\" height=\"100%\" alt=\"El seleccionado argentino festeja un nuevo Maracanazo Foto Alfredo Luna \"\/><figcaption> El seleccionado argentino festeja un nuevo \u00abMaracanazo\u00bb (Foto Alfredo Luna). <\/figcaption><\/figure>\n<\/p>\n<p>Leandro Paredes tambi\u00e9n rescat\u00f3 la alegr\u00eda por la victoria y le dedic\u00f3 el triunfo a los hinchas que fueron al Maracan\u00e1 y sufrieron los golpes de la seguridad.<\/p>\n<p>\u00abSeguimos haciendo historia, seguimos luchando por esta camiseta. Esta victoria es de todos y en especial es para todos aquellos hinchas que hoy sufrieron las represalias por hacer respetar nuestro himno, estamos con ustedes\u00bb, remarc\u00f3 el volante de Roma, de Italia.<\/p>\n<blockquote class=\"instagram-media\" data-instgrm-captioned=\"\" data-instgrm-permalink=\"https:\/\/www.instagram.com\/p\/Cz78zRztmpf\/?utm_source=ig_embed&amp;utm_campaign=loading\" data-instgrm-version=\"14\" style=\" background:#FFF; border:0; border-radius:3px; box-shadow:0 0 1px 0 rgba(0,0,0,0.5),0 1px 10px 0 rgba(0,0,0,0.15); margin: 1px; max-width:540px; min-width:326px; padding:0; width:99.375%; width:-webkit-calc(100% - 2px); width:calc(100% - 2px);\"\/>\n<p>Rodrigo De Paul tambi\u00e9n public\u00f3 un posteo con un gui\u00f1o a los fan\u00e1ticos de la \u00abalbiceleste\u00bb.<\/p>\n<p>\u00abPor los que vinieron, por los que nos alentaron desde casa y por todos los argentinos. LA HISTORIA NO LA ESCRIBEN LOS COBARDES\u00bb, escribi\u00f3 el \u00abMotorcito\u00bb del seleccionado.<\/p>\n<blockquote class=\"instagram-media\" data-instgrm-captioned=\"\" data-instgrm-permalink=\"https:\/\/www.instagram.com\/p\/Cz72chHNJ9Y\/?utm_source=ig_embed&amp;utm_campaign=loading\" data-instgrm-version=\"14\" style=\" background:#FFF; border:0; border-radius:3px; box-shadow:0 0 1px 0 rgba(0,0,0,0.5),0 1px 10px 0 rgba(0,0,0,0.15); margin: 1px; max-width:540px; min-width:326px; padding:0; width:99.375%; width:-webkit-calc(100% - 2px); width:calc(100% - 2px);\"\/>\n<p>El lateral izquierdo Nicol\u00e1s Tagliafico reclam\u00f3 que lo sucedido con los hinchas \u00abno puede volver a ocurrir\u00bb.<\/p>\n<p>\u00abUn triunfo muy especial para cerrar el a\u00f1o con la Selecci\u00f3n Argentina pero lo sucedido hoy no puede volver a ocurrir, deseo con mi coraz\u00f3n que todos los hinchas se encuentren bien\u00bb, pidi\u00f3 el ex Banfield e Independiente.<\/p>\n<p>El arquero Emiliano \u00abDibu\u00bb Mart\u00ednez prefiri\u00f3 un posteo m\u00e1s corto: \u00abEstos partidos se juegan con el coraz\u00f3n\u00bb, escribi\u00f3.<\/p>\n<blockquote class=\"instagram-media\" data-instgrm-captioned=\"\" data-instgrm-permalink=\"https:\/\/www.instagram.com\/p\/Cz73LW7uYcs\/?utm_source=ig_embed&amp;utm_campaign=loading\" data-instgrm-version=\"14\" style=\" background:#FFF; border:0; border-radius:3px; box-shadow:0 0 1px 0 rgba(0,0,0,0.5),0 1px 10px 0 rgba(0,0,0,0.15); margin: 1px; max-width:540px; min-width:326px; padding:0; width:99.375%; width:-webkit-calc(100% - 2px); width:calc(100% - 2px);\"\/>\n<p>Por \u00faltimo, Enzo Fern\u00e1ndez, una de las figuras de la Selecci\u00f3n y de Chelsea de Inglaterra, resalt\u00f3 que hicieron \u00abhistoria de nuevo\u00bb y que consiguieron un triunfo \u00abinolvidable\u00bb en su primer cl\u00e1sico ante Brasil.<\/p>\n<p>\u00abUna verg\u00fcenza todo lo que pas\u00f3 con la gente, algo que pasa constantemente en este pa\u00eds y no puede volver a suceder. Por eso quer\u00eda dedicarle esta victoria a toda la gente que ayer la pas\u00f3 mal por culpa de otros\u00bb, critic\u00f3.<\/p>\n<p>\u00abEsto es para ustedes y para toda la gente en Argentina que nos alienta d\u00eda a d\u00eda. Y gracias a este grupo que me llena de orgullo, que una vez m\u00e1s volvi\u00f3 a ganar uno de esos partidos que la gente nunca se va a olvidar\u00bb, sentenci\u00f3 el mediocampista en su cuenta de Instagram.<\/p>\n<blockquote class=\"instagram-media\" data-instgrm-captioned=\"\" data-instgrm-permalink=\"https:\/\/www.instagram.com\/p\/Cz8r_jLrM2K\/?utm_source=ig_embed&amp;utm_campaign=loading\" data-instgrm-version=\"14\" style=\" background:#FFF; border:0; border-radius:3px; box-shadow:0 0 1px 0 rgba(0,0,0,0.5),0 1px 10px 0 rgba(0,0,0,0.15); margin: 1px; max-width:540px; min-width:326px; padding:0; width:99.375%; width:-webkit-calc(100% - 2px); width:calc(100% - 2px);\"\/><\/div>\n<p><script async defer crossorigin=\"anonymous\" src=\"https:\/\/connect.facebook.net\/es_LA\/sdk.js#xfbml=1&#038;version=v12.0\" nonce=\"SBlHQzIF\"><\/script><br \/><a href=\"https:\/\/www.telam.com.ar\/notas\/202311\/647353-messi-otamendi-paredes-de-paul-redes-triunfo-maracana.html\">source<\/a><\/p>\n","protected":false},"excerpt":{"rendered":"<p>El seleccionado argentino festeja un nuevo \u00abMaracanazo\u00bb (Foto Alfredo Luna). El capit\u00e1n del seleccionado argentino,&#8230;<\/p>\n","protected":false},"author":0,"featured_media":191670,"comment_status":"open","ping_status":"open","sticky":false,"template":"","format":"standard","meta":{"footnotes":""},"categories":[3],"tags":[],"class_list":["post-191669","post","type-post","status-publish","format-standard","has-post-thumbnail","hentry","category-deportes"],"featured_image_urls":{"full":["https:\/\/radiofenix.com.ar\/2023\/wp-content\/uploads\/2023\/11\/wp-header-logo-110.png",1200,675,false],"thumbnail":["https:\/\/radiofenix.com.ar\/2023\/wp-content\/uploads\/2023\/11\/wp-header-logo-110-150x150.png",150,150,true],"medium":["https:\/\/radiofenix.com.ar\/2023\/wp-content\/uploads\/2023\/11\/wp-header-logo-110-300x169.png",300,169,true],"medium_large":["https:\/\/radiofenix.com.ar\/2023\/wp-content\/uploads\/2023\/11\/wp-header-logo-110-768x432.png",640,360,true],"large":["https:\/\/radiofenix.com.ar\/2023\/wp-content\/uploads\/2023\/11\/wp-header-logo-110-1024x576.png",640,360,true],"1536x1536":["https:\/\/radiofenix.com.ar\/2023\/wp-content\/uploads\/2023\/11\/wp-header-logo-110.png",1200,675,false],"2048x2048":["https:\/\/radiofenix.com.ar\/2023\/wp-content\/uploads\/2023\/11\/wp-header-logo-110.png",1200,675,false],"newsium-slider-full":["https:\/\/radiofenix.com.ar\/2023\/wp-content\/uploads\/2023\/11\/wp-header-logo-110.png",1200,675,false],"newsium-featured":["https:\/\/radiofenix.com.ar\/2023\/wp-content\/uploads\/2023\/11\/wp-header-logo-110-1024x576.png",1024,576,true],"newsium-medium":["https:\/\/radiofenix.com.ar\/2023\/wp-content\/uploads\/2023\/11\/wp-header-logo-110-720x475.png",720,475,true]},"author_info":{"info":[""]},"category_info":"<a href=\"https:\/\/radiofenix.com.ar\/2023\/category\/deportes\/\" rel=\"category tag\">Deportes<\/a>","tag_info":"Deportes","comment_count":"0","_links":{"self":[{"href":"https:\/\/radiofenix.com.ar\/2023\/wp-json\/wp\/v2\/posts\/191669","targetHints":{"allow":["GET"]}}],"collection":[{"href":"https:\/\/radiofenix.com.ar\/2023\/wp-json\/wp\/v2\/posts"}],"about":[{"href":"https:\/\/radiofenix.com.ar\/2023\/wp-json\/wp\/v2\/types\/post"}],"replies":[{"embeddable":true,"href":"https:\/\/radiofenix.com.ar\/2023\/wp-json\/wp\/v2\/comments?post=191669"}],"version-history":[{"count":0,"href":"https:\/\/radiofenix.com.ar\/2023\/wp-json\/wp\/v2\/posts\/191669\/revisions"}],"wp:featuredmedia":[{"embeddable":true,"href":"https:\/\/radiofenix.com.ar\/2023\/wp-json\/wp\/v2\/media\/191670"}],"wp:attachment":[{"href":"https:\/\/radiofenix.com.ar\/2023\/wp-json\/wp\/v2\/media?parent=191669"}],"wp:term":[{"taxonomy":"category","embeddable":true,"href":"https:\/\/radiofenix.com.ar\/2023\/wp-json\/wp\/v2\/categories?post=191669"},{"taxonomy":"post_tag","embeddable":true,"href":"https:\/\/radiofenix.com.ar\/2023\/wp-json\/wp\/v2\/tags?post=191669"}],"curies":[{"name":"wp","href":"https:\/\/api.w.org\/{rel}","templated":true}]}}