{"id":191671,"date":"2023-11-23T08:57:39","date_gmt":"2023-11-23T08:57:39","guid":{"rendered":"https:\/\/radiofenix.com.ar\/2023\/biden-celebro-el-acuerdo-entre-israel-y-hamas\/"},"modified":"2023-11-23T08:57:39","modified_gmt":"2023-11-23T08:57:39","slug":"biden-celebro-el-acuerdo-entre-israel-y-hamas","status":"publish","type":"post","link":"https:\/\/radiofenix.com.ar\/2023\/biden-celebro-el-acuerdo-entre-israel-y-hamas\/","title":{"rendered":"Biden celebr\u00f3 el acuerdo entre Israel y Hamas"},"content":{"rendered":"<div>\n<figure class=\"mb-3\"><img decoding=\"async\" src=\"https:\/\/www.telam.com.ar\/thumbs\/bluesteel\/advf\/imagenes\/2023\/10\/652fda9190c81_1200.jpg\" class=\" lazy \" width=\"100%\" height=\"100%\" alt=\"Joe Biden dijo estar satisfecho por la prxima liberacin de los rehenes Foto AFP\"\/><figcaption> Joe Biden dijo estar satisfecho por la pr\u00f3xima liberaci\u00f3n de los rehenes. Foto: AFP. <\/figcaption><\/figure>\n<p> El presidente estadounidense, <strong>Joe Biden, se declar\u00f3 \u00abextraordinariamente satisfecho\u00bb<\/strong> por la pr\u00f3xima liberaci\u00f3n de los rehenes tomados por el movimiento islamista palestino Hamas en su ataque en Israel en virtud de un acuerdo de tregua entre ambas partes.<\/p>\n<p>\u00abEstoy extraordinariamente satisfecho de que algunas de estas valientes almas&#8230; puedan reunirse con sus familias una vez que el acuerdo se haya aplicado plenamente\u00bb, dijo Biden en comunicado difundido por la Casa Blanca.<\/p>\n<p>El presidente agradeci\u00f3 a los gobernantes de Qatar y Egipto su \u00abliderazgo decisivo\u00bb para alcanzar el pacto y <strong>elogi\u00f3 tambi\u00e9n a Israel por aceptar una pausa<\/strong> prolongada de los combates en Gaza para permitir la entrega de ayuda humanitaria.<\/p>\n<blockquote class=\"\"><p>La tregua de cuatro d\u00edas anunciada por Qatar tras semanas de escalada supuso el primer gran avance diplom\u00e1tico desde que comenzaron los combates hace m\u00e1s de seis semanas<\/p><\/blockquote>\n<p> Se\u00f1al\u00f3 que dos rehenes estadounidenses hab\u00edan sido liberados a finales de octubre como parte de una intensa diplomacia.<\/p>\n<p>\u00abEl acuerdo de hoy deber\u00eda traer de vuelta a casa a m\u00e1s rehenes estadounidenses, y <strong>no parar\u00e9 hasta que todos sean liberados<\/strong>\u00ab, se\u00f1al\u00f3 Biden, inform\u00f3 la agencia de noticias AFP.<\/p>\n<p><figure class=\"mb-3\"><img decoding=\"async\" src=\"https:\/\/www.telam.com.ar\/thumbs\/bluesteel\/advf\/imagenes\/2023\/10\/652faeb1e9ad1_1200.jpg\" class=\" lazy \" width=\"100%\" height=\"100%\" alt=\"Foto AFP\"\/><figcaption> Foto: AFP. <\/figcaption><\/figure>\n<p>La tregua de cuatro d\u00edas anunciada por Qatar tras semanas de escalada supuso el primer gran avance diplom\u00e1tico desde que comenzaron los combates hace m\u00e1s de seis semanas.<\/p>\n<p>En virtud del acuerdo alcanzado, Hamas, que gobierna en Gaza, liberar\u00e1 a 50 mujeres y ni\u00f1os tomados como rehenes durante su incursi\u00f3n del 7 de octubre, en la que murieron 1.200 personas, la mayor\u00eda civiles.<\/p>\n<blockquote class=\"\"><p>Israel lanz\u00f3 una ofensiva contra Gaza con el prop\u00f3sito de \u00abaniquilar\u00bb a Hamas, que ha dejado m\u00e1s de 14.000 muertos, incluyendo unos 5.500 ni\u00f1os, en este territorio<\/p><\/blockquote>\n<p> Desde entonces, Israel lanz\u00f3 una ofensiva contra Gaza con el prop\u00f3sito de \u00abaniquilar\u00bb a Hamas, que ha dejado <strong>m\u00e1s de 14.000 muertos<\/strong>, incluyendo unos 5.500 ni\u00f1os, en este territorio, v\u00edctimas de incesantes bombardeos y de las operaciones terrestres israel\u00edes.<\/p>\n<p>Un funcionario estadounidense adelant\u00f3 que se espera que tres estadounidenses, incluida la ni\u00f1a Abigail Mor Idan, de tres a\u00f1os, est\u00e9n entre las 50 personas que ser\u00e1n liberadas de forma escalonada.<\/p>\n<p>Qatar dijo que <strong>el inicio de la tregua se anunciar\u00e1 en las pr\u00f3ximas 24 horas<\/strong>. Hamas asegur\u00f3 que comenzar\u00e1 el jueves. <\/p>\n<\/div>\n<p><script async defer crossorigin=\"anonymous\" src=\"https:\/\/connect.facebook.net\/es_LA\/sdk.js#xfbml=1&#038;version=v12.0\" nonce=\"SBlHQzIF\"><\/script><br \/><a href=\"https:\/\/www.telam.com.ar\/notas\/202311\/647341-biden-acuerdo-israel-hamas-tregua-rehenes.html\">source<\/a><\/p>\n","protected":false},"excerpt":{"rendered":"<p>Joe Biden dijo estar satisfecho por la pr\u00f3xima liberaci\u00f3n de los rehenes. Foto: AFP. El&#8230;<\/p>\n","protected":false},"author":0,"featured_media":191672,"comment_status":"open","ping_status":"open","sticky":false,"template":"","format":"standard","meta":{"footnotes":""},"categories":[60],"tags":[],"class_list":["post-191671","post","type-post","status-publish","format-standard","has-post-thumbnail","hentry","category-internacional"],"featured_image_urls":{"full":["https:\/\/radiofenix.com.ar\/2023\/wp-content\/uploads\/2023\/11\/wp-header-logo-111.png",1200,675,false],"thumbnail":["https:\/\/radiofenix.com.ar\/2023\/wp-content\/uploads\/2023\/11\/wp-header-logo-111-150x150.png",150,150,true],"medium":["https:\/\/radiofenix.com.ar\/2023\/wp-content\/uploads\/2023\/11\/wp-header-logo-111-300x169.png",300,169,true],"medium_large":["https:\/\/radiofenix.com.ar\/2023\/wp-content\/uploads\/2023\/11\/wp-header-logo-111-768x432.png",640,360,true],"large":["https:\/\/radiofenix.com.ar\/2023\/wp-content\/uploads\/2023\/11\/wp-header-logo-111-1024x576.png",640,360,true],"1536x1536":["https:\/\/radiofenix.com.ar\/2023\/wp-content\/uploads\/2023\/11\/wp-header-logo-111.png",1200,675,false],"2048x2048":["https:\/\/radiofenix.com.ar\/2023\/wp-content\/uploads\/2023\/11\/wp-header-logo-111.png",1200,675,false],"newsium-slider-full":["https:\/\/radiofenix.com.ar\/2023\/wp-content\/uploads\/2023\/11\/wp-header-logo-111.png",1200,675,false],"newsium-featured":["https:\/\/radiofenix.com.ar\/2023\/wp-content\/uploads\/2023\/11\/wp-header-logo-111-1024x576.png",1024,576,true],"newsium-medium":["https:\/\/radiofenix.com.ar\/2023\/wp-content\/uploads\/2023\/11\/wp-header-logo-111-720x475.png",720,475,true]},"author_info":{"info":[""]},"category_info":"<a href=\"https:\/\/radiofenix.com.ar\/2023\/category\/internacional\/\" rel=\"category tag\">Internacional<\/a>","tag_info":"Internacional","comment_count":"0","_links":{"self":[{"href":"https:\/\/radiofenix.com.ar\/2023\/wp-json\/wp\/v2\/posts\/191671","targetHints":{"allow":["GET"]}}],"collection":[{"href":"https:\/\/radiofenix.com.ar\/2023\/wp-json\/wp\/v2\/posts"}],"about":[{"href":"https:\/\/radiofenix.com.ar\/2023\/wp-json\/wp\/v2\/types\/post"}],"replies":[{"embeddable":true,"href":"https:\/\/radiofenix.com.ar\/2023\/wp-json\/wp\/v2\/comments?post=191671"}],"version-history":[{"count":0,"href":"https:\/\/radiofenix.com.ar\/2023\/wp-json\/wp\/v2\/posts\/191671\/revisions"}],"wp:featuredmedia":[{"embeddable":true,"href":"https:\/\/radiofenix.com.ar\/2023\/wp-json\/wp\/v2\/media\/191672"}],"wp:attachment":[{"href":"https:\/\/radiofenix.com.ar\/2023\/wp-json\/wp\/v2\/media?parent=191671"}],"wp:term":[{"taxonomy":"category","embeddable":true,"href":"https:\/\/radiofenix.com.ar\/2023\/wp-json\/wp\/v2\/categories?post=191671"},{"taxonomy":"post_tag","embeddable":true,"href":"https:\/\/radiofenix.com.ar\/2023\/wp-json\/wp\/v2\/tags?post=191671"}],"curies":[{"name":"wp","href":"https:\/\/api.w.org\/{rel}","templated":true}]}}