{"id":191679,"date":"2023-11-23T14:00:10","date_gmt":"2023-11-23T14:00:10","guid":{"rendered":"https:\/\/radiofenix.com.ar\/2023\/?p=191679"},"modified":"2023-11-23T14:00:11","modified_gmt":"2023-11-23T14:00:11","slug":"estudia-a-distancia-en-undav-y-rendi-en-el-cet-atilra","status":"publish","type":"post","link":"https:\/\/radiofenix.com.ar\/2023\/estudia-a-distancia-en-undav-y-rendi-en-el-cet-atilra\/","title":{"rendered":"Estudi\u00e1 a distancia en UNDAV y rend\u00ed en el CET Atilra\u00a0"},"content":{"rendered":"\n<p>En el marco del convenio firmado entre Fundaci\u00f3n Atilra y la Universidad Nacional de Avellaneda, las y los estudiantes residentes en Sunchales y la regi\u00f3n podr\u00e1n registrarse a las diferentes propuestas formativas de pregrado y grado que, desde esta Universidad P\u00fablica se dictan bajo modalidad virtual. Las inscripciones ya se encuentran disponibles y se extienden hasta el 01 de diciembre, para dar comienzo el primer semestre del pr\u00f3ximo ciclo lectivo.&nbsp;&nbsp;<\/p>\n\n\n\n<p>Las personas que est\u00e9n interesadas en esta modalidad de estudio podr\u00e1n optar por las siguientes carreras:&nbsp;&nbsp;<\/p>\n\n\n\n<p>\u2022 Licenciatura en Gerencia de Empresas.\u00a0\u00a0<\/p>\n\n\n\n<figure class=\"wp-block-image size-large is-resized\"><a href=\"https:\/\/radiofenix.com.ar\/2023\/wp-content\/uploads\/2023\/11\/inscripciones-2024-UNDAV_IG2-scaled.jpg\"><img loading=\"lazy\" decoding=\"async\" width=\"1024\" height=\"1024\" src=\"https:\/\/radiofenix.com.ar\/2023\/wp-content\/uploads\/2023\/11\/inscripciones-2024-UNDAV_IG2-1024x1024.jpg\" alt=\"\" class=\"wp-image-191680\" style=\"aspect-ratio:1;object-fit:cover;width:296px;height:auto\" srcset=\"https:\/\/radiofenix.com.ar\/2023\/wp-content\/uploads\/2023\/11\/inscripciones-2024-UNDAV_IG2-1024x1024.jpg 1024w, https:\/\/radiofenix.com.ar\/2023\/wp-content\/uploads\/2023\/11\/inscripciones-2024-UNDAV_IG2-300x300.jpg 300w, https:\/\/radiofenix.com.ar\/2023\/wp-content\/uploads\/2023\/11\/inscripciones-2024-UNDAV_IG2-150x150.jpg 150w, https:\/\/radiofenix.com.ar\/2023\/wp-content\/uploads\/2023\/11\/inscripciones-2024-UNDAV_IG2-768x768.jpg 768w, https:\/\/radiofenix.com.ar\/2023\/wp-content\/uploads\/2023\/11\/inscripciones-2024-UNDAV_IG2-1536x1536.jpg 1536w, https:\/\/radiofenix.com.ar\/2023\/wp-content\/uploads\/2023\/11\/inscripciones-2024-UNDAV_IG2-2048x2048.jpg 2048w\" sizes=\"auto, (max-width: 1024px) 100vw, 1024px\" \/><\/a><\/figure>\n\n\n\n<p>\u2022 Tecnicatura en Direcci\u00f3n de Orquestas y Coros Infantiles y Juveniles.&nbsp;&nbsp;&nbsp;<\/p>\n\n\n\n<figure class=\"wp-block-image size-large is-resized\"><a href=\"https:\/\/radiofenix.com.ar\/2023\/wp-content\/uploads\/2023\/11\/inscripciones-2024-UNDAV_IG3-scaled.jpg\"><img loading=\"lazy\" decoding=\"async\" width=\"1024\" height=\"1024\" src=\"https:\/\/radiofenix.com.ar\/2023\/wp-content\/uploads\/2023\/11\/inscripciones-2024-UNDAV_IG3-1024x1024.jpg\" alt=\"\" class=\"wp-image-191681\" style=\"aspect-ratio:1;object-fit:cover;width:296px\" srcset=\"https:\/\/radiofenix.com.ar\/2023\/wp-content\/uploads\/2023\/11\/inscripciones-2024-UNDAV_IG3-1024x1024.jpg 1024w, https:\/\/radiofenix.com.ar\/2023\/wp-content\/uploads\/2023\/11\/inscripciones-2024-UNDAV_IG3-300x300.jpg 300w, https:\/\/radiofenix.com.ar\/2023\/wp-content\/uploads\/2023\/11\/inscripciones-2024-UNDAV_IG3-150x150.jpg 150w, https:\/\/radiofenix.com.ar\/2023\/wp-content\/uploads\/2023\/11\/inscripciones-2024-UNDAV_IG3-768x768.jpg 768w, https:\/\/radiofenix.com.ar\/2023\/wp-content\/uploads\/2023\/11\/inscripciones-2024-UNDAV_IG3-1536x1536.jpg 1536w, https:\/\/radiofenix.com.ar\/2023\/wp-content\/uploads\/2023\/11\/inscripciones-2024-UNDAV_IG3-2048x2048.jpg 2048w\" sizes=\"auto, (max-width: 1024px) 100vw, 1024px\" \/><\/a><\/figure>\n\n\n\n<p>\u2022 Tecnicatura en Intervenci\u00f3n Socio Comunitaria.\u00a0\u00a0<\/p>\n\n\n\n<figure class=\"wp-block-image size-large is-resized\"><a href=\"https:\/\/radiofenix.com.ar\/2023\/wp-content\/uploads\/2023\/11\/inscripciones-2024-UNDAV_IG4-scaled.jpg\"><img loading=\"lazy\" decoding=\"async\" width=\"1024\" height=\"1024\" src=\"https:\/\/radiofenix.com.ar\/2023\/wp-content\/uploads\/2023\/11\/inscripciones-2024-UNDAV_IG4-1024x1024.jpg\" alt=\"\" class=\"wp-image-191682\" style=\"aspect-ratio:1;object-fit:cover;width:296px\" srcset=\"https:\/\/radiofenix.com.ar\/2023\/wp-content\/uploads\/2023\/11\/inscripciones-2024-UNDAV_IG4-1024x1024.jpg 1024w, https:\/\/radiofenix.com.ar\/2023\/wp-content\/uploads\/2023\/11\/inscripciones-2024-UNDAV_IG4-300x300.jpg 300w, https:\/\/radiofenix.com.ar\/2023\/wp-content\/uploads\/2023\/11\/inscripciones-2024-UNDAV_IG4-150x150.jpg 150w, https:\/\/radiofenix.com.ar\/2023\/wp-content\/uploads\/2023\/11\/inscripciones-2024-UNDAV_IG4-768x768.jpg 768w, https:\/\/radiofenix.com.ar\/2023\/wp-content\/uploads\/2023\/11\/inscripciones-2024-UNDAV_IG4-1536x1536.jpg 1536w, https:\/\/radiofenix.com.ar\/2023\/wp-content\/uploads\/2023\/11\/inscripciones-2024-UNDAV_IG4-2048x2048.jpg 2048w\" sizes=\"auto, (max-width: 1024px) 100vw, 1024px\" \/><\/a><\/figure>\n\n\n\n<p>\u2022 Tecnicatura en Pol\u00edtica, Gesti\u00f3n y Comunicaci\u00f3n.\u00a0\u00a0\u00a0<\/p>\n\n\n\n<figure class=\"wp-block-image size-large is-resized\"><a href=\"https:\/\/radiofenix.com.ar\/2023\/wp-content\/uploads\/2023\/11\/inscripciones-2024-UNDAV_IG5-scaled.jpg\"><img loading=\"lazy\" decoding=\"async\" width=\"1024\" height=\"1024\" src=\"https:\/\/radiofenix.com.ar\/2023\/wp-content\/uploads\/2023\/11\/inscripciones-2024-UNDAV_IG5-1024x1024.jpg\" alt=\"\" class=\"wp-image-191683\" style=\"aspect-ratio:1;object-fit:cover;width:296px\" srcset=\"https:\/\/radiofenix.com.ar\/2023\/wp-content\/uploads\/2023\/11\/inscripciones-2024-UNDAV_IG5-1024x1024.jpg 1024w, https:\/\/radiofenix.com.ar\/2023\/wp-content\/uploads\/2023\/11\/inscripciones-2024-UNDAV_IG5-300x300.jpg 300w, https:\/\/radiofenix.com.ar\/2023\/wp-content\/uploads\/2023\/11\/inscripciones-2024-UNDAV_IG5-150x150.jpg 150w, https:\/\/radiofenix.com.ar\/2023\/wp-content\/uploads\/2023\/11\/inscripciones-2024-UNDAV_IG5-768x768.jpg 768w, https:\/\/radiofenix.com.ar\/2023\/wp-content\/uploads\/2023\/11\/inscripciones-2024-UNDAV_IG5-1536x1536.jpg 1536w, https:\/\/radiofenix.com.ar\/2023\/wp-content\/uploads\/2023\/11\/inscripciones-2024-UNDAV_IG5-2048x2048.jpg 2048w\" sizes=\"auto, (max-width: 1024px) 100vw, 1024px\" \/><\/a><\/figure>\n\n\n\n<p>\u2022 Tecnicatura Universitaria en Seguridad e Higiene de la Industria Mec\u00e1nico-Automotriz.\u00a0\u00a0<\/p>\n\n\n\n<figure class=\"wp-block-image size-large is-resized\"><a href=\"https:\/\/radiofenix.com.ar\/2023\/wp-content\/uploads\/2023\/11\/inscripciones-2024-UNDAV_IG6-scaled.jpg\"><img loading=\"lazy\" decoding=\"async\" width=\"1024\" height=\"1024\" src=\"https:\/\/radiofenix.com.ar\/2023\/wp-content\/uploads\/2023\/11\/inscripciones-2024-UNDAV_IG6-1024x1024.jpg\" alt=\"\" class=\"wp-image-191685\" style=\"aspect-ratio:1;object-fit:cover;width:296px\" srcset=\"https:\/\/radiofenix.com.ar\/2023\/wp-content\/uploads\/2023\/11\/inscripciones-2024-UNDAV_IG6-1024x1024.jpg 1024w, https:\/\/radiofenix.com.ar\/2023\/wp-content\/uploads\/2023\/11\/inscripciones-2024-UNDAV_IG6-300x300.jpg 300w, https:\/\/radiofenix.com.ar\/2023\/wp-content\/uploads\/2023\/11\/inscripciones-2024-UNDAV_IG6-150x150.jpg 150w, https:\/\/radiofenix.com.ar\/2023\/wp-content\/uploads\/2023\/11\/inscripciones-2024-UNDAV_IG6-768x768.jpg 768w, https:\/\/radiofenix.com.ar\/2023\/wp-content\/uploads\/2023\/11\/inscripciones-2024-UNDAV_IG6-1536x1536.jpg 1536w, https:\/\/radiofenix.com.ar\/2023\/wp-content\/uploads\/2023\/11\/inscripciones-2024-UNDAV_IG6-2048x2048.jpg 2048w\" sizes=\"auto, (max-width: 1024px) 100vw, 1024px\" \/><\/a><\/figure>\n\n\n\n<p>\u2022 Ciclo de Complementaci\u00f3n Curricular &#8211; Licenciatura Museolog\u00eda y Repositorios Culturales y Naturales.&nbsp;&nbsp;<\/p>\n\n\n\n<figure class=\"wp-block-image size-large is-resized\"><a href=\"https:\/\/radiofenix.com.ar\/2023\/wp-content\/uploads\/2023\/11\/inscripciones-2024-UNDAV_IG7-scaled.jpg\"><img loading=\"lazy\" decoding=\"async\" width=\"1024\" height=\"1024\" src=\"https:\/\/radiofenix.com.ar\/2023\/wp-content\/uploads\/2023\/11\/inscripciones-2024-UNDAV_IG7-1024x1024.jpg\" alt=\"\" class=\"wp-image-191684\" style=\"aspect-ratio:1;object-fit:cover;width:296px\" srcset=\"https:\/\/radiofenix.com.ar\/2023\/wp-content\/uploads\/2023\/11\/inscripciones-2024-UNDAV_IG7-1024x1024.jpg 1024w, https:\/\/radiofenix.com.ar\/2023\/wp-content\/uploads\/2023\/11\/inscripciones-2024-UNDAV_IG7-300x300.jpg 300w, https:\/\/radiofenix.com.ar\/2023\/wp-content\/uploads\/2023\/11\/inscripciones-2024-UNDAV_IG7-150x150.jpg 150w, https:\/\/radiofenix.com.ar\/2023\/wp-content\/uploads\/2023\/11\/inscripciones-2024-UNDAV_IG7-768x768.jpg 768w, https:\/\/radiofenix.com.ar\/2023\/wp-content\/uploads\/2023\/11\/inscripciones-2024-UNDAV_IG7-1536x1536.jpg 1536w, https:\/\/radiofenix.com.ar\/2023\/wp-content\/uploads\/2023\/11\/inscripciones-2024-UNDAV_IG7-2048x2048.jpg 2048w\" sizes=\"auto, (max-width: 1024px) 100vw, 1024px\" \/><\/a><\/figure>\n\n\n\n<p>\u2022 Ciclo de Complementaci\u00f3n Curricular &#8211; Licenciatura en Periodismo.\u00a0\u00a0<\/p>\n\n\n\n<figure class=\"wp-block-image size-large is-resized\"><a href=\"https:\/\/radiofenix.com.ar\/2023\/wp-content\/uploads\/2023\/11\/inscripciones-2024-UNDAV_IG8-scaled.jpg\"><img loading=\"lazy\" decoding=\"async\" width=\"1024\" height=\"1024\" src=\"https:\/\/radiofenix.com.ar\/2023\/wp-content\/uploads\/2023\/11\/inscripciones-2024-UNDAV_IG8-1024x1024.jpg\" alt=\"\" class=\"wp-image-191686\" style=\"aspect-ratio:1;object-fit:cover;width:296px\" srcset=\"https:\/\/radiofenix.com.ar\/2023\/wp-content\/uploads\/2023\/11\/inscripciones-2024-UNDAV_IG8-1024x1024.jpg 1024w, https:\/\/radiofenix.com.ar\/2023\/wp-content\/uploads\/2023\/11\/inscripciones-2024-UNDAV_IG8-300x300.jpg 300w, https:\/\/radiofenix.com.ar\/2023\/wp-content\/uploads\/2023\/11\/inscripciones-2024-UNDAV_IG8-150x150.jpg 150w, https:\/\/radiofenix.com.ar\/2023\/wp-content\/uploads\/2023\/11\/inscripciones-2024-UNDAV_IG8-768x768.jpg 768w, https:\/\/radiofenix.com.ar\/2023\/wp-content\/uploads\/2023\/11\/inscripciones-2024-UNDAV_IG8-1536x1536.jpg 1536w, https:\/\/radiofenix.com.ar\/2023\/wp-content\/uploads\/2023\/11\/inscripciones-2024-UNDAV_IG8-2048x2048.jpg 2048w\" sizes=\"auto, (max-width: 1024px) 100vw, 1024px\" \/><\/a><\/figure>\n\n\n\n<p>Quienes inicien sus estudios, como as\u00ed tambi\u00e9n las personas que ya se encuentran cursando diferentes trayectos, cuentan con <strong>el Centro Educativo Tecnol\u00f3gico de Atilra como unidad de apoyo<\/strong>, siendo la \u00fanica en la provincia de Santa Fe, pudiendo acceder a rendir en sus aulas, realizar trabajos pr\u00e1cticos, consultas y disfrutar todas las instalaciones del Campus de Fundaci\u00f3n Atilra.&nbsp;&nbsp;&nbsp;<\/p>\n\n\n\n<p>La propuesta de formaci\u00f3n a distancia permite realizar los estudios de manera asincr\u00f3nica, cursando todas las asignaturas a trav\u00e9s del Campus Virtual UNDAV donde se encuentran disponibles los contenidos con herramientas de comunicaci\u00f3n, bibliograf\u00eda digitalizada, recursos multimedia y espacios de trabajo colaborativo. As\u00ed, cada estudiante podr\u00e1 adecuar los momentos de cursado y la realizaci\u00f3n de trabajos en funci\u00f3n a sus tiempos y sus actividades diarias.&nbsp;<\/p>\n\n\n\n<p><strong>CET ATILRA, un lugar que tiene todo\u2026<\/strong>\u00a0<\/p>\n\n\n\n<figure class=\"wp-block-image size-large\"><a href=\"https:\/\/radiofenix.com.ar\/2023\/wp-content\/uploads\/2023\/11\/inscripciones-2024-UNDAV_2-scaled.jpg\"><img loading=\"lazy\" decoding=\"async\" width=\"724\" height=\"1024\" src=\"https:\/\/radiofenix.com.ar\/2023\/wp-content\/uploads\/2023\/11\/inscripciones-2024-UNDAV_2-724x1024.jpg\" alt=\"\" class=\"wp-image-191687\" srcset=\"https:\/\/radiofenix.com.ar\/2023\/wp-content\/uploads\/2023\/11\/inscripciones-2024-UNDAV_2-724x1024.jpg 724w, https:\/\/radiofenix.com.ar\/2023\/wp-content\/uploads\/2023\/11\/inscripciones-2024-UNDAV_2-212x300.jpg 212w, https:\/\/radiofenix.com.ar\/2023\/wp-content\/uploads\/2023\/11\/inscripciones-2024-UNDAV_2-768x1086.jpg 768w, https:\/\/radiofenix.com.ar\/2023\/wp-content\/uploads\/2023\/11\/inscripciones-2024-UNDAV_2-1086x1536.jpg 1086w, https:\/\/radiofenix.com.ar\/2023\/wp-content\/uploads\/2023\/11\/inscripciones-2024-UNDAV_2-1448x2048.jpg 1448w, https:\/\/radiofenix.com.ar\/2023\/wp-content\/uploads\/2023\/11\/inscripciones-2024-UNDAV_2-1024x1448.jpg 1024w, https:\/\/radiofenix.com.ar\/2023\/wp-content\/uploads\/2023\/11\/inscripciones-2024-UNDAV_2-scaled.jpg 1810w\" sizes=\"auto, (max-width: 724px) 100vw, 724px\" \/><\/a><\/figure>\n\n\n\n<p>El Centro Educativo Tecnol\u00f3gico es un espacio que acerca a la comunidad la educaci\u00f3n, la cultura y el arte como bienes sociales intangibles con la mirada en la dignidad, la solidaridad y el bien com\u00fan.&nbsp;<\/p>\n\n\n\n<p>En la extensi\u00f3n de su gran predio, incluye diferentes instalaciones para que estudiantes, familias, vecin@s, afiliad@s y toda la comunidad, puedan disfrutar una grata experiencia:&nbsp;<\/p>\n\n\n\n<p>\u2022 Hotel Atilra Sunchales: emplazado a pocos metros del Centro de Estudios, es un moderno hotel que presenta 62 habitaciones simples, dobles, triples y adaptadas para personas con diversidad funcional; contando con servicios de primera calidad y con una proyecci\u00f3n Eco Friendly que lo constituye como un edificio sustentable, reduciendo as\u00ed su huella de carbono.&nbsp;<\/p>\n\n\n\n<p>\u2022 Restaurante Los Robles \u00abSabores de Campo\u00bb: es un espacio de encuentro para las y los comensales de Sunchales y la regi\u00f3n las noches de los jueves y los s\u00e1bados; consta de una propuesta gastron\u00f3mica premium que contempla la cocina regional, junto con una iniciativa cultural que combina m\u00fasica, shows en vivo y un lugar de entretenimiento para las y los m\u00e1s peque\u00f1os. Adem\u00e1s, quienes se alojan en el Hotel Atilra pueden acceder a diario a sus elaboraciones.&nbsp;&nbsp;<\/p>\n\n\n\n<p>\u2022 Biblioteca Nelson Mandela: ubicada en el primer piso del Centro de Estudios, cuenta con una amplia variedad de obras literarias y educativas, una sala de lectura silenciosa, una sala de estudios con acceso a internet y un gran espacio para poder repasar, trabajar y\/o realizar diferentes tareas. Esta es una biblioteca popular que est\u00e1 abierta a toda la comunidad de lunes a viernes de 8 a 20hs. y los s\u00e1bados de 8 a 12hs.&nbsp;<\/p>\n\n\n\n<p>\u2022 Espacio Deportivo y Recreativo Atilra: es una zona ideal para descansar y desconectarse o recargarse de energ\u00edas. Cuenta con un natatorio, dos canchas de p\u00e1del, canchas de f\u00fatbol 5, plaza de juegos y El Quincho, un bar con opciones para todos los gustos.&nbsp;<\/p>\n\n\n\n<p>De esta manera, adem\u00e1s de una unidad de apoyo, el CET se presenta como un espacio integral para que las y los estudiantes de UNDAV puedan realizar sus actividades educativas, como as\u00ed tambi\u00e9n, tengan la posibilidad de gestionar su estad\u00eda, utilizar las instalaciones y experimentar todas las comodidades disponibles.&nbsp;&nbsp;<\/p>\n\n\n\n<p>Desde Fundaci\u00f3n Atilra creemos que esta articulaci\u00f3n con UNDAV, como con otros centros universitarios nacionales, da lugar a que un gran n\u00famero de personas j\u00f3venes y adultas accedan a una educaci\u00f3n m\u00e1s equitativa, aprendan a su propio ritmo y pueda complementar las actividades de su d\u00eda a d\u00eda. Por otra parte, este valioso v\u00ednculo se enmarca en el plan estrat\u00e9gico de la Instituci\u00f3n, integrando las acciones que potencian la diversidad y amplitud de las propuestas acad\u00e9micas con el fin de que quienes quieran estudiar, encuentren su lugar y tengan opciones para elegir seg\u00fan sus preferencias y necesidades personales y profesionales.&nbsp;<\/p>\n\n\n\n<p>Para consultas sobre las carreras, becas e informaci\u00f3n general, se encuentran disponibles los siguientes canales de contacto:&nbsp;&nbsp;<\/p>\n\n\n\n<p>\u2022 CET Atilra: RN 34 km 262, Sunchales&nbsp;<\/p>\n\n\n\n<p>\u2022 Mail: <a href=\"mailto:infocet@atilra.org.ar\" target=\"_blank\" rel=\"noreferrer noopener\">infocet@atilra.org.ar<\/a>&nbsp;&nbsp;<\/p>\n\n\n\n<p>\u2022 Tel\u00e9fonos: 03493 454541\/42, +54 9 3493 664317,&nbsp;&nbsp;<\/p>\n\n\n\n<p>\u2022 Web: <a href=\"http:\/\/www.undav.edu.ar\/\" target=\"_blank\" rel=\"noreferrer noopener\">www.undav.edu.ar<\/a>&nbsp;<\/p>\n\n\n\n<p><strong>Transformando realidades, construyendo juntxs el futuro.&nbsp;<\/strong><\/p>\n","protected":false},"excerpt":{"rendered":"<p>En el marco del convenio firmado entre Fundaci\u00f3n Atilra y la Universidad Nacional de Avellaneda,&#8230;<\/p>\n","protected":false},"author":3,"featured_media":191688,"comment_status":"open","ping_status":"open","sticky":true,"template":"","format":"standard","meta":{"footnotes":""},"categories":[12,13,35,18,6],"tags":[8,110,67,109,15,113,114,111,112],"class_list":["post-191679","post","type-post","status-publish","format-standard","has-post-thumbnail","hentry","category-destacado","category-educacion","category-locales","category-regionales","category-ultimasnoticias","tag-atilra","tag-carreras","tag-cet-atilra","tag-educacion","tag-fundacion-atilra","tag-tecnicatura","tag-undav","tag-universidad","tag-universitarias"],"featured_image_urls":{"full":["https:\/\/radiofenix.com.ar\/2023\/wp-content\/uploads\/2023\/11\/inscripciones-2024-UNDAV_1-scaled.jpg",1810,2560,false],"thumbnail":["https:\/\/radiofenix.com.ar\/2023\/wp-content\/uploads\/2023\/11\/inscripciones-2024-UNDAV_1-150x150.jpg",150,150,true],"medium":["https:\/\/radiofenix.com.ar\/2023\/wp-content\/uploads\/2023\/11\/inscripciones-2024-UNDAV_1-212x300.jpg",212,300,true],"medium_large":["https:\/\/radiofenix.com.ar\/2023\/wp-content\/uploads\/2023\/11\/inscripciones-2024-UNDAV_1-768x1086.jpg",640,905,true],"large":["https:\/\/radiofenix.com.ar\/2023\/wp-content\/uploads\/2023\/11\/inscripciones-2024-UNDAV_1-724x1024.jpg",640,905,true],"1536x1536":["https:\/\/radiofenix.com.ar\/2023\/wp-content\/uploads\/2023\/11\/inscripciones-2024-UNDAV_1-1086x1536.jpg",1086,1536,true],"2048x2048":["https:\/\/radiofenix.com.ar\/2023\/wp-content\/uploads\/2023\/11\/inscripciones-2024-UNDAV_1-1448x2048.jpg",1448,2048,true],"newsium-slider-full":["https:\/\/radiofenix.com.ar\/2023\/wp-content\/uploads\/2023\/11\/inscripciones-2024-UNDAV_1-1280x845.jpg",1280,845,true],"newsium-featured":["https:\/\/radiofenix.com.ar\/2023\/wp-content\/uploads\/2023\/11\/inscripciones-2024-UNDAV_1-1024x1448.jpg",1024,1448,true],"newsium-medium":["https:\/\/radiofenix.com.ar\/2023\/wp-content\/uploads\/2023\/11\/inscripciones-2024-UNDAV_1-720x475.jpg",720,475,true]},"author_info":{"info":["Radio Fenix"]},"category_info":"<a href=\"https:\/\/radiofenix.com.ar\/2023\/category\/destacado\/\" rel=\"category tag\">Destacado<\/a> <a href=\"https:\/\/radiofenix.com.ar\/2023\/category\/educacion\/\" rel=\"category tag\">Educaci\u00f3n<\/a> <a href=\"https:\/\/radiofenix.com.ar\/2023\/category\/locales\/\" rel=\"category tag\">Locales<\/a> <a href=\"https:\/\/radiofenix.com.ar\/2023\/category\/regionales\/\" rel=\"category tag\">Regionales<\/a> <a href=\"https:\/\/radiofenix.com.ar\/2023\/category\/ultimasnoticias\/\" rel=\"category tag\">Ultimas Noticias<\/a>","tag_info":"Ultimas Noticias","comment_count":"0","_links":{"self":[{"href":"https:\/\/radiofenix.com.ar\/2023\/wp-json\/wp\/v2\/posts\/191679","targetHints":{"allow":["GET"]}}],"collection":[{"href":"https:\/\/radiofenix.com.ar\/2023\/wp-json\/wp\/v2\/posts"}],"about":[{"href":"https:\/\/radiofenix.com.ar\/2023\/wp-json\/wp\/v2\/types\/post"}],"author":[{"embeddable":true,"href":"https:\/\/radiofenix.com.ar\/2023\/wp-json\/wp\/v2\/users\/3"}],"replies":[{"embeddable":true,"href":"https:\/\/radiofenix.com.ar\/2023\/wp-json\/wp\/v2\/comments?post=191679"}],"version-history":[{"count":1,"href":"https:\/\/radiofenix.com.ar\/2023\/wp-json\/wp\/v2\/posts\/191679\/revisions"}],"predecessor-version":[{"id":191689,"href":"https:\/\/radiofenix.com.ar\/2023\/wp-json\/wp\/v2\/posts\/191679\/revisions\/191689"}],"wp:featuredmedia":[{"embeddable":true,"href":"https:\/\/radiofenix.com.ar\/2023\/wp-json\/wp\/v2\/media\/191688"}],"wp:attachment":[{"href":"https:\/\/radiofenix.com.ar\/2023\/wp-json\/wp\/v2\/media?parent=191679"}],"wp:term":[{"taxonomy":"category","embeddable":true,"href":"https:\/\/radiofenix.com.ar\/2023\/wp-json\/wp\/v2\/categories?post=191679"},{"taxonomy":"post_tag","embeddable":true,"href":"https:\/\/radiofenix.com.ar\/2023\/wp-json\/wp\/v2\/tags?post=191679"}],"curies":[{"name":"wp","href":"https:\/\/api.w.org\/{rel}","templated":true}]}}