{"id":191693,"date":"2023-11-24T08:57:21","date_gmt":"2023-11-24T08:57:21","guid":{"rendered":"https:\/\/radiofenix.com.ar\/2023\/denuncian-que-la-justicia-no-autoriza-los-allanamientos-para-dar-con-un-excura-profugo\/"},"modified":"2023-11-24T08:57:21","modified_gmt":"2023-11-24T08:57:21","slug":"denuncian-que-la-justicia-no-autoriza-los-allanamientos-para-dar-con-un-excura-profugo","status":"publish","type":"post","link":"https:\/\/radiofenix.com.ar\/2023\/denuncian-que-la-justicia-no-autoriza-los-allanamientos-para-dar-con-un-excura-profugo\/","title":{"rendered":"Denuncian que la Justicia no autoriza los allanamientos para dar con un excura pr\u00f3fugo"},"content":{"rendered":"<div>\n<figure class=\"mb-3\"><img decoding=\"async\" src=\"https:\/\/www.telam.com.ar\/thumbs\/bluesteel\/advf\/imagenes\/2021\/03\/604d2adbc8076_1200.jpg\" class=\" lazy \" width=\"100%\" height=\"100%\" alt=\"Foto archivo\"\/><figcaption> Foto archivo. <\/figcaption><\/figure>\n<p> H\u00e9ctor Silveira, el abogado querellante en el juicio en el que iba a ser condenado por abuso sexual infantil el excura Carlos Eduardo Jos\u00e9, denunci\u00f3 que los jueces del Tribunal N\u00b0 2 de San Mart\u00edn vienen demorando y denegando los pedidos de allanamientos solicitados junto a la fiscal\u00eda para detener el exsacerdote que este jueves cumple tres meses pr\u00f3fugo y sobre el que pesa un pedido de captura nacional e internacional, incluida una circular roja de Interpol.<\/p>\n<p>\u00ab<strong>Carlos Eduardo Jos\u00e9 est\u00e1 pr\u00f3fugo desde el 22 de agosto y creemos que no sali\u00f3 del pa\u00eds<\/strong>, es m\u00e1s, hasta el 24 de octubre los indicios nos llevan a pensar que est\u00e1 en el Gran Buenos Aires\u00bb, dijo a T\u00e9lam H\u00e9ctor Silveira, el abogado de la v\u00edctima, M.G.<\/p>\n<p>El excura <strong>est\u00e1 acusado de \u00ababuso sexual gravemente ultrajante doblemente agravado<\/strong> por ser el imputado ministro de un culto reconocido y por encontrarse en la guarda de la v\u00edctima\u00bb, delito por el que iba a recibir una condena del TOC N\u00b02 de San Mart\u00edn el pasado 22 de agosto en los tribunales de San Mart\u00edn.<\/p>\n<blockquote class=\"\"><p>Silveira asegur\u00f3 que el exsacerdote \u00absigue pr\u00f3fugo porque el presidente del tribunal, Moramarco Terrarosa, no nos ha otorgado ninguno de los allanamientos y otras medidas solicitadas\u00bb, a pesar de que \u00abnosotros aportamos tres biblioratos enteros de pruebas\u00bb.<\/p><\/blockquote>\n<p> El pasado 22 de agosto, los jueces Marcelo Machado, H\u00e9ctor Toneguzzo y Alejandro Moramarco Terrarossa del del TOC N\u00b02 de San Mart\u00edn hab\u00edan convocado a la \u00abaudiencia de cesura\u00bb en la causa contra el excura por \u00ababuso sexual gravemente ultrajante doblemente agravado\u00bb de una alumna menor de edad, despu\u00e9s de que el Tribunal de Casaci\u00f3n Penal de la provincia de Buenos Aires revirtiera parcialmente su absoluci\u00f3n por prescripci\u00f3n en octubre de 2022, pero manteniendo al procesado en libertad.<\/p>\n<p>Ese tribunal consider\u00f3 que <strong>Jos\u00e9, de 64 a\u00f1os, agredi\u00f3 sexualmente a MG -quien ahora tiene 36 a\u00f1os- desde sus 11 a sus 20 a\u00f1os<\/strong>, en tiempos en que asist\u00eda al instituto educativo San Jos\u00e9 Obrero del que era representante legal.<\/p>\n<p>Ahora<strong> hay una circular roja de Interpol con orden de detenci\u00f3n por agresi\u00f3n sexual agravada <\/strong>por su condici\u00f3n de \u00abministro de culto y por encontrarse en la guarda de la v\u00edctima\u00bb.<\/p>\n<p>Seg\u00fan la notificaci\u00f3n roja de Interpol N\u00b0 A-7723\/8-2023 del 29 de agosto a la que tuvo acceso T\u00e9lam, Jos\u00e9 es un \u00abpr\u00f3fugo buscado para un proceso penal\u00bb en la Justicia argentina, a quien \u00abse le atribuye haber abusado sexualmente de M.G.\u00bb en el domicilio de la v\u00edctima \u00abaprovech\u00e1ndose del temor que \u00e9ste le infund\u00eda ante la situaci\u00f3n de autoridad eclesi\u00e1stica y escolar que ostentaba, que le imped\u00edan consentir y resistir tales embates\u00bb.<\/p>\n<p>Silveira asegur\u00f3 que el exsacerdote \u00absigue pr\u00f3fugo porque el presidente del tribunal, (Alejandro) Moramarco Terrarosa, no nos ha otorgado ninguno de los allanamientos y otras medidas solicitadas\u00bb, <strong>a pesar de que \u00abnosotros aportamos tres biblioratos enteros de pruebas\u00bb que fundamentan la necesitad de realizar esos operativos.<\/strong><\/p>\n<blockquote class=\"\"><p>El letrado explic\u00f3 que los pedidos de allanamientos vienen demor\u00e1ndose desde el 17 de octubre pasado, a pesar de que la respuesta inicial hab\u00eda sido afirmativa, porque \u00abcuando estaba todo listo, el juez tir\u00f3 todo para atr\u00e1s\u00bb.<\/p><\/blockquote>\n<p> \u00abPor menos de eso, se condena gente y ac\u00e1 lo que estamos pidiendo son allanamientos\u00bb, agreg\u00f3.<\/p>\n<p>El letrado explic\u00f3 que los pedidos de allanamientos vienen demor\u00e1ndose desde el 17 de octubre pasado, a pesar de que la respuesta inicial hab\u00eda sido afirmativa, porque \u00abcuando estaba todo listo, el juez tir\u00f3 todo para atr\u00e1s\u00bb.<\/p>\n<p>\u00abTelef\u00f3nicamente nos dijo que s\u00ed, y <strong>media hora antes de que las comisiones de la polic\u00eda salgan a hacer los allanamientos, fueron suspendidos y postergados por 48 horas para hacer m\u00e1s investigaciones\u00bb<\/strong>, cont\u00f3 el abogado excus\u00e1ndose de referir cu\u00e1ntos lugares eran los se\u00f1alados para no entorpecer la investigaci\u00f3n.<\/p>\n<p>\u00abLuego, el 20 de octubre sac\u00f3 otra resoluci\u00f3n diciendo que prorroga esa medida por 48 horas m\u00e1s y el 24 directamente deniega los allanamientos en funci\u00f3n de que pide m\u00e1s operaciones de inteligencia que le den un margen de seguridad mayor\u00bb, agreg\u00f3.<\/p>\n<p>No obstante,<strong> los pedidos de allanamientos \u00abno son al azar y atr\u00e1s de cada pedido de allanamiento hay seguimiento de n\u00fameros de tel\u00e9fonos, seguimiento de antenas, seguimiento inteligencia\u00bb <\/strong>que justifican esa solicitud.<\/p>\n<p>\u00abLa gente que est\u00e1 involucrada en el encubrimiento, en que se mantenga pr\u00f3fugo, son gente directamente vinculada a la iglesia cat\u00f3lica y a testigos que declararon a favor del cura durante el juicio o laicos que pertenecen a la iglesia\u00bb, se\u00f1al\u00f3.<\/p>\n<p>\u00abEl juez lo que pretende es no allanar, que se lo encuentre en alg\u00fan lugar no cerrado porque <strong>los lugares a allanar son todos lugares vinculados a gente perteneciente a la Iglesia, de una manera u otra\u00bb, sentenci\u00f3.<\/strong><\/p>\n<p>Jos\u00e9 ya hab\u00eda estado una semana pr\u00f3fugo en julio de 2017 cuando fue requerido por primera vez por esta denuncia y en virtud de esta actitud esquiva, la Justicia le deneg\u00f3 sucesivos pedidos de excarcelaci\u00f3n o prisi\u00f3n domiciliaria, llegando bajo prisi\u00f3n preventiva al juicio de primera instancia celebrado entre febrero y marzo de 2021.<\/p>\n<\/div>\n<p><script async defer crossorigin=\"anonymous\" src=\"https:\/\/connect.facebook.net\/es_LA\/sdk.js#xfbml=1&#038;version=v12.0\" nonce=\"SBlHQzIF\"><\/script><br \/><a href=\"https:\/\/www.telam.com.ar\/notas\/202311\/647512-justicia-autorizacion-allanamientos-cura-profugo-calors-eduardo-jose.html\">source<\/a><\/p>\n","protected":false},"excerpt":{"rendered":"<p>Foto archivo. H\u00e9ctor Silveira, el abogado querellante en el juicio en el que iba a&#8230;<\/p>\n","protected":false},"author":0,"featured_media":191694,"comment_status":"open","ping_status":"open","sticky":false,"template":"","format":"standard","meta":{"footnotes":""},"categories":[7],"tags":[],"class_list":["post-191693","post","type-post","status-publish","format-standard","has-post-thumbnail","hentry","category-sociedad"],"featured_image_urls":{"full":["https:\/\/radiofenix.com.ar\/2023\/wp-content\/uploads\/2023\/11\/wp-header-logo-115.png",1004,565,false],"thumbnail":["https:\/\/radiofenix.com.ar\/2023\/wp-content\/uploads\/2023\/11\/wp-header-logo-115-150x150.png",150,150,true],"medium":["https:\/\/radiofenix.com.ar\/2023\/wp-content\/uploads\/2023\/11\/wp-header-logo-115-300x169.png",300,169,true],"medium_large":["https:\/\/radiofenix.com.ar\/2023\/wp-content\/uploads\/2023\/11\/wp-header-logo-115-768x432.png",640,360,true],"large":["https:\/\/radiofenix.com.ar\/2023\/wp-content\/uploads\/2023\/11\/wp-header-logo-115.png",640,360,false],"1536x1536":["https:\/\/radiofenix.com.ar\/2023\/wp-content\/uploads\/2023\/11\/wp-header-logo-115.png",1004,565,false],"2048x2048":["https:\/\/radiofenix.com.ar\/2023\/wp-content\/uploads\/2023\/11\/wp-header-logo-115.png",1004,565,false],"newsium-slider-full":["https:\/\/radiofenix.com.ar\/2023\/wp-content\/uploads\/2023\/11\/wp-header-logo-115.png",1004,565,false],"newsium-featured":["https:\/\/radiofenix.com.ar\/2023\/wp-content\/uploads\/2023\/11\/wp-header-logo-115.png",1004,565,false],"newsium-medium":["https:\/\/radiofenix.com.ar\/2023\/wp-content\/uploads\/2023\/11\/wp-header-logo-115-720x475.png",720,475,true]},"author_info":{"info":[""]},"category_info":"<a href=\"https:\/\/radiofenix.com.ar\/2023\/category\/sociedad\/\" rel=\"category tag\">Sociedad<\/a>","tag_info":"Sociedad","comment_count":"0","_links":{"self":[{"href":"https:\/\/radiofenix.com.ar\/2023\/wp-json\/wp\/v2\/posts\/191693","targetHints":{"allow":["GET"]}}],"collection":[{"href":"https:\/\/radiofenix.com.ar\/2023\/wp-json\/wp\/v2\/posts"}],"about":[{"href":"https:\/\/radiofenix.com.ar\/2023\/wp-json\/wp\/v2\/types\/post"}],"replies":[{"embeddable":true,"href":"https:\/\/radiofenix.com.ar\/2023\/wp-json\/wp\/v2\/comments?post=191693"}],"version-history":[{"count":0,"href":"https:\/\/radiofenix.com.ar\/2023\/wp-json\/wp\/v2\/posts\/191693\/revisions"}],"wp:featuredmedia":[{"embeddable":true,"href":"https:\/\/radiofenix.com.ar\/2023\/wp-json\/wp\/v2\/media\/191694"}],"wp:attachment":[{"href":"https:\/\/radiofenix.com.ar\/2023\/wp-json\/wp\/v2\/media?parent=191693"}],"wp:term":[{"taxonomy":"category","embeddable":true,"href":"https:\/\/radiofenix.com.ar\/2023\/wp-json\/wp\/v2\/categories?post=191693"},{"taxonomy":"post_tag","embeddable":true,"href":"https:\/\/radiofenix.com.ar\/2023\/wp-json\/wp\/v2\/tags?post=191693"}],"curies":[{"name":"wp","href":"https:\/\/api.w.org\/{rel}","templated":true}]}}