{"id":191717,"date":"2023-11-25T08:57:32","date_gmt":"2023-11-25T08:57:32","guid":{"rendered":"https:\/\/radiofenix.com.ar\/2023\/diana-mondino-desestimo-dificultades-en-el-armado-del-gabinete-de-milei\/"},"modified":"2023-11-25T08:57:32","modified_gmt":"2023-11-25T08:57:32","slug":"diana-mondino-desestimo-dificultades-en-el-armado-del-gabinete-de-milei","status":"publish","type":"post","link":"https:\/\/radiofenix.com.ar\/2023\/diana-mondino-desestimo-dificultades-en-el-armado-del-gabinete-de-milei\/","title":{"rendered":"Diana Mondino desestim\u00f3 &quot;dificultades&quot; en el armado del gabinete de Milei"},"content":{"rendered":"<div>\n<figure class=\"mb-3\"><img decoding=\"async\" src=\"https:\/\/www.telam.com.ar\/thumbs\/bluesteel\/advf\/imagenes\/2023\/11\/656095d03493e_1200.jpg\" class=\" lazy \" width=\"100%\" height=\"100%\" alt=\"Foto Daniel Dabove\"\/><figcaption> Foto: Daniel Dabove. <\/figcaption><\/figure>\n<p> La designada canciller del gobierno de Javier Milei, <strong>Diana Mondino<\/strong>, afirm\u00f3 este viernes que <strong>La Libertad Avanza elegir\u00e1 \u00aba los mejores para cada lugar\u00bb<\/strong> del gabinete, y dijo que no hay \u00abdificultades\u00bb en las designaciones que se analizan en el espacio durante estos d\u00edas, en el marco del per\u00edodo de transici\u00f3n hacia el 10 de diciembre cuando asume el presidente electo.<\/p>\n<p><strong>\u00ab\u00bfDificultades? Al contrario\u00bb<\/strong>, respondi\u00f3 Mondino en di\u00e1logo con la prensa en la puerta del hotel Libertador, ubicado en avenida C\u00f3rdoba y Maip\u00fa, a donde ingres\u00f3 pasadas las 8.40 para mantener reuniones con Milei y sus equipos t\u00e9cnicos.<\/p>\n<p>Las declaraciones se conocen luego de una jornada de negociaciones y cambios en los nombres previstos en algunos cargos del gobierno de Milei.<\/p>\n<p>\u00abHab\u00edamos dicho que hasta el 10 de diciembre no vamos a decir nombres pero ustedes (por los periodistas) son muy curiosos. <strong>Estamos trabajando de m\u00faltiples maneras para formar equipos. Vamos a elegir a los mejores para cada lugar<\/strong>\u00ab, afirm\u00f3 Mondino.<\/p>\n<p><figure class=\"mb-3\"><img decoding=\"async\" src=\"https:\/\/www.telam.com.ar\/thumbs\/bluesteel\/advf\/imagenes\/2023\/11\/656095d012458_1200.jpg\" class=\" lazy \" width=\"100%\" height=\"100%\" alt=\"Foto Daniel Dabove\"\/><figcaption> Foto: Daniel Dabove. <\/figcaption><\/figure>\n<p>La dirigente <strong>no quiso confirmar la designaci\u00f3n de Patricia Bullrich como ministra de Seguridad ni la de de Luis \u00abToto\u00bb Caputo, exministro de Finanzas y exjefe del Banco Central, como titular de Econom\u00eda<\/strong>, nombres que circularon este jueves.<\/p>\n<p><strong>\u00abNo vamos a hacer ning\u00fan anuncio ni ninguna confirmaci\u00f3n\u00bb<\/strong>, respondi\u00f3 Mondino ante la insistencia de los periodistas.<\/p>\n<p>Lo que s\u00ed pareci\u00f3 confirmar es la decisi\u00f3n de que <strong>Carolina P\u00edparo<\/strong> finalmente no se haga cargo de la Anses, tal como se hab\u00eda anunciado inicialmente.<\/p>\n<p>\u00abElla tiene una tarea fundamental en el Congreso, tiene una gran experiencia y una gran capacidad de gesti\u00f3n, hay que ver cu\u00e1l es la mejor posici\u00f3n para ella\u00bb, indic\u00f3 la designada canciller.<\/p>\n<p>Y agreg\u00f3: \u00abEl Congreso es uno de los tres poderes, es necesario tener consensos all\u00ed, tenemos casi 20 a\u00f1os de pensamiento \u00fanico y casi qu\u00f3rum propio de un \u00fanico partido; eso se ha roto y espero que se rompa para siempre\u00bb.<\/p>\n<p>Finalmente, se refiri\u00f3 a la reuni\u00f3n de transici\u00f3n que mantuvo el jueves con el canciller saliente Santiago Cafiero: \u00abFue un encuentro muy amable, en el que nos transmiti\u00f3 su preocupaci\u00f3n de muchos temas internacionales\u00bb.<\/p>\n<p>Adem\u00e1s de Mondino, ingresaron al Libertador Hotel el designado jefe de Gabinete, Nicol\u00e1s Posse, y el futuro ministro del Interior, Guillermo Francos. <\/p>\n<\/div>\n<p><script async defer crossorigin=\"anonymous\" src=\"https:\/\/connect.facebook.net\/es_LA\/sdk.js#xfbml=1&#038;version=v12.0\" nonce=\"SBlHQzIF\"><\/script><br \/><a href=\"https:\/\/www.telam.com.ar\/notas\/202311\/647600-mondino-gabinete-milei.html\">source<\/a><\/p>\n","protected":false},"excerpt":{"rendered":"<p>Foto: Daniel Dabove. La designada canciller del gobierno de Javier Milei, Diana Mondino, afirm\u00f3 este&#8230;<\/p>\n","protected":false},"author":0,"featured_media":191718,"comment_status":"open","ping_status":"open","sticky":false,"template":"","format":"standard","meta":{"footnotes":""},"categories":[2],"tags":[],"class_list":["post-191717","post","type-post","status-publish","format-standard","has-post-thumbnail","hentry","category-politica"],"featured_image_urls":{"full":["https:\/\/radiofenix.com.ar\/2023\/wp-content\/uploads\/2023\/11\/wp-header-logo-127.png",1200,675,false],"thumbnail":["https:\/\/radiofenix.com.ar\/2023\/wp-content\/uploads\/2023\/11\/wp-header-logo-127-150x150.png",150,150,true],"medium":["https:\/\/radiofenix.com.ar\/2023\/wp-content\/uploads\/2023\/11\/wp-header-logo-127-300x169.png",300,169,true],"medium_large":["https:\/\/radiofenix.com.ar\/2023\/wp-content\/uploads\/2023\/11\/wp-header-logo-127-768x432.png",640,360,true],"large":["https:\/\/radiofenix.com.ar\/2023\/wp-content\/uploads\/2023\/11\/wp-header-logo-127-1024x576.png",640,360,true],"1536x1536":["https:\/\/radiofenix.com.ar\/2023\/wp-content\/uploads\/2023\/11\/wp-header-logo-127.png",1200,675,false],"2048x2048":["https:\/\/radiofenix.com.ar\/2023\/wp-content\/uploads\/2023\/11\/wp-header-logo-127.png",1200,675,false],"newsium-slider-full":["https:\/\/radiofenix.com.ar\/2023\/wp-content\/uploads\/2023\/11\/wp-header-logo-127.png",1200,675,false],"newsium-featured":["https:\/\/radiofenix.com.ar\/2023\/wp-content\/uploads\/2023\/11\/wp-header-logo-127-1024x576.png",1024,576,true],"newsium-medium":["https:\/\/radiofenix.com.ar\/2023\/wp-content\/uploads\/2023\/11\/wp-header-logo-127-720x475.png",720,475,true]},"author_info":{"info":[""]},"category_info":"<a href=\"https:\/\/radiofenix.com.ar\/2023\/category\/politica\/\" rel=\"category tag\">Pol\u00edtica<\/a>","tag_info":"Pol\u00edtica","comment_count":"0","_links":{"self":[{"href":"https:\/\/radiofenix.com.ar\/2023\/wp-json\/wp\/v2\/posts\/191717","targetHints":{"allow":["GET"]}}],"collection":[{"href":"https:\/\/radiofenix.com.ar\/2023\/wp-json\/wp\/v2\/posts"}],"about":[{"href":"https:\/\/radiofenix.com.ar\/2023\/wp-json\/wp\/v2\/types\/post"}],"replies":[{"embeddable":true,"href":"https:\/\/radiofenix.com.ar\/2023\/wp-json\/wp\/v2\/comments?post=191717"}],"version-history":[{"count":0,"href":"https:\/\/radiofenix.com.ar\/2023\/wp-json\/wp\/v2\/posts\/191717\/revisions"}],"wp:featuredmedia":[{"embeddable":true,"href":"https:\/\/radiofenix.com.ar\/2023\/wp-json\/wp\/v2\/media\/191718"}],"wp:attachment":[{"href":"https:\/\/radiofenix.com.ar\/2023\/wp-json\/wp\/v2\/media?parent=191717"}],"wp:term":[{"taxonomy":"category","embeddable":true,"href":"https:\/\/radiofenix.com.ar\/2023\/wp-json\/wp\/v2\/categories?post=191717"},{"taxonomy":"post_tag","embeddable":true,"href":"https:\/\/radiofenix.com.ar\/2023\/wp-json\/wp\/v2\/tags?post=191717"}],"curies":[{"name":"wp","href":"https:\/\/api.w.org\/{rel}","templated":true}]}}