{"id":191751,"date":"2023-11-27T08:57:34","date_gmt":"2023-11-27T08:57:34","guid":{"rendered":"https:\/\/radiofenix.com.ar\/2023\/huracan-supero-a-atletico-tucuman-y-se-aseguro-su-clasificacion-en-el-primer-puesto\/"},"modified":"2023-11-27T08:57:34","modified_gmt":"2023-11-27T08:57:34","slug":"huracan-supero-a-atletico-tucuman-y-se-aseguro-su-clasificacion-en-el-primer-puesto","status":"publish","type":"post","link":"https:\/\/radiofenix.com.ar\/2023\/huracan-supero-a-atletico-tucuman-y-se-aseguro-su-clasificacion-en-el-primer-puesto\/","title":{"rendered":"Hurac\u00e1n super\u00f3 a Atl\u00e9tico Tucum\u00e1n y se asegur\u00f3 su clasificaci\u00f3n en el primer puesto"},"content":{"rendered":"<div>\n<figure class=\"mb-3\"><img decoding=\"async\" src=\"https:\/\/www.telam.com.ar\/thumbs\/bluesteel\/advf\/imagenes\/2023\/11\/6563c9b370155_1200.jpg\" class=\" lazy \" width=\"100%\" height=\"100%\" alt=\"Foto Diego Aroz \"\/><figcaption> Foto: Diego Ar\u00e1oz. <\/figcaption><\/figure>\n<p> Hurac\u00e1n le gan\u00f3 por 2 a 0 a Atl\u00e9tico Tucum\u00e1n por la 14ta. y \u00faltima fecha de la Copa de la Liga Profesional de F\u00fatbol en el estadio Monumental Jos\u00e9 Fierro y termin\u00f3 en el primer lugar de la Zona A en la fase regular.<\/p>\n<p>Los goles para la victoria del \u201cGlobo\u201d los hicieron a los 3 minutos de la primera parte Fernando Tobio, de cabeza, y a los 44 del complemento, Franco Alfonso.<\/p>\n<p><strong>En el amanecer del encuentro, a los 3 minutos, el equipo de Parque Patricios golpe\u00f3 primero y se puso en ventaja en el inicio del cotejo en el Monumental Jos\u00e9 Fierro, de Tucum\u00e1n.<\/strong><\/p>\n<p>En el primer ataque profundo del equipo de Diego Mart\u00ednez termin\u00f3 en c\u00f3rner. Alan So\u00f1ora se encarg\u00f3 tomar dicha pelota parada y envi\u00f3 un centro al \u00e1rea del \u201cDecano\u201d, desde el segundo palo apareci\u00f3 Fernando Tobio, que se le elev\u00f3 en aire y tras despistar a su marca conect\u00f3 un certero cabezazo, colocando la pelota en el palo mas lejano de Tom\u00e1s Marchiori -que nada puso hacer- y as\u00ed el central y capit\u00e1n del \u201cGlobo\u201d adelant\u00f3 a su equipo en el marcador.<\/p>\n<p>Tras quedar abajo en el marcador, el equipo de la dupla t\u00e9cnica Favio Orsi y Sergio G\u00f3mez fue en busca del empate pero no estuvo fino en el tramo final de los ataques y perdi\u00f3 en varias ocasiones para llegar a la igualdad en el marcador.<\/p>\n<p>En primer lugar, Mateo Coronel aprovech\u00f3 una mala salida en defensa de Hurac\u00e1n y tras entrar al \u00e1rea chica le cedi\u00f3 un pase a Guillermo Acosta, este quiso colocar con un remate d\u00e9bil el bal\u00f3n al palo mas lejano de Lucas Chaves y Lucas Carrizo, en la l\u00ednea, despej\u00f3 el bal\u00f3n para mantener la ventaja de su equipo.<\/p>\n<p>En la siguiente jugada, tras un c\u00f3rner por parte de Joaqu\u00edn Pereyra, que cay\u00f3 en el \u00e1rea chica y en dos oportunidades el arquero Chaves salv\u00f3 a Hurac\u00e1n en lo que era el empate del partido y en el medio de las salvadas del portero del \u201cGlobo\u201d, Lucas Souto defendi\u00f3 en la l\u00ednea un remate de media vuelta de Nicol\u00e1s Romero.<\/p>\n<p>El equipo de Orsi y G\u00f3mez fue superior a su rival, tuvo mucho m\u00e1s la posesi\u00f3n de la pelota y mereci\u00f3 irse al descanso con el empate en el marcador.<\/p>\n<p>Ya en el complemento, el \u201cDecano\u201d fue en busca de revertir la situaci\u00f3n del partido, ya que deb\u00eda ganar para poder intentar clasificar a la Copa Sudamericana del pr\u00f3ximos a\u00f1o.<\/p>\n<p>Con el correr de los minutos, el local se fue metiendo en campo rival para buscar el empate, pero gracias al un buen rendimiento del arquero del \u201cGlobo\u201d al \u201cDecano\u201d se le hizo muy cuesta arriba hacer caer su valla y poco a poco Chaves empez\u00f3 a transformarse en la figura del partido.<\/p>\n<p>El equipo de Mart\u00ednez, con los cambios, se re arm\u00f3 para aguantar el resultado y empez\u00f3 a aprovechar, en las contras ofensivas, los espacios que dejaba el equipo de Tucum\u00e1n en la defensa al jugarse en ataque.<\/p>\n<p>A los 44 minutos del complemento,<strong> lleg\u00f3 el tanto de Hurac\u00e1n que defini\u00f3 el cotejo de la mano de Franco Alfonso.<\/strong><\/p>\n<p>En el mediocampo de la cancha, el defensor de Atl\u00e9tico, Bruno Bianchi, perdi\u00f3 la pelota a manos de Mat\u00edas C\u00f3ccaro, que condujo el bal\u00f3n y antes de entrar al \u00e1rea le cedi\u00f3 el bal\u00f3n a Alfonso, que sin marca, defini\u00f3 cruzado para sentenciar el partido y asegurar el primer puesto de Hurac\u00e1n en la Zona A de la Copa LPF.<\/p>\n<p>Con la victoria, el equipo de Diego Mart\u00ednez, no solo se salv\u00f3 del descenso sino que tambi\u00e9n termin\u00f3 primero en su zona con 26 puntos, los otros clasificados fueron River Plate, Banfield y Rosario Central, respectivamente.<\/p>\n<p>El \u201cGlobo\u201d se enfrentar\u00e1 en los cuartos de final al cuarto de la Zona B, hoy es Platense, aunque a\u00fan resta que se jueguen los partidos de dicha zona el d\u00eda de ma\u00f1ana.<\/p>\n<p>Con la derrota de local, Atl\u00e9tico Tucum\u00e1n no pudo entrar por la tabla general a la pr\u00f3xima Copa Sudamericana y ya no ten\u00eda chances de pasar de fase en la Copa LPF, se termin\u00f3 el a\u00f1o para el equipo de Favio Orsi y Sergio G\u00f3mez.<\/p>\n<p><iframe loading=\"lazy\" src=\"https:\/\/estdeportes.telam.com.ar\/html\/v3\/minapp\/modules\/futbol\/gamecast\/gamecast.html?channel=deportes.futbol.copalpf.643605&amp;lang=es_LA&amp;page=gamecast&amp;hidePagesMenu=true\" width=\"100%\" height=\"1150\" scrolling=\"auto\" style=\"width: 1px; min-width: 100%; *width: 100%;\" class=\"\"><\/iframe> <\/p>\n<\/div>\n<p><script async defer crossorigin=\"anonymous\" src=\"https:\/\/connect.facebook.net\/es_LA\/sdk.js#xfbml=1&#038;version=v12.0\" nonce=\"SBlHQzIF\"><\/script><br \/><a href=\"https:\/\/www.telam.com.ar\/notas\/202311\/647712-futbol-copa-liga-atletico-tucuman-huracan-suenio-sudamericano.html\">source<\/a><\/p>\n","protected":false},"excerpt":{"rendered":"<p>Foto: Diego Ar\u00e1oz. Hurac\u00e1n le gan\u00f3 por 2 a 0 a Atl\u00e9tico Tucum\u00e1n por la&#8230;<\/p>\n","protected":false},"author":2,"featured_media":191752,"comment_status":"open","ping_status":"open","sticky":false,"template":"","format":"standard","meta":{"footnotes":""},"categories":[6],"tags":[],"class_list":["post-191751","post","type-post","status-publish","format-standard","has-post-thumbnail","hentry","category-ultimasnoticias"],"featured_image_urls":{"full":["https:\/\/radiofenix.com.ar\/2023\/wp-content\/uploads\/2023\/11\/wp-header-logo-144.png",1004,565,false],"thumbnail":["https:\/\/radiofenix.com.ar\/2023\/wp-content\/uploads\/2023\/11\/wp-header-logo-144-150x150.png",150,150,true],"medium":["https:\/\/radiofenix.com.ar\/2023\/wp-content\/uploads\/2023\/11\/wp-header-logo-144-300x169.png",300,169,true],"medium_large":["https:\/\/radiofenix.com.ar\/2023\/wp-content\/uploads\/2023\/11\/wp-header-logo-144-768x432.png",640,360,true],"large":["https:\/\/radiofenix.com.ar\/2023\/wp-content\/uploads\/2023\/11\/wp-header-logo-144.png",640,360,false],"1536x1536":["https:\/\/radiofenix.com.ar\/2023\/wp-content\/uploads\/2023\/11\/wp-header-logo-144.png",1004,565,false],"2048x2048":["https:\/\/radiofenix.com.ar\/2023\/wp-content\/uploads\/2023\/11\/wp-header-logo-144.png",1004,565,false],"newsium-slider-full":["https:\/\/radiofenix.com.ar\/2023\/wp-content\/uploads\/2023\/11\/wp-header-logo-144.png",1004,565,false],"newsium-featured":["https:\/\/radiofenix.com.ar\/2023\/wp-content\/uploads\/2023\/11\/wp-header-logo-144.png",1004,565,false],"newsium-medium":["https:\/\/radiofenix.com.ar\/2023\/wp-content\/uploads\/2023\/11\/wp-header-logo-144-720x475.png",720,475,true]},"author_info":{"info":["c1500921"]},"category_info":"<a href=\"https:\/\/radiofenix.com.ar\/2023\/category\/ultimasnoticias\/\" rel=\"category tag\">Ultimas Noticias<\/a>","tag_info":"Ultimas Noticias","comment_count":"0","_links":{"self":[{"href":"https:\/\/radiofenix.com.ar\/2023\/wp-json\/wp\/v2\/posts\/191751","targetHints":{"allow":["GET"]}}],"collection":[{"href":"https:\/\/radiofenix.com.ar\/2023\/wp-json\/wp\/v2\/posts"}],"about":[{"href":"https:\/\/radiofenix.com.ar\/2023\/wp-json\/wp\/v2\/types\/post"}],"author":[{"embeddable":true,"href":"https:\/\/radiofenix.com.ar\/2023\/wp-json\/wp\/v2\/users\/2"}],"replies":[{"embeddable":true,"href":"https:\/\/radiofenix.com.ar\/2023\/wp-json\/wp\/v2\/comments?post=191751"}],"version-history":[{"count":0,"href":"https:\/\/radiofenix.com.ar\/2023\/wp-json\/wp\/v2\/posts\/191751\/revisions"}],"wp:featuredmedia":[{"embeddable":true,"href":"https:\/\/radiofenix.com.ar\/2023\/wp-json\/wp\/v2\/media\/191752"}],"wp:attachment":[{"href":"https:\/\/radiofenix.com.ar\/2023\/wp-json\/wp\/v2\/media?parent=191751"}],"wp:term":[{"taxonomy":"category","embeddable":true,"href":"https:\/\/radiofenix.com.ar\/2023\/wp-json\/wp\/v2\/categories?post=191751"},{"taxonomy":"post_tag","embeddable":true,"href":"https:\/\/radiofenix.com.ar\/2023\/wp-json\/wp\/v2\/tags?post=191751"}],"curies":[{"name":"wp","href":"https:\/\/api.w.org\/{rel}","templated":true}]}}