{"id":191757,"date":"2023-11-28T08:57:28","date_gmt":"2023-11-28T08:57:28","guid":{"rendered":"https:\/\/radiofenix.com.ar\/2023\/con-la-promesa-de-actuar-y-cumplir-arranca-la-conferencia-sobre-clima-cop28\/"},"modified":"2023-11-28T08:57:28","modified_gmt":"2023-11-28T08:57:28","slug":"con-la-promesa-de-actuar-y-cumplir-arranca-la-conferencia-sobre-clima-cop28","status":"publish","type":"post","link":"https:\/\/radiofenix.com.ar\/2023\/con-la-promesa-de-actuar-y-cumplir-arranca-la-conferencia-sobre-clima-cop28\/","title":{"rendered":"Con la promesa de actuar y cumplir, arranca  la conferencia sobre clima COP28"},"content":{"rendered":"<div>\n<figure class=\"mb-3\"><img decoding=\"async\" src=\"https:\/\/www.telam.com.ar\/thumbs\/bluesteel\/advf\/imagenes\/2022\/11\/637a677504c83.11.2022%20foto%20afp_1200.jpg\" class=\" lazy \" width=\"100%\" height=\"100%\" alt=\"La conferencia anterior fue en Egipto \"\/><figcaption> La conferencia anterior fue en Egipto. <\/figcaption><\/figure>\n<p><strong>La conferencia COP28 sobre estrategias para contener el cambio clim\u00e1tico y adaptarse a sus efectos empieza esta semana en Dubai<\/strong> con la promesa de \u00abunir, actuar y cumplir\u00bb con los avances conseguidos en ediciones anteriores, pero con un trasfondo de agravamiento de la crisis clim\u00e1tica, con olas de calor, incendios, sequ\u00edas e inundaciones cada vez m\u00e1s frecuentes, entre otros fen\u00f3menos clim\u00e1ticos.<\/p>\n<p>Abandonar el uso de combustibles f\u00f3siles responsables del efecto invernadero, financiar la transici\u00f3n energ\u00e9tica, compartir responsabilidades entre los pa\u00edses desarrollados -los contaminadores hist\u00f3ricos- y los pa\u00edses emergentes -los que en general m\u00e1s sufren los estragos del clima-, son algunos de los asuntos pendientes del encuentro.<\/p>\n<p><strong>Emiratos \u00c1rabes Unidos (EAU), uno de los 10 mayores productores de petr\u00f3leo del mundo<\/strong> y, por lo tanto, opuesto a un r\u00e1pido abandono de los combustibles f\u00f3siles, ser\u00e1 el anfitri\u00f3n de la cita y el que marque la agenda del debate.<\/p>\n<p>El ministro de Industria emirat\u00ed, Sultan Ahmed al Jaber, es el presidente de la COP28 y director ejecutivo de Adnoc, la empresa petrolera y gas\u00edstica estatal de EAU, lo que pone en evidencia un conflicto de intereses y revela la creciente influencia del lobby de los combustibles f\u00f3siles en la COP, algo que ya se hab\u00eda visto en la COP27 del a\u00f1o pasado en Egipto.<\/p>\n<p>Hace casi tres d\u00e9cadas que los pa\u00edses se re\u00fanen cada a\u00f1o en busca de acuerdos internacionales que permitan limitar el cambio clim\u00e1tico, el m\u00e1s relevante de los cuales se consigui\u00f3 reci\u00e9n en 2015, en la COP21 de Par\u00eds, cuando los participantes sellaron un compromiso para limitar el aumento de la temperatura global a fin de siglo a entre 1,5 y 2 \u00b0C respecto a los niveles preindustriales y activar medidas de adaptaci\u00f3n.<\/p>\n<p>A ocho a\u00f1os de ese hito, llega la hora del Primer Balance Global (GST, por sus siglas en ingl\u00e9s) sobre el cumplimiento de esos objetivos y no se espera ninguna sorpresa: no se cumplieron.<\/p>\n<p><strong>En 2023, la temperatura mundial y las emisiones de gases de efecto invernadero alcanzaron m\u00e1ximos hist\u00f3ricos<\/strong>, rozando los 1,5 \u00b0C, seg\u00fan el \u00faltimo informe del Programa de Naciones Unidas para el Medio Ambiente (Pnuma), que sostiene que las actuales promesas de reducciones sit\u00faan al mundo en la senda de un aumento de entre 2,5 y 2,9 \u00b0C para fin de siglo.<\/p>\n<p><strong>Para reducir sus emisiones contaminantes, afirma el informe, se requieren mayores transformaciones<\/strong>: las emisiones de gases de efecto invernadero deber\u00edan reducirse un 28% de aqu\u00ed a 2030 para no superar los 2\u00b0 y un 42% para el objetivo de 1,5\u00b0.<\/p>\n<p>Adem\u00e1s del GST, la presidencia de la COP28 estableci\u00f3 y plasm\u00f3 en la Carta a las Partes cuatro prioridades en las que espera se trabaje en este encuentro y que apuntan a acelerar la transici\u00f3n energ\u00e9tica y reducir las emisiones antes de 2030, comenzando por las de \u00abcumplir con antiguas promesas y establecer el marco para un nuevo acuerdo en finanzas\u00bb.<\/p>\n<p><strong>Las otras dos son poner la naturaleza, las personas, las vidas y los medios de vida en el centro de la acci\u00f3n clim\u00e1tica y movilizarse por una COP m\u00e1s inclusiva.<\/strong><\/p>\n<p>En las pr\u00f3ximas semanas se podr\u00e1 ver c\u00f3mo se llevan adelante esas prioridades en un pa\u00eds como Emiratos \u00c1rabes Unidos, una federaci\u00f3n de monarqu\u00edas absolutas que sigue invirtiendo fuertemente en combustibles y que reprime el derecho a la protesta.<\/p>\n<p>\u00abEn (la COP27 de) Egipto no hubo discusiones significativas sobre el compromiso de abandonar los combustibles f\u00f3siles a m\u00e1s tardar para 2050 y creemos que este ser\u00e1 un tema central y posiblemente muy rechazado en la COP de Dubai\u00bb, dijo a T\u00e9lam el secretario general de la Fundaci\u00f3n Vida Silvestre Argentina (VSA), Manuel Jaramillo.<\/p>\n<p><strong>El gran triunfo de los pa\u00edses en desarrollo en la COP27 fue la aprobaci\u00f3n del Fondo para P\u00e9rdidas y Da\u00f1os<\/strong>, logrado en buena medida por la presi\u00f3n del anfitri\u00f3n, que tambi\u00e9n es una econom\u00eda en v\u00edas de desarrollo.<\/p>\n<p>Los detalles sobre la implementaci\u00f3n de ese fondo, recayeron sobre un comit\u00e9 compuesto por 24 pa\u00edses, entre ellos tres de Am\u00e9rica Latina y el Caribe, que esperan que este a\u00f1o, uno antes del plazo previsto, se pueda adoptar.<\/p>\n<p>Se espera que los pa\u00edses m\u00e1s ricos, que son los que hist\u00f3ricamente m\u00e1s han contribuido al cambio clim\u00e1tico y, por lo tanto, sobre los cuales recaer\u00e1 la financiaci\u00f3n, posterguen el tema para el a\u00f1o que viene.<\/p>\n<p><figure class=\"mb-3\"><img decoding=\"async\" src=\"https:\/\/www.telam.com.ar\/thumbs\/bluesteel\/advf\/imagenes\/2023\/07\/64a6a794b6ab6_1200.jpg\" class=\" lazy \" width=\"100%\" height=\"100%\" alt=\"Telam SE\"\/><figcaption\/><\/figure>\n<p><\/p>\n<h2 class=\"\">La posici\u00f3n de la regi\u00f3n<\/h2>\n<p>\u00a0<strong>Am\u00e9rica Latina y el Caribe, la segunda regi\u00f3n m\u00e1s afectada por los efectos del cambio clim\u00e1tico<\/strong>, buscar\u00e1 presionar a los pa\u00edses desarrollados para que cumplan su promesa de 2009 de aportar 100.000 millones de d\u00f3lares anuales para acci\u00f3n clim\u00e1tica en los pa\u00edses en desarrollo.<\/p>\n<p>\u00abAm\u00e9rica Latina, sin duda, se ha venido consolidando lo mismo que Asia y \u00c1frica, como grupos de tracci\u00f3n fuerte\u00bb, se\u00f1al\u00f3 Jaramillo, para quien esta consolidaci\u00f3n es tambi\u00e9n \u00abun llamado de atenci\u00f3n\u00bb a los pa\u00edses desarrollados sobre la importancia de escuchar a los reales damnificados por el cambio clim\u00e1tico.<\/p>\n<p>\u00abEspero realmente que esto se vea reflejado en una articulaci\u00f3n entre los gobiernos que tambi\u00e9n lleve a promover un cambio\u00bb, agreg\u00f3 el director de VSA, para quien el \u00abmero reclamo\u00bb de un pago por haber contaminado menos \u00abes tambi\u00e9n un llamado a la inacci\u00f3n\u00bb.<\/p>\n<p>Seg\u00fan el experto, <strong>los pa\u00edses podr\u00edan implementar \u00abuna enorme cantidad de medidas\u00bb de bajo o nulo costo, como \u00abla promoci\u00f3n de las buenas pr\u00e1cticas agr\u00edcolas<\/strong>, la reducci\u00f3n del consumo ineficiente de energ\u00eda, la promoci\u00f3n de las renovables\u00bb.<\/p>\n<p>\u00abAm\u00e9rica Latina es un gran sumidero de gases de efecto invernadero; poder conservarlos, y protegerlos para lo que se viene en los pr\u00f3ximos a\u00f1os va a ser crucial\u00bb, dijo a T\u00e9lam la activista y negociadora clim\u00e1tica de la ONG Youth Negotiators Academy Mar\u00eda Cecilia Quaglino.<\/p>\n<p>\u00abFalta una pol\u00edtica firme de no seguir destruyendo nuestros grandes sumideros: los humedales, los bosques, las yungas, etc\u00e9tera\u00bb, agreg\u00f3 Quagliano, miembro del equipo negociador de Palau.<\/p>\n<p>Por \u00faltimo, subray\u00f3 la importancia de reforzar que \u00abel cambio clim\u00e1tico s\u00ed existe\u00bb.<\/p>\n<p>\u00abExiste y nos afecta a todos, pero no a todos por igual, sino que aquellas personas que ya est\u00e1n en situaciones de vulnerabilidad lo sufren en primera instancia y de una manera m\u00e1s grave, m\u00e1s contundente y no hay justicia social sin justicia clim\u00e1tica\u00bb, asever\u00f3.<\/p>\n<h2 class=\"\">El encuentro<\/h2>\n<p>\u00a0<strong>M\u00e1s de 70.000 personas se dar\u00e1n cita en el centro de congresos Expo City Dubai entre el 30 de noviembre y el 12 de diciembre en busca de acuerdos para evitar que el planeta se siga calentando.<\/strong><\/p>\n<p>M\u00e1s de 200 gobiernos han sido invitados y se espera la presencia de varios l\u00edderes mundiales para la cumbre del 1 y 2 de diciembre, entre ellos Joe Biden, presidente de Estados Unidos, el pa\u00eds que hist\u00f3ricamente m\u00e1s ha contaminado.<\/p>\n<p>La novedad de esta cita, que se dan un contexto complicado para la cooperaci\u00f3n multilateral debido a los dos conflictos armados -Israel-Hamas y Ucrania-Rusia- que dominan las agendas de las principales potencias, es que estar\u00e1 el papa Francisco.<\/p>\n<p>\u00abM\u00e1s all\u00e1 de la guerra, nuestro mundo est\u00e1 amenazado de otro peligro, el clim\u00e1tico, que pone en riesgo la vida sobre la tierra, especialmente a las futuras generaciones\u00bb, dijo hoy el Papa tras rezar el \u00c1ngelus en el Vaticano.<\/p>\n<p>\u00abEsto es contrario al proyecto de Dios que creo todo para la vida. Por eso el pr\u00f3ximo fin de semana ir\u00e9 a Emiratos \u00c1rabes Unidos para intervenir el s\u00e1bado en la COP28 de Dubai\u00bb, agreg\u00f3. <\/p>\n<\/div>\n<p><script async defer crossorigin=\"anonymous\" src=\"https:\/\/connect.facebook.net\/es_LA\/sdk.js#xfbml=1&#038;version=v12.0\" nonce=\"SBlHQzIF\"><\/script><br \/><a href=\"https:\/\/www.telam.com.ar\/notas\/202311\/647789-conferencia-clima-cop28.html\">source<\/a><\/p>\n","protected":false},"excerpt":{"rendered":"<p>La conferencia anterior fue en Egipto. La conferencia COP28 sobre estrategias para contener el cambio&#8230;<\/p>\n","protected":false},"author":0,"featured_media":191758,"comment_status":"open","ping_status":"open","sticky":false,"template":"","format":"standard","meta":{"footnotes":""},"categories":[60],"tags":[],"class_list":["post-191757","post","type-post","status-publish","format-standard","has-post-thumbnail","hentry","category-internacional"],"featured_image_urls":{"full":["https:\/\/radiofenix.com.ar\/2023\/wp-content\/uploads\/2023\/11\/wp-header-logo-147.png",1200,675,false],"thumbnail":["https:\/\/radiofenix.com.ar\/2023\/wp-content\/uploads\/2023\/11\/wp-header-logo-147-150x150.png",150,150,true],"medium":["https:\/\/radiofenix.com.ar\/2023\/wp-content\/uploads\/2023\/11\/wp-header-logo-147-300x169.png",300,169,true],"medium_large":["https:\/\/radiofenix.com.ar\/2023\/wp-content\/uploads\/2023\/11\/wp-header-logo-147-768x432.png",640,360,true],"large":["https:\/\/radiofenix.com.ar\/2023\/wp-content\/uploads\/2023\/11\/wp-header-logo-147-1024x576.png",640,360,true],"1536x1536":["https:\/\/radiofenix.com.ar\/2023\/wp-content\/uploads\/2023\/11\/wp-header-logo-147.png",1200,675,false],"2048x2048":["https:\/\/radiofenix.com.ar\/2023\/wp-content\/uploads\/2023\/11\/wp-header-logo-147.png",1200,675,false],"newsium-slider-full":["https:\/\/radiofenix.com.ar\/2023\/wp-content\/uploads\/2023\/11\/wp-header-logo-147.png",1200,675,false],"newsium-featured":["https:\/\/radiofenix.com.ar\/2023\/wp-content\/uploads\/2023\/11\/wp-header-logo-147-1024x576.png",1024,576,true],"newsium-medium":["https:\/\/radiofenix.com.ar\/2023\/wp-content\/uploads\/2023\/11\/wp-header-logo-147-720x475.png",720,475,true]},"author_info":{"info":[""]},"category_info":"<a href=\"https:\/\/radiofenix.com.ar\/2023\/category\/internacional\/\" rel=\"category tag\">Internacional<\/a>","tag_info":"Internacional","comment_count":"0","_links":{"self":[{"href":"https:\/\/radiofenix.com.ar\/2023\/wp-json\/wp\/v2\/posts\/191757","targetHints":{"allow":["GET"]}}],"collection":[{"href":"https:\/\/radiofenix.com.ar\/2023\/wp-json\/wp\/v2\/posts"}],"about":[{"href":"https:\/\/radiofenix.com.ar\/2023\/wp-json\/wp\/v2\/types\/post"}],"replies":[{"embeddable":true,"href":"https:\/\/radiofenix.com.ar\/2023\/wp-json\/wp\/v2\/comments?post=191757"}],"version-history":[{"count":0,"href":"https:\/\/radiofenix.com.ar\/2023\/wp-json\/wp\/v2\/posts\/191757\/revisions"}],"wp:featuredmedia":[{"embeddable":true,"href":"https:\/\/radiofenix.com.ar\/2023\/wp-json\/wp\/v2\/media\/191758"}],"wp:attachment":[{"href":"https:\/\/radiofenix.com.ar\/2023\/wp-json\/wp\/v2\/media?parent=191757"}],"wp:term":[{"taxonomy":"category","embeddable":true,"href":"https:\/\/radiofenix.com.ar\/2023\/wp-json\/wp\/v2\/categories?post=191757"},{"taxonomy":"post_tag","embeddable":true,"href":"https:\/\/radiofenix.com.ar\/2023\/wp-json\/wp\/v2\/tags?post=191757"}],"curies":[{"name":"wp","href":"https:\/\/api.w.org\/{rel}","templated":true}]}}