{"id":191759,"date":"2023-11-28T08:57:30","date_gmt":"2023-11-28T08:57:30","guid":{"rendered":"https:\/\/radiofenix.com.ar\/2023\/pidieron-prision-perpetua-para-el-acusado-de-apunalar-y-degollar-a-marianela\/"},"modified":"2023-11-28T08:57:30","modified_gmt":"2023-11-28T08:57:30","slug":"pidieron-prision-perpetua-para-el-acusado-de-apunalar-y-degollar-a-marianela","status":"publish","type":"post","link":"https:\/\/radiofenix.com.ar\/2023\/pidieron-prision-perpetua-para-el-acusado-de-apunalar-y-degollar-a-marianela\/","title":{"rendered":"Pidieron prisi\u00f3n perpetua para el acusado de apu\u00f1alar y degollar a Marianela"},"content":{"rendered":"<div>\n<figure class=\"mb-3\"><img decoding=\"async\" src=\"https:\/\/www.telam.com.ar\/thumbs\/bluesteel\/advf\/imagenes\/2017\/09\/59b19d8a4adca_1200.jpg\" class=\" lazy \" width=\"100%\" height=\"100%\" alt=\"Marianela fue asesinada el 27 de junio de 2010 degollada y con 23 pualadas en su departamento del barrio porteo de Balvanera Tena 19 aos\"\/><figcaption> Marianela fue asesinada el 27 de junio de 2010, degollada y con 23 pu\u00f1aladas en su departamento del barrio porte\u00f1o de Balvanera. Ten\u00eda 19 a\u00f1os. <\/figcaption><\/figure>\n<p> El fiscal del juicio por el crimen de Marianela Rago Zapata,<strong> la joven hallada asesinada de 23 pu\u00f1aladas y degollada en su departamento del barrio porte\u00f1o de Balvanera en junio de 2010,<\/strong> solicit\u00f3 este lunes la pena de<strong> prisi\u00f3n perpetua para el \u00fanico acusado del homicidio y el tribunal a cargo del debate orden\u00f3 que se disponga una custodia policial sobre el imputado<\/strong>, que lleg\u00f3 en libertad, para evitar que pueda fugarse antes de conocer el veredicto, informaron fuentes judiciales.<\/p>\n<p>El fiscal general Sandro Abraldes pidi\u00f3 en su alegato ante el Tribunal Oral en lo Criminal (TOC) 29 porte\u00f1o, que Francisco Amador (36), expareja de Rago Zapata (19), sea condenado por el delito de \u201chomicidio agravado por hacer sido cometido con ensa\u00f1amiento y alevos\u00eda\u201d y afirm\u00f3 que la causa \u201cse investig\u00f3 sin perspectiva de g\u00e9nero\u201d, tras lo cual solicit\u00f3 que, en caso de que sea una sentencia condenatoria, se le revoque su excarcelaci\u00f3n y se disponga su prisi\u00f3n preventiva.<\/p>\n<p><strong>El pedido del fiscal fue acompa\u00f1ado por los abogados querellantes, quienes tambi\u00e9n pidieron en su alegato que Amador sea condenado a la m\u00e1xima pena por el mismo delito, y tambi\u00e9n solicitaron que se disponga una medida de seguridad para que el imputado sea custodiado hasta que el tribunal haga conocer su veredicto.<\/strong><\/p>\n<p>Al finalizar la audiencia, los jueces Hugo Navarro, Juan Mar\u00eda Ramos Padilla y Rodolfo Goerner hicieron lugar al planteo de la fiscal\u00eda y de la querella y ordenaron que disponga una custodia personal para Amador, complementada por un dispositivo electr\u00f3nico de monitoreo, \u00aben virtud de que el juicio se encuentra en su etapa final\u00bb y que existe \u00abun agravamiento de la situaci\u00f3n procesal\u00bb del acusado.<\/p>\n<p><figure class=\"mb-3\"><img decoding=\"async\" src=\"https:\/\/www.telam.com.ar\/thumbs\/bluesteel\/advf\/imagenes\/2023\/11\/6564ae3a1f290_1200.jpg\" class=\" lazy \" width=\"100%\" height=\"100%\" alt=\"Foto Leo Vaca\"\/><figcaption> Foto: Leo Vaca. <\/figcaption><\/figure>\n<p>\u201cEl plan desarrollado por Amador fue dirigido para provocar la muerte de Marianela Rago Zapata. Sorprendi\u00f3 a la v\u00edctima, se vali\u00f3 de su superioridad f\u00edsica, utiliz\u00f3 un cuchillo mientras que la v\u00edctima se resisti\u00f3 al ataque. La autopsia estableci\u00f3 que violencia ejercida por Amador fue causante de la muerte de Marianela\u201d, sostuvo Abraldes luego de pedir la pena, ante el llanto de los familiares de la joven asesinada que se hallaban dentro de la sala de audiencias.<\/p>\n<p>El fiscal enfatiz\u00f3 que el hecho \u201cfue producido por un hombre contra una mujer en un contexto de violencia de g\u00e9nero\u201d, lo que evidenci\u00f3 \u201cun claro femicidio\u201d, ya que para Amador, su expareja \u201cera objeto de su pertenencia\u201d.<\/p>\n<p>La exposici\u00f3n del representante del Ministerio P\u00fablico se extendi\u00f3 a lo largo de casi cinco horas y cont\u00f3 con im\u00e1genes y videos de la v\u00edctima que se proyectaron sobre una pantalla ubicada frente a los jueces.<\/p>\n<p><strong>\u201cLa fiscal\u00eda invita al tribunal a ponerse los anteojos de una perspectiva de g\u00e9nero. La persona que asesin\u00f3 a Marianela dej\u00f3 un mensaje. La primera parte de este mensaje est\u00e1 en el cuerpo de Marianela. Sinti\u00f3 enojo, furia y celos; eso dicen las 23 pu\u00f1aladas y el deg\u00fcello que sufri\u00f3 la v\u00edctima\u201d<\/strong>, indic\u00f3 Abraldes.<\/p>\n<p><figure class=\"mb-3\"><img decoding=\"async\" src=\"https:\/\/www.telam.com.ar\/thumbs\/bluesteel\/advf\/imagenes\/2023\/11\/6564ae39f316c_1200.jpg\" class=\" lazy \" width=\"100%\" height=\"100%\" alt=\"Foto Leo Vaca\"\/><figcaption> Foto: Leo Vaca. <\/figcaption><\/figure>\n<p>Luego, el fiscal traz\u00f3 una l\u00ednea de tiempo para explicar \u201cel tiempo y entorno\u201d de Amador, al hacer menci\u00f3n a que el padre del acusado fue condenado por asesinar a goles a un hermano de Francisco, de apenas 20 d\u00edas de vida, un hecho que le caus\u00f3 un \u201cpsicotraumatismo\u201d al imputado, seg\u00fan un informe psiqui\u00e1trico.<\/p>\n<p>Abraldes sostuvo que Amador \u201cfue criado en un entorno con variadas formas de violencia, ten\u00eda una vida vac\u00eda, sin proyectos\u201d, que su infancia formul\u00f3 \u201cuna persona insegura desconfiada\u201d, y afirm\u00f3 que el imputado \u201cviv\u00eda a trav\u00e9s de Marianela y la ten\u00eda controlada\u201d.<\/p>\n<p>La primera parte de la exposici\u00f3n del fiscal fue seguida con atenci\u00f3n por la familia de Rago Zapata, especialmente sus padres y hermanos, quienes no pudieron contener las l\u00e1grimas al escuchar el relato y observar las im\u00e1genes.<\/p>\n<p>Ya en una segunda etapa, la fiscal\u00eda antes de hacer referencia al d\u00eda en que fue hallado el cuerpo de Marianela, mencion\u00f3 una carta que la estudiante de periodismo le envi\u00f3 a Amador con el fin de terminar su relaci\u00f3n.<\/p>\n<p><strong>\u201cYa no me gusta estar sinti\u00e9ndome rara, triste, La magia se acab\u00f3. No supiste cuidarme\u201d, \u201ccreo que me dejaste una marca adentro, un gran rasgu\u00f1o, una sensaci\u00f3n de vac\u00edo&#8230;\u201d, y \u201clamento que no hayas podido sacar lo mejor que ten\u00eda de m\u00ed (\u2026) Mi cabeza no soporta m\u00e1s, no s\u00e9 si podr\u00e1s entenderme<\/strong>\u00ab; fueron algunas de las frases que resalt\u00f3 el fiscal, que lleg\u00f3 a una conclusi\u00f3n de que la relaci\u00f3n \u201cestaba enmarcada por una situaci\u00f3n de violencia\u201d.<\/p>\n<p><figure class=\"mb-3\"><img decoding=\"async\" src=\"https:\/\/www.telam.com.ar\/thumbs\/bluesteel\/advf\/imagenes\/2023\/11\/6564ae39d1670_1200.jpg\" class=\" lazy \" width=\"100%\" height=\"100%\" alt=\"Foto Leo Vaca\"\/><figcaption> Foto: Leo Vaca. <\/figcaption><\/figure>\n<p>Seg\u00fan el fiscal, <strong>\u201cAmador la intent\u00f3 ahorcar despu\u00e9s de ese mail\u201d<\/strong>, por lo que<strong> \u201cMarianela fue a atenderse a una cl\u00ednica diciendo que se hab\u00eda ca\u00eddo de la ba\u00f1era\u201d,<\/strong> situaci\u00f3n que qued\u00f3 registrada en el debate oral por la declaraci\u00f3n de testigos.<\/p>\n<p>Luego, los abogados querellantes Esteban Galli y Mar\u00eda de la Paz Herrera, del Programa de Asistencia y Patrocinio Jur\u00eddico a V\u00edctimas de Delito de la Defensor\u00eda General de la Naci\u00f3n, se\u00f1alaron en su alegato que Amador atac\u00f3 a Marianela con \u00abfuerza, bronca, virulencia y velocidad\u00bb, y que \u00able dio muerte con una herida como deg\u00fcelle\u00bb.<\/p>\n<p>\u00ab<strong>Este caso tiene que ser abordado por perspectiva de g\u00e9nero. Amador se sent\u00eda amo y se\u00f1or de Marianela. Por la cantidad y calidad de lesiones fue la intenci\u00f3n de hacerla sufrir y provocarle la muerte. Marianela estaba empezando una relaci\u00f3n sana, buena, y as\u00ed Amador perd\u00eda de su objeto amado que fue el disparador del femicidio\u00bb<\/strong>, sostuvo Herrera.<\/p>\n<p><figure class=\"mb-3\"><img decoding=\"async\" src=\"https:\/\/www.telam.com.ar\/thumbs\/bluesteel\/advf\/imagenes\/2023\/11\/6564ae3a3f417_1200.jpg\" class=\" lazy \" width=\"100%\" height=\"100%\" alt=\"Foto Leo Vaca\"\/><figcaption> Foto: Leo Vaca. <\/figcaption><\/figure>\n<p>Por su parte, Galli subray\u00f3 el testimonio de los testigos que declararon durante el debate oral y a\u00f1adi\u00f3 que Amador <strong>actu\u00f3 \u00absin empat\u00eda hacia su expareja y con cinismo\u00bb.<\/strong><\/p>\n<p>Marianela fue asesinada el 27 de junio de 2010, degollada y con 23 pu\u00f1aladas en su departamento del barrio porte\u00f1o de Balvanera.<\/p>\n<p>La joven estudiante de Periodismo fue hallada el 28 de junio de 2010, cuando su hermano Mat\u00edas fue a ver qu\u00e9 pasaba en el departamento 7mo. \u00abA\u00bb que la chica alquilaba en la calle Tucum\u00e1n 2080.<\/p>\n<p>La v\u00edctima yac\u00eda en el piso del living y, seg\u00fan la autopsia, muri\u00f3 degollada y con 23 pu\u00f1aladas realizadas mediante una cuchilla, que desapareci\u00f3 del caj\u00f3n de la cocina de la casa.<\/p>\n<\/div>\n<p><script async defer crossorigin=\"anonymous\" src=\"https:\/\/connect.facebook.net\/es_LA\/sdk.js#xfbml=1&#038;version=v12.0\" nonce=\"SBlHQzIF\"><\/script><br \/><a href=\"https:\/\/www.telam.com.ar\/notas\/202311\/647799-juicio-marianela-rago-homicidio-alegato-sentencia.html\">source<\/a><\/p>\n","protected":false},"excerpt":{"rendered":"<p>Marianela fue asesinada el 27 de junio de 2010, degollada y con 23 pu\u00f1aladas en&#8230;<\/p>\n","protected":false},"author":0,"featured_media":191760,"comment_status":"open","ping_status":"open","sticky":false,"template":"","format":"standard","meta":{"footnotes":""},"categories":[64],"tags":[],"class_list":["post-191759","post","type-post","status-publish","format-standard","has-post-thumbnail","hentry","category-policiales"],"featured_image_urls":{"full":["https:\/\/radiofenix.com.ar\/2023\/wp-content\/uploads\/2023\/11\/wp-header-logo-148.png",1004,565,false],"thumbnail":["https:\/\/radiofenix.com.ar\/2023\/wp-content\/uploads\/2023\/11\/wp-header-logo-148-150x150.png",150,150,true],"medium":["https:\/\/radiofenix.com.ar\/2023\/wp-content\/uploads\/2023\/11\/wp-header-logo-148-300x169.png",300,169,true],"medium_large":["https:\/\/radiofenix.com.ar\/2023\/wp-content\/uploads\/2023\/11\/wp-header-logo-148-768x432.png",640,360,true],"large":["https:\/\/radiofenix.com.ar\/2023\/wp-content\/uploads\/2023\/11\/wp-header-logo-148.png",640,360,false],"1536x1536":["https:\/\/radiofenix.com.ar\/2023\/wp-content\/uploads\/2023\/11\/wp-header-logo-148.png",1004,565,false],"2048x2048":["https:\/\/radiofenix.com.ar\/2023\/wp-content\/uploads\/2023\/11\/wp-header-logo-148.png",1004,565,false],"newsium-slider-full":["https:\/\/radiofenix.com.ar\/2023\/wp-content\/uploads\/2023\/11\/wp-header-logo-148.png",1004,565,false],"newsium-featured":["https:\/\/radiofenix.com.ar\/2023\/wp-content\/uploads\/2023\/11\/wp-header-logo-148.png",1004,565,false],"newsium-medium":["https:\/\/radiofenix.com.ar\/2023\/wp-content\/uploads\/2023\/11\/wp-header-logo-148-720x475.png",720,475,true]},"author_info":{"info":[""]},"category_info":"<a href=\"https:\/\/radiofenix.com.ar\/2023\/category\/policiales\/\" rel=\"category tag\">Policiales<\/a>","tag_info":"Policiales","comment_count":"0","_links":{"self":[{"href":"https:\/\/radiofenix.com.ar\/2023\/wp-json\/wp\/v2\/posts\/191759","targetHints":{"allow":["GET"]}}],"collection":[{"href":"https:\/\/radiofenix.com.ar\/2023\/wp-json\/wp\/v2\/posts"}],"about":[{"href":"https:\/\/radiofenix.com.ar\/2023\/wp-json\/wp\/v2\/types\/post"}],"replies":[{"embeddable":true,"href":"https:\/\/radiofenix.com.ar\/2023\/wp-json\/wp\/v2\/comments?post=191759"}],"version-history":[{"count":0,"href":"https:\/\/radiofenix.com.ar\/2023\/wp-json\/wp\/v2\/posts\/191759\/revisions"}],"wp:featuredmedia":[{"embeddable":true,"href":"https:\/\/radiofenix.com.ar\/2023\/wp-json\/wp\/v2\/media\/191760"}],"wp:attachment":[{"href":"https:\/\/radiofenix.com.ar\/2023\/wp-json\/wp\/v2\/media?parent=191759"}],"wp:term":[{"taxonomy":"category","embeddable":true,"href":"https:\/\/radiofenix.com.ar\/2023\/wp-json\/wp\/v2\/categories?post=191759"},{"taxonomy":"post_tag","embeddable":true,"href":"https:\/\/radiofenix.com.ar\/2023\/wp-json\/wp\/v2\/tags?post=191759"}],"curies":[{"name":"wp","href":"https:\/\/api.w.org\/{rel}","templated":true}]}}