{"id":191761,"date":"2023-11-28T08:57:32","date_gmt":"2023-11-28T08:57:32","guid":{"rendered":"https:\/\/radiofenix.com.ar\/2023\/de-pedro-recibe-a-guillermo-francos-para-iniciar-la-transicion-del-ministerio-de-interior\/"},"modified":"2023-11-28T08:57:32","modified_gmt":"2023-11-28T08:57:32","slug":"de-pedro-recibe-a-guillermo-francos-para-iniciar-la-transicion-del-ministerio-de-interior","status":"publish","type":"post","link":"https:\/\/radiofenix.com.ar\/2023\/de-pedro-recibe-a-guillermo-francos-para-iniciar-la-transicion-del-ministerio-de-interior\/","title":{"rendered":"De Pedro recibe a Guillermo Francos para iniciar la transici\u00f3n del Ministerio de Interior"},"content":{"rendered":"<div>\n<figure class=\"mb-3\"><img decoding=\"async\" src=\"https:\/\/www.telam.com.ar\/thumbs\/bluesteel\/advf\/imagenes\/2023\/11\/654bfec342413_1200.jpg\" class=\" lazy \" width=\"100%\" height=\"100%\" alt=\"Wado de Pedro Foto X wadodecorrido\"\/><figcaption> \u00abWado\u00bb de Pedro \/ Foto X @wadodecorrido <\/figcaption><\/figure>\n<p> El ministro del Interior, Eduardo \u00abWado\u00bb de Pedro, recibir\u00e1 este martes a Guillermo Francos, quien ser\u00e1 su sucesor en esa cartera, en una de las tantas reuniones que se est\u00e1n llevando a cabo en el marco de la transici\u00f3n entre el gobierno del presidente Alberto Fern\u00e1ndez y el que encabezar\u00e1 el mandatario electo Javier Milei desde el 10 de diciembre pr\u00f3ximo.<\/p>\n<p>El encuentro se realizar\u00e1 por la tarde <strong>en el despacho que De Pedro tiene en Casa Rosada<\/strong>, informaron fuentes del Ministerio.<\/p>\n<p>Estas reuniones de transici\u00f3n fueron inauguradas precisamente por Fern\u00e1ndez y Milei el pasado martes en la Quinta Presidencial de Olivos.\u00a0<\/p>\n<p>En el encuentro, de dos horas y media de duraci\u00f3n, <strong>Fern\u00e1ndez y Milei repasaron \u00ablos temas de Estado y la agenda internacional\u00bb, y se aclar\u00f3 que \u00abno hubo ning\u00fan pedido particular\u00bb sobre alg\u00fan tema<\/strong>, seg\u00fan fuentes de la Presidencia.\u00a0<\/p>\n<p>All\u00ed se acord\u00f3 que las pr\u00f3ximas conversaciones sobre la transici\u00f3n queden en manos del vicejefe de Gabinete, Juan Manuel Olmos; y de Nicol\u00e1s Posse, designado futuro jefe de Gabinete de Milei.\u00a0<\/p>\n<h2 class=\"\"> Otras reuniones de ministros de traspaso <\/h2>\n<p> Durante la semana, se multiplicaron tambi\u00e9n las reuniones de transici\u00f3n en los distintos ministerios.<\/p>\n<p>Aquel mismo martes, el ministro de Seguridad, An\u00edbal Fern\u00e1ndez, recibi\u00f3 en su despacho a Posse y a Francos, para conversar sobre \u00abaspectos vinculados a la seguridad p\u00fablica\u00bb.<\/p>\n<p>Por su parte, el ministro de Econom\u00eda, Sergio Massa, design\u00f3 a un equipo que se har\u00e1 cargo de los aspectos econ\u00f3micos de la transici\u00f3n, compuesto por los secretarios de Pol\u00edtica Econ\u00f3mica, Gabriel Rubinstein; y de Hacienda, Ra\u00fal Rigo; el jefe de Asesores del Palacio de Hacienda, Leonardo Madcur; y el titular del Banco Central, Miguel Pesce.<\/p>\n<p>El mi\u00e9rcoles, luego de posponer su viaje a Italia, la vicepresidenta Cristina Fern\u00e1ndez de Kirchner recibi\u00f3 durante una hora y media en su despacho del Senado, ubicado en el primer piso del Congreso de la Naci\u00f3n, a su sucesora Victoria Villarruel, para coordinar la organizaci\u00f3n de la Asamblea Legislativa.<\/p>\n<p>\u00abHablamos de la transici\u00f3n, que ser\u00e1 ordenada, respetuosa, donde ella y la persona que design\u00f3 para la transici\u00f3n nos explic\u00f3 el funcionamiento del Senado y los pr\u00f3ximos pasos a seguir en los siguientes d\u00edas\u00bb, coment\u00f3 Villarruel ante los medios sobre un encuentro del que no trascendi\u00f3 foto.\u00a0<\/p>\n<p>El jueves, el canciller Santiago Cafiero recibi\u00f3 en su despacho, durante una hora, a Diana Mondino, quien ser\u00e1 su reemplazante, para acordar la designaci\u00f3n de los equipos t\u00e9cnicos encargados de poner en marcha y ordenar la transici\u00f3n, adem\u00e1s de ofrecer la \u00abentrega de informaci\u00f3n o encuentros que soliciten las autoridades entrantes\u00bb, indicaron a esta agencia fuentes del Palacio San Mart\u00edn.<\/p>\n<p>Ese mismo d\u00eda, la ministra de Trabajo, Raquel \u00abKelly\u00bb Olmos, recibi\u00f3 en su despacho a Omar Yas\u00edn, un abogado laboralista que se menciona como secretario de Trabajo del gobierno de Milei; y a Horacio Pitrau, Miguel \u00c1ngel Ponte y Gustavo Mor\u00f3n, quienes ocupar\u00e1n distintos cargos en esa \u00e1rea.<\/p>\n<p>El viernes, el secretario General de la Presidencia, Julio Vitobello, recibi\u00f3 en Casa Rosada a Karina Milei, la hermana del presidente electo y referente de La Libertad Avanza (LLA); y a Sandra Pettovello, quien es mencionada como futura ministra de Capital Humano, para continuar en la coordinaci\u00f3n del traspaso a las nuevas autoridades y empezar a definir los detalles de la jornada del 10 de diciembre. <\/p>\n<\/div>\n<p><script async defer crossorigin=\"anonymous\" src=\"https:\/\/connect.facebook.net\/es_LA\/sdk.js#xfbml=1&#038;version=v12.0\" nonce=\"SBlHQzIF\"><\/script><br \/><a href=\"https:\/\/www.telam.com.ar\/notas\/202311\/647900-de-pedro-guillermo-francos-transicion-ministerio-interior.html\">source<\/a><\/p>\n","protected":false},"excerpt":{"rendered":"<p>\u00abWado\u00bb de Pedro \/ Foto X @wadodecorrido El ministro del Interior, Eduardo \u00abWado\u00bb de Pedro,&#8230;<\/p>\n","protected":false},"author":0,"featured_media":191762,"comment_status":"open","ping_status":"open","sticky":false,"template":"","format":"standard","meta":{"footnotes":""},"categories":[2],"tags":[],"class_list":["post-191761","post","type-post","status-publish","format-standard","has-post-thumbnail","hentry","category-politica"],"featured_image_urls":{"full":["https:\/\/radiofenix.com.ar\/2023\/wp-content\/uploads\/2023\/11\/wp-header-logo-149.png",1200,675,false],"thumbnail":["https:\/\/radiofenix.com.ar\/2023\/wp-content\/uploads\/2023\/11\/wp-header-logo-149-150x150.png",150,150,true],"medium":["https:\/\/radiofenix.com.ar\/2023\/wp-content\/uploads\/2023\/11\/wp-header-logo-149-300x169.png",300,169,true],"medium_large":["https:\/\/radiofenix.com.ar\/2023\/wp-content\/uploads\/2023\/11\/wp-header-logo-149-768x432.png",640,360,true],"large":["https:\/\/radiofenix.com.ar\/2023\/wp-content\/uploads\/2023\/11\/wp-header-logo-149-1024x576.png",640,360,true],"1536x1536":["https:\/\/radiofenix.com.ar\/2023\/wp-content\/uploads\/2023\/11\/wp-header-logo-149.png",1200,675,false],"2048x2048":["https:\/\/radiofenix.com.ar\/2023\/wp-content\/uploads\/2023\/11\/wp-header-logo-149.png",1200,675,false],"newsium-slider-full":["https:\/\/radiofenix.com.ar\/2023\/wp-content\/uploads\/2023\/11\/wp-header-logo-149.png",1200,675,false],"newsium-featured":["https:\/\/radiofenix.com.ar\/2023\/wp-content\/uploads\/2023\/11\/wp-header-logo-149-1024x576.png",1024,576,true],"newsium-medium":["https:\/\/radiofenix.com.ar\/2023\/wp-content\/uploads\/2023\/11\/wp-header-logo-149-720x475.png",720,475,true]},"author_info":{"info":[""]},"category_info":"<a href=\"https:\/\/radiofenix.com.ar\/2023\/category\/politica\/\" rel=\"category tag\">Pol\u00edtica<\/a>","tag_info":"Pol\u00edtica","comment_count":"0","_links":{"self":[{"href":"https:\/\/radiofenix.com.ar\/2023\/wp-json\/wp\/v2\/posts\/191761","targetHints":{"allow":["GET"]}}],"collection":[{"href":"https:\/\/radiofenix.com.ar\/2023\/wp-json\/wp\/v2\/posts"}],"about":[{"href":"https:\/\/radiofenix.com.ar\/2023\/wp-json\/wp\/v2\/types\/post"}],"replies":[{"embeddable":true,"href":"https:\/\/radiofenix.com.ar\/2023\/wp-json\/wp\/v2\/comments?post=191761"}],"version-history":[{"count":0,"href":"https:\/\/radiofenix.com.ar\/2023\/wp-json\/wp\/v2\/posts\/191761\/revisions"}],"wp:featuredmedia":[{"embeddable":true,"href":"https:\/\/radiofenix.com.ar\/2023\/wp-json\/wp\/v2\/media\/191762"}],"wp:attachment":[{"href":"https:\/\/radiofenix.com.ar\/2023\/wp-json\/wp\/v2\/media?parent=191761"}],"wp:term":[{"taxonomy":"category","embeddable":true,"href":"https:\/\/radiofenix.com.ar\/2023\/wp-json\/wp\/v2\/categories?post=191761"},{"taxonomy":"post_tag","embeddable":true,"href":"https:\/\/radiofenix.com.ar\/2023\/wp-json\/wp\/v2\/tags?post=191761"}],"curies":[{"name":"wp","href":"https:\/\/api.w.org\/{rel}","templated":true}]}}