{"id":191767,"date":"2023-11-29T08:57:28","date_gmt":"2023-11-29T08:57:28","guid":{"rendered":"https:\/\/radiofenix.com.ar\/2023\/anuncian-la-primera-exposicion-de-productos-hechos-con-plastico-reciclado-o-reutilizado\/"},"modified":"2023-11-29T08:57:28","modified_gmt":"2023-11-29T08:57:28","slug":"anuncian-la-primera-exposicion-de-productos-hechos-con-plastico-reciclado-o-reutilizado","status":"publish","type":"post","link":"https:\/\/radiofenix.com.ar\/2023\/anuncian-la-primera-exposicion-de-productos-hechos-con-plastico-reciclado-o-reutilizado\/","title":{"rendered":"Anuncian la primera exposici\u00f3n de productos hechos con pl\u00e1stico reciclado o reutilizado"},"content":{"rendered":"<div>\n<figure class=\"mb-3\"><img decoding=\"async\" src=\"https:\/\/www.telam.com.ar\/thumbs\/bluesteel\/advf\/imagenes\/2017\/07\/5968ebe81b822_1200.jpg\" class=\" lazy \" width=\"100%\" height=\"100%\" alt=\"Telam SE\"\/><figcaption\/><\/figure>\n<p> Con el lema \u00abel pl\u00e1stico tiene otras vidas\u00bb, se realizar\u00e1 el 5 de diciembre la primera exposici\u00f3n en la Argentina de productos fabricados con pl\u00e1stico reciclado o reutilizado en el Centro Recreativo Parque Frontera, Camino de Cintura 4700 y Calle Paz, ubicado en el partido bonaerense de Esteban Echeverr\u00eda, inform\u00f3 este martes la Uni\u00f3n Obreros y Empleados Pl\u00e1sticos (UOYEP).<\/p>\n<p>La Expo Reciclado 2023 <strong>reunir\u00e1 a diversas empresas y emprendedores comprometidos con la sustentabilidad<\/strong>, promoviendo la econom\u00eda circular y contribuyendo a la protecci\u00f3n del ambiente.<\/p>\n<p>\u00abLa idea central de este encuentro es visibilizar que el pl\u00e1stico no es un residuo, <strong>sino un recurso para la econom\u00eda circular<\/strong>, cuyo principal objetivo consiste en que los materiales, los productos y los recursos naturales se mantengan en la econom\u00eda durante el mayor tiempo posible, reduciendo la generaci\u00f3n de residuos\u00bb, comentaron los organizadores en un comunicado.<\/p>\n<blockquote class=\"twitter-tweet\">\n<p lang=\"es\" dir=\"ltr\">EXPO RECICLADO 2023<br \/>El 5 de diciembre de 10:00 a 17:00 hs.<br \/>Centro Recreativo Parque Frontera<br \/>Camino de Cintura N\u00ba4700 y calle Paz, Partido de Esteban Echeverr\u00eda, Buenos Aires<br \/>Organiza: Uni\u00f3n Obreros y Empleados Pl\u00e1sticos<br \/>\u00a1Acceso libre y gratuito! <a href=\"https:\/\/t.co\/BeXQIWevaG\">pic.twitter.com\/BeXQIWevaG<\/a><\/p>\n<p>\u2014 CAIRPLAS Argentina (@CAIRPLAS1) <a href=\"https:\/\/twitter.com\/CAIRPLAS1\/status\/1729533333330120723?ref_src=twsrc%5Etfw\">November 28, 2023<\/a><\/p><\/blockquote>\n<p> Seg\u00fan explicaron, el pl\u00e1stico es uno de los elementos que m\u00e1s productos reutilizables ofrece en el mercado y actualmente hay diversas empresas que fabrican productos con pl\u00e1stico reciclado: desde juguetes, herramientas de limpieza, anteojos, macetas, mochilas, bolsos, decks, revestimientos, envases y simil madera, entre otros.<\/p>\n<p>\u00abEl pl\u00e1stico tiene infinitas posibilidades de transformaci\u00f3n. En un mundo que busca cada vez m\u00e1s soluciones sostenibles, el reciclaje de pl\u00e1stico es una parte esencial de la respuesta a los desaf\u00edos ambientales\u00bb, sostuvieron desde UOYEP.<\/p>\n<p>Los \u00faltimos datos del informe 2022 de Ecoplas\/Cairplas, s<strong>e recuperaron 343.000 total de toneladas de pl\u00e1sticos el a\u00f1o pasado.<\/strong><\/p>\n<p>En 2023 el reciclado de pl\u00e1sticos en Argentina evit\u00f3 que se liberen m\u00e1s miles de toneladas de di\u00f3xido de carbono al a\u00f1o, el equivalente a lo que absorben 21 millones de \u00e1rboles.<\/p>\n<p>\u00abNuestro prop\u00f3sito es visibilizar que el pl\u00e1stico tiene otras vidas, es importante que se conozca el valor agregado que tienen los productos de uso diario fabricados con pl\u00e1stico reciclado\u00bb, concluy\u00f3 Alberto Mur\u00faa, secretario general de UOYEP. <\/p>\n<\/div>\n<p><script async src=\"\/\/platform.twitter.com\/widgets.js\" charset=\"utf-8\"><\/script><script async defer crossorigin=\"anonymous\" src=\"https:\/\/connect.facebook.net\/es_LA\/sdk.js#xfbml=1&#038;version=v12.0\" nonce=\"SBlHQzIF\"><\/script><br \/><a href=\"https:\/\/www.telam.com.ar\/notas\/202311\/647987-primera-exposicion-reciclado-2023.html\">source<\/a><\/p>\n","protected":false},"excerpt":{"rendered":"<p>Con el lema \u00abel pl\u00e1stico tiene otras vidas\u00bb, se realizar\u00e1 el 5 de diciembre la&#8230;<\/p>\n","protected":false},"author":0,"featured_media":191768,"comment_status":"open","ping_status":"open","sticky":false,"template":"","format":"standard","meta":{"footnotes":""},"categories":[7],"tags":[],"class_list":["post-191767","post","type-post","status-publish","format-standard","has-post-thumbnail","hentry","category-sociedad"],"featured_image_urls":{"full":["https:\/\/radiofenix.com.ar\/2023\/wp-content\/uploads\/2023\/11\/wp-header-logo-152.png",1004,565,false],"thumbnail":["https:\/\/radiofenix.com.ar\/2023\/wp-content\/uploads\/2023\/11\/wp-header-logo-152-150x150.png",150,150,true],"medium":["https:\/\/radiofenix.com.ar\/2023\/wp-content\/uploads\/2023\/11\/wp-header-logo-152-300x169.png",300,169,true],"medium_large":["https:\/\/radiofenix.com.ar\/2023\/wp-content\/uploads\/2023\/11\/wp-header-logo-152-768x432.png",640,360,true],"large":["https:\/\/radiofenix.com.ar\/2023\/wp-content\/uploads\/2023\/11\/wp-header-logo-152.png",640,360,false],"1536x1536":["https:\/\/radiofenix.com.ar\/2023\/wp-content\/uploads\/2023\/11\/wp-header-logo-152.png",1004,565,false],"2048x2048":["https:\/\/radiofenix.com.ar\/2023\/wp-content\/uploads\/2023\/11\/wp-header-logo-152.png",1004,565,false],"newsium-slider-full":["https:\/\/radiofenix.com.ar\/2023\/wp-content\/uploads\/2023\/11\/wp-header-logo-152.png",1004,565,false],"newsium-featured":["https:\/\/radiofenix.com.ar\/2023\/wp-content\/uploads\/2023\/11\/wp-header-logo-152.png",1004,565,false],"newsium-medium":["https:\/\/radiofenix.com.ar\/2023\/wp-content\/uploads\/2023\/11\/wp-header-logo-152-720x475.png",720,475,true]},"author_info":{"info":[""]},"category_info":"<a href=\"https:\/\/radiofenix.com.ar\/2023\/category\/sociedad\/\" rel=\"category tag\">Sociedad<\/a>","tag_info":"Sociedad","comment_count":"0","_links":{"self":[{"href":"https:\/\/radiofenix.com.ar\/2023\/wp-json\/wp\/v2\/posts\/191767","targetHints":{"allow":["GET"]}}],"collection":[{"href":"https:\/\/radiofenix.com.ar\/2023\/wp-json\/wp\/v2\/posts"}],"about":[{"href":"https:\/\/radiofenix.com.ar\/2023\/wp-json\/wp\/v2\/types\/post"}],"replies":[{"embeddable":true,"href":"https:\/\/radiofenix.com.ar\/2023\/wp-json\/wp\/v2\/comments?post=191767"}],"version-history":[{"count":0,"href":"https:\/\/radiofenix.com.ar\/2023\/wp-json\/wp\/v2\/posts\/191767\/revisions"}],"wp:featuredmedia":[{"embeddable":true,"href":"https:\/\/radiofenix.com.ar\/2023\/wp-json\/wp\/v2\/media\/191768"}],"wp:attachment":[{"href":"https:\/\/radiofenix.com.ar\/2023\/wp-json\/wp\/v2\/media?parent=191767"}],"wp:term":[{"taxonomy":"category","embeddable":true,"href":"https:\/\/radiofenix.com.ar\/2023\/wp-json\/wp\/v2\/categories?post=191767"},{"taxonomy":"post_tag","embeddable":true,"href":"https:\/\/radiofenix.com.ar\/2023\/wp-json\/wp\/v2\/tags?post=191767"}],"curies":[{"name":"wp","href":"https:\/\/api.w.org\/{rel}","templated":true}]}}