{"id":191771,"date":"2023-11-29T08:57:31","date_gmt":"2023-11-29T08:57:31","guid":{"rendered":"https:\/\/radiofenix.com.ar\/2023\/musk-visito-israel-y-dice-que-hamas-debe-ser-destruido\/"},"modified":"2023-11-29T08:57:31","modified_gmt":"2023-11-29T08:57:31","slug":"musk-visito-israel-y-dice-que-hamas-debe-ser-destruido","status":"publish","type":"post","link":"https:\/\/radiofenix.com.ar\/2023\/musk-visito-israel-y-dice-que-hamas-debe-ser-destruido\/","title":{"rendered":"Musk visit\u00f3 Israel y dice que Hamas debe ser destruido"},"content":{"rendered":"<div>\n<figure class=\"mb-3\"><img decoding=\"async\" src=\"https:\/\/www.telam.com.ar\/thumbs\/bluesteel\/advf\/imagenes\/2023\/11\/6564ec7d68ddb_1200.jpg\" class=\" lazy \" width=\"100%\" height=\"100%\" alt=\"Foto X netanyahu\"\/><figcaption> Foto X @netanyahu <\/figcaption><\/figure>\n<p> El empresario Elon Musk visit\u00f3 este lunes con el primer ministro israel\u00ed, Benjamin Netanyahu, uno de los poblados de Israel atacados por Hamas y dijo que <strong>\u00abno hay alternativa\u00bb a destruir al grupo islamista palestino para garantizar un futuro mejor<\/strong> en Israel y la Franja de Gaza.<\/p>\n<p>El multimillonario sudafricano due\u00f1o de la red social X recorri\u00f3 el kibutz de Kfar Aza, donde m\u00e1s de 50 personas fueron asesinadas y varias fueron secuestradas por los milicianos de Hamas que se infiltraron en Israel desde la Franja de Gaza el 7 de octubre.<\/p>\n<blockquote class=\"twitter-tweet\">\n<p lang=\"iw\" dir=\"rtl\">\u05e1\u05d9\u05d9\u05e8\u05ea\u05d9 \u05e2\u05dd \u05d0\u05d9\u05dc\u05d5\u05df \u05de\u05d0\u05e1\u05e7 \u05d1\u05e7\u05d9\u05d1\u05d5\u05e5 \u05db\u05e4\u05e8 \u05e2\u05d6\u05d4 \u05db\u05d3\u05d9 \u05dc\u05d4\u05e8\u05d0\u05d5\u05ea \u05dc\u05d5 \u05de\u05e7\u05e8\u05d5\u05d1 \u05d0\u05ea \u05d4\u05e4\u05e9\u05e2\u05d9\u05dd \u05e0\u05d2\u05d3 \u05d4\u05d0\u05e0\u05d5\u05e9\u05d5\u05ea \u05e9\u05d1\u05d9\u05e6\u05e2 \u05d7\u05de\u05d0\u05e1 <a href=\"https:\/\/twitter.com\/elonmusk?ref_src=twsrc%5Etfw\">@elonmusk<\/a> <\/p>\n<p>(\u05e6\u05d9\u05dc\u05d5\u05dd: \u05e2\u05de\u05d5\u05e1 \u05d1\u05df \u05d2\u05e8\u05e9\u05d5\u05dd, \u05dc\u05e2\u05f4\u05de) <a href=\"https:\/\/t.co\/aipX6ryv7T\">pic.twitter.com\/aipX6ryv7T<\/a><\/p>\n<p>\u2014 Benjamin Netanyahu &#8211; \u05d1\u05e0\u05d9\u05de\u05d9\u05df \u05e0\u05ea\u05e0\u05d9\u05d4\u05d5 (@netanyahu) <a href=\"https:\/\/twitter.com\/netanyahu\/status\/1729103225549381656?ref_src=twsrc%5Etfw\">November 27, 2023<\/a><\/p><\/blockquote>\n<p> Acompa\u00f1ado por Netanyahu y autoridades locales, <strong>Musk visit\u00f3 la casa de una ni\u00f1a israel\u00ed-estadounidense de cuatro a\u00f1os, Abigail Idan<\/strong>, que fue liberada el domingo por Hamas en el marco de una tregua con Israel en su ofensiva en Gaza.<\/p>\n<p>Horas despu\u00e9s,<strong> Musk y Netanyahu compartieron una sesi\u00f3n de chat en vivo en la red social X<\/strong>, llamada Twitter antes de que fuera adquirida por el multimillonario el a\u00f1o pasado, en la cual ambos coincidieron en que Hamas ten\u00eda \u00abintenciones genocidas\u00bb para con el pueblo jud\u00edo.<\/p>\n<p>Adem\u00e1s, Musk dijo que quer\u00eda ayudar a la reconstrucci\u00f3n de Gaza, el enclave palestino gobernado por Hamas donde viven 2.4 millones de personas, luego de su devastaci\u00f3n por m\u00e1s de seis semanas de bombardeos israel\u00edes.<\/p>\n<blockquote class=\"twitter-tweet\">\n<p lang=\"zxx\" dir=\"ltr\"><a href=\"https:\/\/t.co\/vJDbprlHhj\">https:\/\/t.co\/vJDbprlHhj<\/a><\/p>\n<p>\u2014 Benjamin Netanyahu &#8211; \u05d1\u05e0\u05d9\u05de\u05d9\u05df \u05e0\u05ea\u05e0\u05d9\u05d4\u05d5 (@netanyahu) <a href=\"https:\/\/twitter.com\/netanyahu\/status\/1729112906242159005?ref_src=twsrc%5Etfw\">November 27, 2023<\/a><\/p><\/blockquote>\n<p><strong>Unas 1.200 personas, en su mayor\u00eda civiles, murieron y 240 fueron secuestradas por Hamas<\/strong> en sus ataques en Israel, y unos 14.800 palestinos, incluyendo 6.000 ni\u00f1os, han muerto en Gaza desde entonces en la ofensiva israel\u00ed.<\/p>\n<p>\u00abSi queremos seguridad, paz y una vida mejor para los gazat\u00edes, necesitamos destruir a Hamas. Primero hay que deshacerse del r\u00e9gimen venenoso como lo hicieron en Alemania y Jap\u00f3n\u00bb, dijo Netanyahu en la conversaci\u00f3n con Musk por X.<\/p>\n<blockquote class=\"\"><p>Musk dijo que quer\u00eda ayudar a la reconstrucci\u00f3n de Gaza, luego de su devastaci\u00f3n por m\u00e1s de seis semanas de bombardeos israel\u00edes.<\/p><\/blockquote>\n<p> \u00abNo hay opci\u00f3n\u00bb, respondi\u00f3 Musk, al tiempo que remarc\u00f3 que las muertes de civiles eran \u00abinevitables\u00bb, inform\u00f3 el diario The Times of Israel.<\/p>\n<p><strong>\u00abEs necesario actuar con firmeza para eliminar a los terroristas y a los que buscan asesinar\u00bb, agreg\u00f3 Musk.<\/strong><\/p>\n<blockquote class=\"twitter-tweet\">\n<p lang=\"zxx\" dir=\"ltr\"><a href=\"https:\/\/t.co\/vJDbprlHhj\">https:\/\/t.co\/vJDbprlHhj<\/a><\/p>\n<p>\u2014 Benjamin Netanyahu &#8211; \u05d1\u05e0\u05d9\u05de\u05d9\u05df \u05e0\u05ea\u05e0\u05d9\u05d4\u05d5 (@netanyahu) <a href=\"https:\/\/twitter.com\/netanyahu\/status\/1729112906242159005?ref_src=twsrc%5Etfw\">November 27, 2023<\/a><\/p><\/blockquote>\n<p> Netanyahu se reuni\u00f3 el 18 de octubre con Musk en California, donde le pidi\u00f3 un equilibrio en la citada red social entre la libertad de expresi\u00f3n y la lucha contra el discurso de odio, en el marco de la controversia por el aumento de los mensajes antisemitas en X durante los \u00faltimos meses.<\/p>\n<p><strong>El multimillonario se reuni\u00f3 en Israel tambi\u00e9n con el presidente Isaac Herzog<\/strong>, en un encuentro del que tambi\u00e9n participaron familiares de rehenes que a\u00fan se encuentran en manos de Hamas en Gaza.<\/p>\n<p>El presidente israel\u00ed dijo que la red social del multimillonario est\u00e1 \u00abllena de antisemitismo\u00bb y que Musk tiene un \u00abpapel important\u00edsimo\u00bb en el combate del problema.<\/p>\n<p>\u00abDesafortunadamente, estamos inundados de antisemitismo, que es odio jud\u00edo y eso impacta en la noci\u00f3n completa de seres humanos en much\u00edsimos lugares en el mundo. Usted tiene un papel important\u00edsimo que jugar, y creo que necesitamos pelear juntos, porque la plataforma que usted posee, desafortunadamente, alberga una enorme cantidad de odio antiguo, que es odio a los jud\u00edos, que es antisemitismo\u00bb, le dijo Herzog a Musk. <\/p>\n<\/div>\n<p><script async src=\"\/\/platform.twitter.com\/widgets.js\" charset=\"utf-8\"><\/script><script async defer crossorigin=\"anonymous\" src=\"https:\/\/connect.facebook.net\/es_LA\/sdk.js#xfbml=1&#038;version=v12.0\" nonce=\"SBlHQzIF\"><\/script><br \/><a href=\"https:\/\/www.telam.com.ar\/notas\/202311\/647874-elon-musk-netanyahu-israel-hamas.html\">source<\/a><\/p>\n","protected":false},"excerpt":{"rendered":"<p>Foto X @netanyahu El empresario Elon Musk visit\u00f3 este lunes con el primer ministro israel\u00ed,&#8230;<\/p>\n","protected":false},"author":0,"featured_media":191772,"comment_status":"open","ping_status":"open","sticky":false,"template":"","format":"standard","meta":{"footnotes":""},"categories":[60],"tags":[],"class_list":["post-191771","post","type-post","status-publish","format-standard","has-post-thumbnail","hentry","category-internacional"],"featured_image_urls":{"full":["https:\/\/radiofenix.com.ar\/2023\/wp-content\/uploads\/2023\/11\/wp-header-logo-154.png",1200,675,false],"thumbnail":["https:\/\/radiofenix.com.ar\/2023\/wp-content\/uploads\/2023\/11\/wp-header-logo-154-150x150.png",150,150,true],"medium":["https:\/\/radiofenix.com.ar\/2023\/wp-content\/uploads\/2023\/11\/wp-header-logo-154-300x169.png",300,169,true],"medium_large":["https:\/\/radiofenix.com.ar\/2023\/wp-content\/uploads\/2023\/11\/wp-header-logo-154-768x432.png",640,360,true],"large":["https:\/\/radiofenix.com.ar\/2023\/wp-content\/uploads\/2023\/11\/wp-header-logo-154-1024x576.png",640,360,true],"1536x1536":["https:\/\/radiofenix.com.ar\/2023\/wp-content\/uploads\/2023\/11\/wp-header-logo-154.png",1200,675,false],"2048x2048":["https:\/\/radiofenix.com.ar\/2023\/wp-content\/uploads\/2023\/11\/wp-header-logo-154.png",1200,675,false],"newsium-slider-full":["https:\/\/radiofenix.com.ar\/2023\/wp-content\/uploads\/2023\/11\/wp-header-logo-154.png",1200,675,false],"newsium-featured":["https:\/\/radiofenix.com.ar\/2023\/wp-content\/uploads\/2023\/11\/wp-header-logo-154-1024x576.png",1024,576,true],"newsium-medium":["https:\/\/radiofenix.com.ar\/2023\/wp-content\/uploads\/2023\/11\/wp-header-logo-154-720x475.png",720,475,true]},"author_info":{"info":[""]},"category_info":"<a href=\"https:\/\/radiofenix.com.ar\/2023\/category\/internacional\/\" rel=\"category tag\">Internacional<\/a>","tag_info":"Internacional","comment_count":"0","_links":{"self":[{"href":"https:\/\/radiofenix.com.ar\/2023\/wp-json\/wp\/v2\/posts\/191771","targetHints":{"allow":["GET"]}}],"collection":[{"href":"https:\/\/radiofenix.com.ar\/2023\/wp-json\/wp\/v2\/posts"}],"about":[{"href":"https:\/\/radiofenix.com.ar\/2023\/wp-json\/wp\/v2\/types\/post"}],"replies":[{"embeddable":true,"href":"https:\/\/radiofenix.com.ar\/2023\/wp-json\/wp\/v2\/comments?post=191771"}],"version-history":[{"count":0,"href":"https:\/\/radiofenix.com.ar\/2023\/wp-json\/wp\/v2\/posts\/191771\/revisions"}],"wp:featuredmedia":[{"embeddable":true,"href":"https:\/\/radiofenix.com.ar\/2023\/wp-json\/wp\/v2\/media\/191772"}],"wp:attachment":[{"href":"https:\/\/radiofenix.com.ar\/2023\/wp-json\/wp\/v2\/media?parent=191771"}],"wp:term":[{"taxonomy":"category","embeddable":true,"href":"https:\/\/radiofenix.com.ar\/2023\/wp-json\/wp\/v2\/categories?post=191771"},{"taxonomy":"post_tag","embeddable":true,"href":"https:\/\/radiofenix.com.ar\/2023\/wp-json\/wp\/v2\/tags?post=191771"}],"curies":[{"name":"wp","href":"https:\/\/api.w.org\/{rel}","templated":true}]}}