{"id":191773,"date":"2023-11-29T08:57:33","date_gmt":"2023-11-29T08:57:33","guid":{"rendered":"https:\/\/radiofenix.com.ar\/2023\/a-pesar-de-los-17-anos-de-impunidad-un-fiscal-inicio-una-nueva-investigacion\/"},"modified":"2023-11-29T08:57:33","modified_gmt":"2023-11-29T08:57:33","slug":"a-pesar-de-los-17-anos-de-impunidad-un-fiscal-inicio-una-nueva-investigacion","status":"publish","type":"post","link":"https:\/\/radiofenix.com.ar\/2023\/a-pesar-de-los-17-anos-de-impunidad-un-fiscal-inicio-una-nueva-investigacion\/","title":{"rendered":"A pesar de los 17 a\u00f1os de impunidad, un fiscal inici\u00f3 una nueva investigaci\u00f3n"},"content":{"rendered":"<div>\n<figure class=\"mb-3\"><img decoding=\"async\" src=\"https:\/\/www.telam.com.ar\/thumbs\/bluesteel\/advf\/imagenes\/2022\/02\/620ebbfedf5be_1200.jpg\" class=\" lazy \" width=\"100%\" height=\"100%\" alt=\"Nora Dalmasso fue vctima de su femicida y de la sociedad que la estigmatiz\"\/><figcaption> Nora Dalmasso fue v\u00edctima de su femicida y de la sociedad que la estigmatiz\u00f3 <\/figcaption><\/figure>\n<p>Diecisiete a\u00f1os despu\u00e9s del femicidio de Nora Dalmasso, ocurrido el 26 de noviembre del 2006 en su casa de la ciudad cordobesa de R\u00edo Cuarto, un fiscal inici\u00f3 una nueva investigaci\u00f3n tras el juicio que absolvi\u00f3 al viudo Marcelo Macarr\u00f3n y aguarda el resultado de un \u00abmapeo y trazabilidad\u00bb de 45 muestras gen\u00e9ticas, con la intenci\u00f3n de identificar al autor del crimen, cuyo ADN qued\u00f3 en la bata que llevaba puesta la v\u00edctima al momento del ataque.<\/p>\n<p>Si bien la causa ya prescribi\u00f3 por la cantidad de a\u00f1os que transcurrieron, <strong>el Tribunal que el a\u00f1o pasado absolvi\u00f3 a Macarr\u00f3n (62)<\/strong>, quien hab\u00eda llegado a juicio como instigador del \u00abhomicidio calificado por el v\u00ednculo, alevos\u00eda, y precio o promesa remuneratoria\u00bb de su esposa, orden\u00f3 remitir el expediente a la fiscal\u00eda general para que se designe a un nuevo fiscal que haga un reinvestigaci\u00f3n con las pruebas que ya est\u00e1n incorporadas.<\/p>\n<p><strong>\u00abLa v\u00edctima tiene el derecho a que se determine la verdad aunque el delito haya prescripto\u00bb<\/strong>, hab\u00eda reclamado el fiscal de C\u00e1mara Julio Rivero al tribunal de la C\u00e1mara del Crimen 1 de R\u00edo Cuarto que tuvo a su cargo el juicio por jurados.<\/p>\n<p>En los fundamentos del 5 de julio de 2022, el tribunal coincidi\u00f3 con el fiscal Rivero en que \u00abno se pudo sostener la acusaci\u00f3n\u00bb contra el viudo y se\u00f1al\u00f3 que \u00abno la mat\u00f3 un sicario. Fue v\u00edctima de femicidio y de violencia de g\u00e9nero (figuras penales inexistentes al momento del hecho). La mat\u00f3 una sola persona conocida por ella\u00bb, y que previo al asesinato \u00abhubo acto sexual consentido\u00bb.<\/p>\n<p><figure class=\"mb-3\"><img decoding=\"async\" src=\"https:\/\/www.telam.com.ar\/thumbs\/bluesteel\/advf\/imagenes\/2022\/03\/622fc608e47ee_1200.jpg\" class=\" lazy \" width=\"100%\" height=\"100%\" alt=\"Absolusin del viudo MacarrnFoto Laura Lescano\"\/><figcaption> Absolusi\u00f3n del viudo Macarr\u00f3nFoto: Laura Lescano <\/figcaption><\/figure>\n<p><\/p>\n<h2 class=\"\">El ADN del asesino en la cinta de la bata<\/h2>\n<p>Para el fiscal Rivero, <strong>\u00abel ADN del asesino de Nora est\u00e1 en el cinto de la bata\u00bb<\/strong> que se utiliz\u00f3 para asfixiarla y matarla, y que se trata de un ADN \u00abdesconocido, que hay que identificar\u00bb.<\/p>\n<p>En ese contexto, el expediente qued\u00f3 en manos del fiscal de Primer Turno de R\u00edo Cuarto, Pablo J\u00e1vega, quien manifest\u00f3 a T\u00e9lam que en el primer semestre de este a\u00f1o se comenz\u00f3 a analizar la causa y se estableci\u00f3 la log\u00edstica operativa del trabajo.<\/p>\n<p>Junto al fiscal trabaja personal del Centro de Gen\u00e9tica Forense (CGF), que depende del Tribunal Superior de Justicia (TSJ), la Polic\u00eda Judicial, el Ministerio P\u00fablico Fiscal (MPF) y la Direcci\u00f3n de Investigaci\u00f3n Operativa (DIO).<\/p>\n<p><strong>\u00abEn el segundo semestre, comenzamos con el mapeo de las muestras gen\u00e9ticas\u00bb<\/strong> que se remitieron al CGF para cotejar con el ADN que fue posible elaborar con material levantado de la bata que ten\u00eda puesta la v\u00edctima al momento de ser atacada.<\/p>\n<p>\u00abEl fin es tratar de identificar a quien o quienes podr\u00edan haber tenido participaci\u00f3n directa en relaci\u00f3n a los hechos\u00bb, manifest\u00f3 el funcionario judicial.<\/p>\n<p>En ese sentido, dijo que en esta instancia se trabaja con la trazabilidad de unas 45 muestras que <strong>\u00abcorresponden a aportantes de familiares de la v\u00edctima, del c\u00edrculo de amistades, personas afines al domicilio y por concurrencia epis\u00f3dica\u00bb<\/strong>.<\/p>\n<p>El fiscal J\u00e1vega aguarda los resultados de esos an\u00e1lisis comparativos que est\u00e1n en pleno proceso.<\/p>\n<p>Con respecto a las pruebas materiales tomadas en el escenario de crimen y que, durante el juicio, fueron cuestionadas por su \u00abmanipulaci\u00f3n y precariedad\u00bb en cuanto a la preservaci\u00f3n, el fiscal J\u00e1vega a\u00fan no resolvi\u00f3 si ordenar\u00e1 un nuevo an\u00e1lisis.<\/p>\n<p><strong>\u00abTranscurridos ya 17 a\u00f1os, muchas se han desnaturalizado con el paso del tiempo\u00bb<\/strong> y probablemente no est\u00e9n en condiciones para nuevos estudios\u00bb, explic\u00f3.<\/p>\n<p><strong><a href=\"https:\/\/www.telam.com.ar\/notas\/202211\/612399-facundo-macarron-crimen-nora-dalmasso-rio-cuarto.html\" target=\"_blank\" rel=\"noopener\">En este proceso, que hasta el momento tiene como \u00fanico querellante a Facundo Macarr\u00f3n<\/a><\/strong>, el fiscal pretende \u00absaber lo que pas\u00f3, c\u00f3mo pas\u00f3 y qui\u00e9nes participaron\u00bb, y que si esas circunstancias arrojan elementos relevantes posteriormente \u00abse evaluar\u00e1 si existe alguna causal para interrumpir o suspender el plazo de prescripci\u00f3n\u00bb.<\/p>\n<p><figure class=\"mb-3\"><img decoding=\"async\" src=\"https:\/\/www.telam.com.ar\/thumbs\/bluesteel\/advf\/imagenes\/2022\/03\/622fc6092551c_1200.jpg\" class=\" lazy \" width=\"100%\" height=\"100%\" alt=\"Facundo Macarrn Foto Laura Lescano\"\/><figcaption> Facundo Macarr\u00f3n \/ Foto: Laura Lescano <\/figcaption><\/figure>\n<p>El fiscal, de todas maneras, no se puso plazos para su investigaci\u00f3n, ya que se trata de una causa \u00abmuy compleja\u00bb.<\/p>\n<h2 class=\"\">La muerte de Nora Dalmasso<\/h2>\n<p>De acuerdo a los datos de la causa, Nora fue encontrada asesinada en la madrugada del 26 de noviembre de 2006 en su casona del exclusivo barrio Villa Golf de R\u00edo Cuarto, en el sur de la provincia de C\u00f3rdoba, donde resid\u00eda con su esposo Macarr\u00f3n, con quien ten\u00eda dos hijos, Facundo quien por entonces viv\u00eda en la capital provincial, y Valentina, que para esa fecha estaba de viaje.<\/p>\n<p>Durante la investigaci\u00f3n se siguieron varias hip\u00f3tesis: un crimen producido durante un juego sexual; un abuso sexual seguido de muerte; y un asesinato por encargo, en tanto las pericias determinaron que Nora muri\u00f3 por asfixia por estrangulamiento y su cuerpo semidesnudo qued\u00f3 tendido en la cama de su hija.<\/p>\n<p><strong>En el transcurso de la causa investigaron cinco fiscales<\/strong>, con distintas hip\u00f3tesis, y fueron imputados, adem\u00e1s del viudo, el exasesor del Gobierno cordob\u00e9s Rafael Magnasco, el pintor Gast\u00f3n Z\u00e1rate -a quien se lo llam\u00f3 popularmente \u00abel perejil\u00bb- y Facundo Macarr\u00f3n, aunque todos ellos fueron finalmente sobrese\u00eddos.<\/p>\n<p>Los peritos hallaron en la escena del crimen el patr\u00f3n gen\u00e9tico del linaje Macarr\u00f3n (haplotipo Y) y ese elemento fue utilizado primero para acusar a Facundo y posteriormente para apuntar al viudo, quien siempre reconoci\u00f3 que antes de viajar hab\u00eda tenido relaciones sexuales con su esposa.<\/p>\n<h2 class=\"\">El \u00abperejil\u00bb<\/h2>\n<p>En tanto, por el \u00abperejil\u00bb Z\u00e1rate, los vecinos de R\u00edo Cuarto realizaron marchas en su favor cuando estuvo unos d\u00edas detenido, y fue desvinculado del crimen m\u00e1s r\u00e1pidamente que el hijo de Nora, cuyo sobreseimiento demor\u00f3 seis a\u00f1os.<\/p>\n<p>Macarr\u00f3n fue procesado en marzo de 2016 por el anterior fiscal Daniel Miralles, quien inicialmente puso en duda la coartada de que se encontraba en un torneo de golf en Punta del Este cuando ocurri\u00f3 el asesinato y lo acus\u00f3 de \u00abhomicidio calificado por el v\u00ednculo\u00bb solamente.<\/p>\n<p>Cuando el fiscal Pizarro se hizo cargo de la causa modific\u00f3 la hip\u00f3tesis y consider\u00f3 que el viudo contrat\u00f3 un sicario para matar a su esposa mientras \u00e9l estaba ausente en su viaje por Uruguay, del cual fue sobrese\u00eddo el a\u00f1o pasado. <\/p>\n<\/div>\n<p><script async defer crossorigin=\"anonymous\" src=\"https:\/\/connect.facebook.net\/es_LA\/sdk.js#xfbml=1&#038;version=v12.0\" nonce=\"SBlHQzIF\"><\/script><br \/><a href=\"https:\/\/www.telam.com.ar\/notas\/202311\/647748-nora-dalmasso-femicidio-impunidad-investigacion.html\">source<\/a><\/p>\n","protected":false},"excerpt":{"rendered":"<p>Nora Dalmasso fue v\u00edctima de su femicida y de la sociedad que la estigmatiz\u00f3 Diecisiete&#8230;<\/p>\n","protected":false},"author":0,"featured_media":191774,"comment_status":"open","ping_status":"open","sticky":false,"template":"","format":"standard","meta":{"footnotes":""},"categories":[64],"tags":[],"class_list":["post-191773","post","type-post","status-publish","format-standard","has-post-thumbnail","hentry","category-policiales"],"featured_image_urls":{"full":["https:\/\/radiofenix.com.ar\/2023\/wp-content\/uploads\/2023\/11\/wp-header-logo-155.png",1004,565,false],"thumbnail":["https:\/\/radiofenix.com.ar\/2023\/wp-content\/uploads\/2023\/11\/wp-header-logo-155-150x150.png",150,150,true],"medium":["https:\/\/radiofenix.com.ar\/2023\/wp-content\/uploads\/2023\/11\/wp-header-logo-155-300x169.png",300,169,true],"medium_large":["https:\/\/radiofenix.com.ar\/2023\/wp-content\/uploads\/2023\/11\/wp-header-logo-155-768x432.png",640,360,true],"large":["https:\/\/radiofenix.com.ar\/2023\/wp-content\/uploads\/2023\/11\/wp-header-logo-155.png",640,360,false],"1536x1536":["https:\/\/radiofenix.com.ar\/2023\/wp-content\/uploads\/2023\/11\/wp-header-logo-155.png",1004,565,false],"2048x2048":["https:\/\/radiofenix.com.ar\/2023\/wp-content\/uploads\/2023\/11\/wp-header-logo-155.png",1004,565,false],"newsium-slider-full":["https:\/\/radiofenix.com.ar\/2023\/wp-content\/uploads\/2023\/11\/wp-header-logo-155.png",1004,565,false],"newsium-featured":["https:\/\/radiofenix.com.ar\/2023\/wp-content\/uploads\/2023\/11\/wp-header-logo-155.png",1004,565,false],"newsium-medium":["https:\/\/radiofenix.com.ar\/2023\/wp-content\/uploads\/2023\/11\/wp-header-logo-155-720x475.png",720,475,true]},"author_info":{"info":[""]},"category_info":"<a href=\"https:\/\/radiofenix.com.ar\/2023\/category\/policiales\/\" rel=\"category tag\">Policiales<\/a>","tag_info":"Policiales","comment_count":"0","_links":{"self":[{"href":"https:\/\/radiofenix.com.ar\/2023\/wp-json\/wp\/v2\/posts\/191773","targetHints":{"allow":["GET"]}}],"collection":[{"href":"https:\/\/radiofenix.com.ar\/2023\/wp-json\/wp\/v2\/posts"}],"about":[{"href":"https:\/\/radiofenix.com.ar\/2023\/wp-json\/wp\/v2\/types\/post"}],"replies":[{"embeddable":true,"href":"https:\/\/radiofenix.com.ar\/2023\/wp-json\/wp\/v2\/comments?post=191773"}],"version-history":[{"count":0,"href":"https:\/\/radiofenix.com.ar\/2023\/wp-json\/wp\/v2\/posts\/191773\/revisions"}],"wp:featuredmedia":[{"embeddable":true,"href":"https:\/\/radiofenix.com.ar\/2023\/wp-json\/wp\/v2\/media\/191774"}],"wp:attachment":[{"href":"https:\/\/radiofenix.com.ar\/2023\/wp-json\/wp\/v2\/media?parent=191773"}],"wp:term":[{"taxonomy":"category","embeddable":true,"href":"https:\/\/radiofenix.com.ar\/2023\/wp-json\/wp\/v2\/categories?post=191773"},{"taxonomy":"post_tag","embeddable":true,"href":"https:\/\/radiofenix.com.ar\/2023\/wp-json\/wp\/v2\/tags?post=191773"}],"curies":[{"name":"wp","href":"https:\/\/api.w.org\/{rel}","templated":true}]}}