{"id":191775,"date":"2023-11-29T08:57:35","date_gmt":"2023-11-29T08:57:35","guid":{"rendered":"https:\/\/radiofenix.com.ar\/2023\/sin-definiciones-en-diputados-lla-ya-acordo-las-autoridades-del-bloque-en-el-senado\/"},"modified":"2023-11-29T08:57:35","modified_gmt":"2023-11-29T08:57:35","slug":"sin-definiciones-en-diputados-lla-ya-acordo-las-autoridades-del-bloque-en-el-senado","status":"publish","type":"post","link":"https:\/\/radiofenix.com.ar\/2023\/sin-definiciones-en-diputados-lla-ya-acordo-las-autoridades-del-bloque-en-el-senado\/","title":{"rendered":"Sin definiciones en Diputados, LLA ya acord\u00f3 las autoridades del bloque en el Senado"},"content":{"rendered":"<div>\n<figure class=\"mb-3\"><img decoding=\"async\" src=\"https:\/\/www.telam.com.ar\/thumbs\/bluesteel\/advf\/imagenes\/2023\/11\/6565f44f89e17_1200.jpg\" class=\" lazy \" width=\"100%\" height=\"100%\" alt=\"Francisco Paoltroni senador nacional electo inform quines sern las autoridades del bloque Foto X\"\/><figcaption> Francisco Paoltroni, senador nacional electo, inform\u00f3 qui\u00e9nes ser\u00e1n las autoridades del bloque. \/ Foto: X <\/figcaption><\/figure>\n<p> La Libertad Avanza (LLA) definir\u00e1 este martes qui\u00e9n ser\u00e1 el titular del bloque de diputados de la C\u00e1mara baja a partir del 10 de diciembre, en tanto que en el Senado ya se acordaron las autoridades de la bancada, que ser\u00e1 presidida por el puntano <strong>Bartolom\u00e9 Abdala,<\/strong> mientras que se espera el regreso de Javier Milei de Estados Unidos para terminar de resolver si la Presidencia de la C\u00e1mara de Diputados ser\u00e1 para un referente propio del espacio del presidente electo o bien si decide colocar en ese lugar a un aliado como <strong>Cristian Ritondo<\/strong> o <strong>Florencio Randazzo<\/strong>.<\/p>\n<p>Fuentes de LLA se\u00f1alaron a T\u00e9lam que esa definici\u00f3n est\u00e1 atada al regreso de Milei de su viaje a Estados Unidos, quien mantendr\u00e1 este martes reuniones en Washington con el consejero de Seguridad Nacional estadounidense, Jake Sullivan y el asesor especial del presidente de Estados Unidos Joe Biden y director senior del Consejo de Seguridad Nacional para el Hemisferio Occidental, Juan Gonz\u00e1lez, inform\u00f3 su oficina de prensa.<\/p>\n<p>Si se resuelve finalmente que la Presidencia de la C\u00e1mara quede para Ritondo o Randazzo, <strong>la conducci\u00f3n del bloque de LLA en Diputados podr\u00eda estar entre el actual legislador porte\u00f1o Oscar Zago, la periodista Marcela Pagano o el riojano Mart\u00edn Menem<\/strong>.<\/p>\n<p>En declaraciones que formul\u00f3 a la prensa, tras la reuni\u00f3n que mantuvieron este mediod\u00eda gobernadores de Juntos por el Cambio (JxC) con legisladores de ese espacio, el propio Ritondo afirm\u00f3 que <strong>\u00abes Milei el que tiene que elegir al Presidente de la C\u00e1mara\u00bb<\/strong>.<\/p>\n<p>Por estas horas, legisladores de LLA mantienen conversaciones para avanzar en acuerdos, a la espera de la decisi\u00f3n que estar\u00e1 finalmente en manos de Milei y el tema fue analizado este lunes en un encuentro que diputados y senadores electos de su fuerza pol\u00edtica mantuvieron con el designado ministro del Interior del nuevo Gobierno, Guillermo Francos.<\/p>\n<p>Zago asegur\u00f3 en declaraciones radiales que \u00aba\u00fan no est\u00e1 definido\u00bb qui\u00e9n ser\u00e1 el titular de la C\u00e1mara baja a partir del 10 de diciembre, y afirm\u00f3 que el bloque libertario aspira a que el cuerpo pueda ser conducido por un dirigente de ese espacio.<\/p>\n<p><strong>\u00abTodav\u00eda no definimos qui\u00e9n ser\u00e1 el Presidente de la C\u00e1mara de Diputados. Aspiramos que sea conducida por un legislador de LLA, seguramente cuando venga el Presidente (electo, Javier Milei) ser\u00e1 uno de los temas que vamos a hablar\u00bb<\/strong>, manifest\u00f3 Zago este martes en declaraciones a Radio 10.<\/p>\n<p>Seg\u00fan el legislador electo, durante el encuentro del lunes con Francos, \u00abse analiz\u00f3 c\u00f3mo ser\u00e1 el plan de trabajo\u00bb que se aplicar\u00e1 desde el Ejecutivo.<\/p>\n<p>\u00abFrancos nos cont\u00f3 sobre el viaje del Presidente (electo) a Estados Unidos. Nos dijo que iba a regresar entre hoy y ma\u00f1ana y que en breve los diputados nos juntaremos con \u00e9l. Los equipos que trabajar\u00e1n en cada Ministerio est\u00e1n analizando un paquete de medidas que son las que se ir\u00e1n mandando al Congreso\u00bb, indic\u00f3.<\/p>\n<p>En ese sentido, el diputado electo afirm\u00f3 que la postura acordada en la reuni\u00f3n fue la de \u00absostener el di\u00e1logo tanto con los aliados como con los bloques de la oposici\u00f3n, y adelant\u00f3 que el nombre del titular de la C\u00e1mara baja \u00abse definir\u00e1 en las pr\u00f3ximas 72 horas\u00bb.<\/p>\n<p>En el Senado, en tanto, ya se acord\u00f3 que <strong>el bloque de legisladores de LLA ser\u00e1 presidido por el puntano Bartolom\u00e9 Abdala, en tanto que el juje\u00f1o Ezequiel Atauche lo acompa\u00f1ar\u00e1 como vicepresidente y Vilma Bedia (LLA Jujuy) ser\u00e1 secretaria de esa bancada.<\/strong><\/p>\n<p><strong>Francisco Paoltroni<\/strong>, senador nacional electo por LLA por la provincia de Formosa, inform\u00f3 en su cuenta de la plataforma X (antes Twitter) que los siete senadores que tendr\u00e1 Milei en la C\u00e1mara alta llegaron a un acuerdo \u00abtrascendental para la consolidaci\u00f3n de nuestro bloque en el @SenadoArgentina\u00bb.<\/p>\n<blockquote class=\"twitter-tweet\">\n<p lang=\"es\" dir=\"ltr\">Reunidos los siete senadores electos de <a href=\"https:\/\/twitter.com\/LLibertadAvanza?ref_src=twsrc%5Etfw\">@LLibertadavanza<\/a> acordamos que Bartolom\u00e9 Abdala ser\u00e1 el presidente de nuestro bloque en el <a href=\"https:\/\/twitter.com\/SenadoArgentina?ref_src=twsrc%5Etfw\">@SenadoArgentina<\/a>, Ezequiel Atauche vicepresidente, y Vilma Bedia, secretaria. \u00a1VLLC! <a href=\"https:\/\/t.co\/nNRhLrI7VT\">pic.twitter.com\/nNRhLrI7VT<\/a><\/p>\n<p>\u2014 Francisco Paoltroni (@PaoltroniF) <a href=\"https:\/\/twitter.com\/PaoltroniF\/status\/1729328733616583159?ref_src=twsrc%5Etfw\">November 28, 2023<\/a><\/p><\/blockquote>\n<p> \u00abEn este importante paso hacia la conformaci\u00f3n de nuestro equipo legislativo, nos complace anunciar que Bartolom\u00e9 Abdala asumir\u00e1 la presidencia, Ezequiel Atauche ser\u00e1 el vicepresidente y Vilma Bedia desempe\u00f1ar\u00e1 el papel de secretaria. \u00a1VLLC!\u00bb, escribi\u00f3 el formose\u00f1o.<\/p>\n<p>Adem\u00e1s de la definici\u00f3n en torno a qui\u00e9n presidir\u00e1 la C\u00e1mara de Diputados, <strong>faltar\u00eda definir qui\u00e9n se quedar\u00e1 con la presidencia provisional del Senado, ahora en manos de la santiague\u00f1a del kirchnerismo, Claudia Abdala.<\/strong><\/p>\n<p>LLA, con 38 representantes en la C\u00e1mara baja y 7 en la C\u00e1mara alta, plantea un importante desaf\u00edo para Francos, quien deber\u00e1 trabajar arduamente para obtener consensos en las provincias y aprobar los paquetes de leyes propuestos por los equipos del presidente electo, Javier Milei.<\/p>\n<p>Entre las reformas estructurales que Milei prometi\u00f3 durante la campa\u00f1a figuran las privatizaciones, la eliminaci\u00f3n de impuestos o una eventual reforma laboral, las cu\u00e1les deben pasar en su mayor\u00eda por el Congreso, donde LLA deber\u00e1 negociar con los legisladores de Juntos por el Cambio y conseguir aliados de otros bloques provinciales como el salte\u00f1o Carlos Zapata (Ahora Patria), que ya adelant\u00f3 que ser\u00e1 aliado de La Libertad Avanza en el Congreso.<\/p>\n<p>Fuentes de ese espacio afirmaron, en tanto, que en el contenido de esas leyes trabajan los equipos t\u00e9cnicos del Gobierno electo.<\/p>\n<p>El pr\u00f3ximo jueves 7 de diciembre los nuevos integrantes del Congreso jurar\u00e1n y oficializar\u00e1n su ingreso al Poder Legislativo, para el pr\u00f3ximo per\u00edodo que se iniciar\u00e1 el 10 de diciembre.<\/p>\n<\/div>\n<p><script async src=\"\/\/platform.twitter.com\/widgets.js\" charset=\"utf-8\"><\/script><script async defer crossorigin=\"anonymous\" src=\"https:\/\/connect.facebook.net\/es_LA\/sdk.js#xfbml=1&#038;version=v12.0\" nonce=\"SBlHQzIF\"><\/script><br \/><a href=\"https:\/\/www.telam.com.ar\/notas\/202311\/647931-senado-la-libertad-avanza.html\">source<\/a><\/p>\n","protected":false},"excerpt":{"rendered":"<p>Francisco Paoltroni, senador nacional electo, inform\u00f3 qui\u00e9nes ser\u00e1n las autoridades del bloque. \/ Foto: X&#8230;<\/p>\n","protected":false},"author":0,"featured_media":191776,"comment_status":"open","ping_status":"open","sticky":false,"template":"","format":"standard","meta":{"footnotes":""},"categories":[2],"tags":[],"class_list":["post-191775","post","type-post","status-publish","format-standard","has-post-thumbnail","hentry","category-politica"],"featured_image_urls":{"full":["https:\/\/radiofenix.com.ar\/2023\/wp-content\/uploads\/2023\/11\/wp-header-logo-156.png",1200,675,false],"thumbnail":["https:\/\/radiofenix.com.ar\/2023\/wp-content\/uploads\/2023\/11\/wp-header-logo-156-150x150.png",150,150,true],"medium":["https:\/\/radiofenix.com.ar\/2023\/wp-content\/uploads\/2023\/11\/wp-header-logo-156-300x169.png",300,169,true],"medium_large":["https:\/\/radiofenix.com.ar\/2023\/wp-content\/uploads\/2023\/11\/wp-header-logo-156-768x432.png",640,360,true],"large":["https:\/\/radiofenix.com.ar\/2023\/wp-content\/uploads\/2023\/11\/wp-header-logo-156-1024x576.png",640,360,true],"1536x1536":["https:\/\/radiofenix.com.ar\/2023\/wp-content\/uploads\/2023\/11\/wp-header-logo-156.png",1200,675,false],"2048x2048":["https:\/\/radiofenix.com.ar\/2023\/wp-content\/uploads\/2023\/11\/wp-header-logo-156.png",1200,675,false],"newsium-slider-full":["https:\/\/radiofenix.com.ar\/2023\/wp-content\/uploads\/2023\/11\/wp-header-logo-156.png",1200,675,false],"newsium-featured":["https:\/\/radiofenix.com.ar\/2023\/wp-content\/uploads\/2023\/11\/wp-header-logo-156-1024x576.png",1024,576,true],"newsium-medium":["https:\/\/radiofenix.com.ar\/2023\/wp-content\/uploads\/2023\/11\/wp-header-logo-156-720x475.png",720,475,true]},"author_info":{"info":[""]},"category_info":"<a href=\"https:\/\/radiofenix.com.ar\/2023\/category\/politica\/\" rel=\"category tag\">Pol\u00edtica<\/a>","tag_info":"Pol\u00edtica","comment_count":"0","_links":{"self":[{"href":"https:\/\/radiofenix.com.ar\/2023\/wp-json\/wp\/v2\/posts\/191775","targetHints":{"allow":["GET"]}}],"collection":[{"href":"https:\/\/radiofenix.com.ar\/2023\/wp-json\/wp\/v2\/posts"}],"about":[{"href":"https:\/\/radiofenix.com.ar\/2023\/wp-json\/wp\/v2\/types\/post"}],"replies":[{"embeddable":true,"href":"https:\/\/radiofenix.com.ar\/2023\/wp-json\/wp\/v2\/comments?post=191775"}],"version-history":[{"count":0,"href":"https:\/\/radiofenix.com.ar\/2023\/wp-json\/wp\/v2\/posts\/191775\/revisions"}],"wp:featuredmedia":[{"embeddable":true,"href":"https:\/\/radiofenix.com.ar\/2023\/wp-json\/wp\/v2\/media\/191776"}],"wp:attachment":[{"href":"https:\/\/radiofenix.com.ar\/2023\/wp-json\/wp\/v2\/media?parent=191775"}],"wp:term":[{"taxonomy":"category","embeddable":true,"href":"https:\/\/radiofenix.com.ar\/2023\/wp-json\/wp\/v2\/categories?post=191775"},{"taxonomy":"post_tag","embeddable":true,"href":"https:\/\/radiofenix.com.ar\/2023\/wp-json\/wp\/v2\/tags?post=191775"}],"curies":[{"name":"wp","href":"https:\/\/api.w.org\/{rel}","templated":true}]}}