{"id":191787,"date":"2023-11-30T08:58:04","date_gmt":"2023-11-30T08:58:04","guid":{"rendered":"https:\/\/radiofenix.com.ar\/2023\/una-jueza-de-costa-rica-presidira-la-corte-interamericana-de-derechos-humanos\/"},"modified":"2023-11-30T08:58:04","modified_gmt":"2023-11-30T08:58:04","slug":"una-jueza-de-costa-rica-presidira-la-corte-interamericana-de-derechos-humanos","status":"publish","type":"post","link":"https:\/\/radiofenix.com.ar\/2023\/una-jueza-de-costa-rica-presidira-la-corte-interamericana-de-derechos-humanos\/","title":{"rendered":"Una jueza de Costa Rica presidir\u00e1 la Corte Interamericana de Derechos Humanos"},"content":{"rendered":"<div>\n<figure class=\"mb-3\"><img decoding=\"async\" src=\"https:\/\/www.telam.com.ar\/thumbs\/bluesteel\/advf\/imagenes\/2023\/11\/6567416d5d3ab_1200.jpg\" class=\" lazy \" width=\"100%\" height=\"100%\" alt=\"Nancy Hernndez la nueva presidenta de la Corte Interamericana de DDHH Foto X Ex twitter\"\/><figcaption> Nancy Hern\u00e1ndez, la nueva presidenta de la Corte Interamericana de DD.HH \/ Foto: X (Ex twitter). <\/figcaption><\/figure>\n<p> La jueza costarricense <strong>Nancy Hern\u00e1ndez fue nombrada nueva presidenta de la Corte Interamericana de Derechos Humanos<\/strong> (Corte IDH), inform\u00f3 el m\u00e1ximo tribunal continental y \u00f3rgano judicial de la Organizaci\u00f3n de Estados Americanos (OEA).<\/p>\n<p>H\u00e9rnandez sustituir\u00e1 al frente de la Corte IDH, con sede en San Jos\u00e9, la capital de Costa Rica, <strong>al uruguayo Eduardo P\u00e9rez a partir del 1\u00ba de enero de 2024 <\/strong>y por un periodo de dos a\u00f1os.<\/p>\n<p>La reci\u00e9n designada presidenta es una <strong>abogada costarricense que tiene m\u00e1s de 30 a\u00f1os de experiencia judicial<\/strong>, fue profesora universitaria y es especialista en derecho constitucional, derechos humanos y derecho p\u00fablico.<\/p>\n<p>Fue magistrada propietaria de la Sala Constitucional de la Corte Suprema de Justicia de Costa Rica entre 2013 y 2021.<\/p>\n<p>Actualmente, ejerce como jueza en la Corte IDH. <strong>Ser\u00e1 \u200bla tercera mujer que ejerce el cargo en la historia de la Corte IDH <\/strong>y adem\u00e1s la tercera persona de nacionalidad costarricense en ocupar ese puesto.<\/p>\n<blockquote class=\"twitter-tweet\">\n<p lang=\"es\" dir=\"ltr\">&#x1f468;&#x1f3fb;&#x200d;&#x2696;&#xfe0f;&#x1f469;&#x1f3fb;&#x200d;&#x2696;&#xfe0f;La Corte IDH elige nueva Directiva: la Jueza Nancy Hern\u00e1ndez L\u00f3pez &#x1f1e8;&#x1f1f7; fue elegida como Presidenta y el Juez Rodrigo Mudrovitsch &#x1f1e7;&#x1f1f7; como Vicepresidente.<br \/>Ambos iniciar\u00e1n su mandato el 1 de enero de 2024 y culminar\u00e1n el 31 de diciembre de 2025. <a href=\"https:\/\/t.co\/YTMsuIuX70\">pic.twitter.com\/YTMsuIuX70<\/a><\/p>\n<p>\u2014 Corte Interamericana de Derechos Humanos (@CorteIDH) <a href=\"https:\/\/twitter.com\/CorteIDH\/status\/1729665035205493190?ref_src=twsrc%5Etfw\">November 29, 2023<\/a><\/p><\/blockquote>\n<p> Hern\u00e1ndez es defensora de la libertad personal, la libertad de expresi\u00f3n y prensa, no discriminaci\u00f3n, protecci\u00f3n de poblaciones en estado de vulnerabilidad en general, <strong>incluida la equidad de g\u00e9nero, en particular de los derechos pol\u00edticos de la mujer<\/strong>.<\/p>\n<p>Una sentencia dictada por Hern\u00e1ndez en octubre de 2015 oblig\u00f3 a partidos pol\u00edticos y al Tribunal Supremo de Elecciones a aplicar la paridad en los encabezamientos de las listas, con lo cual, <strong>las mujeres empezaron a encabezar las boletas electorales en varias provincias del pa\u00eds<\/strong>, y tambi\u00e9n gener\u00f3 un aumento de la representaci\u00f3n pol\u00edtica de las mujeres en el Congreso de Costa Rica.<\/p>\n<p>Junto a Hern\u00e1ndez, la Corte IDH dijo que tambi\u00e9n eligi\u00f3 al <strong>brasile\u00f1o Rodrigo Mudrovitsch vicepresidente por el mismo periodo,<\/strong> inform\u00f3 la agencia de noticias AFP.<\/p>\n<p>A trav\u00e9s de un comunicado, la Canciller\u00eda de Costa Rica salud\u00f3 el nombramiento de Hern\u00e1ndez.<\/p>\n<blockquote class=\"twitter-tweet\">\n<p lang=\"es\" dir=\"ltr\">Costa Rica felicita a jueza Nancy Hern\u00e1ndez L\u00f3pez por haber sido elegida para presidir la Corte Interamericana de Derechos Humanos&#x1f4d1; <a href=\"https:\/\/t.co\/cSPq5Th5XQ\">https:\/\/t.co\/cSPq5Th5XQ<\/a> <a href=\"https:\/\/t.co\/Yln8PEXArZ\">pic.twitter.com\/Yln8PEXArZ<\/a><\/p>\n<p>\u2014 Canciller\u00eda Costa Rica &#x1f1e8;&#x1f1f7; (@CRcancilleria) <a href=\"https:\/\/twitter.com\/CRcancilleria\/status\/1729670803438850533?ref_src=twsrc%5Etfw\">November 29, 2023<\/a><\/p><\/blockquote>\n<p> \u00abCosta Rica conf\u00eda en que <strong>los amplios atestados de la jueza Hern\u00e1ndez y su intachable hoja de vida<\/strong>, contribuyan al continuo fortalecimiento del Sistema Interamericano de Derechos Humanos\u00bb.<\/p>\n<p>La Corte Interamericana de Derechos Humanos, tambi\u00e9n conocido como Tribunal Interamericano de Derechos Humanos, es un <strong>\u00f3rgano judicial aut\u00f3nomo de la OEA.<\/strong><\/p>\n<p>Su prop\u00f3sito es aplicar e interpretar la Convenci\u00f3n Americana sobre Derechos Humanos y otros tratados de derechos humanos a los cuales se somete el llamado Sistema Interamericano de Derechos Humanos. <\/p>\n<\/div>\n<p><script async src=\"\/\/platform.twitter.com\/widgets.js\" charset=\"utf-8\"><\/script><script async defer crossorigin=\"anonymous\" src=\"https:\/\/connect.facebook.net\/es_LA\/sdk.js#xfbml=1&#038;version=v12.0\" nonce=\"SBlHQzIF\"><\/script><br \/><a href=\"https:\/\/www.telam.com.ar\/notas\/202311\/648041-jueza-costa-rica-presidira-corte-interamericana-ddhh.html\">source<\/a><\/p>\n","protected":false},"excerpt":{"rendered":"<p>Nancy Hern\u00e1ndez, la nueva presidenta de la Corte Interamericana de DD.HH \/ Foto: X (Ex&#8230;<\/p>\n","protected":false},"author":0,"featured_media":191788,"comment_status":"open","ping_status":"open","sticky":false,"template":"","format":"standard","meta":{"footnotes":""},"categories":[60],"tags":[],"class_list":["post-191787","post","type-post","status-publish","format-standard","has-post-thumbnail","hentry","category-internacional"],"featured_image_urls":{"full":["https:\/\/radiofenix.com.ar\/2023\/wp-content\/uploads\/2023\/11\/wp-header-logo-162.png",1200,674,false],"thumbnail":["https:\/\/radiofenix.com.ar\/2023\/wp-content\/uploads\/2023\/11\/wp-header-logo-162-150x150.png",150,150,true],"medium":["https:\/\/radiofenix.com.ar\/2023\/wp-content\/uploads\/2023\/11\/wp-header-logo-162-300x169.png",300,169,true],"medium_large":["https:\/\/radiofenix.com.ar\/2023\/wp-content\/uploads\/2023\/11\/wp-header-logo-162-768x431.png",640,359,true],"large":["https:\/\/radiofenix.com.ar\/2023\/wp-content\/uploads\/2023\/11\/wp-header-logo-162-1024x575.png",640,359,true],"1536x1536":["https:\/\/radiofenix.com.ar\/2023\/wp-content\/uploads\/2023\/11\/wp-header-logo-162.png",1200,674,false],"2048x2048":["https:\/\/radiofenix.com.ar\/2023\/wp-content\/uploads\/2023\/11\/wp-header-logo-162.png",1200,674,false],"newsium-slider-full":["https:\/\/radiofenix.com.ar\/2023\/wp-content\/uploads\/2023\/11\/wp-header-logo-162.png",1200,674,false],"newsium-featured":["https:\/\/radiofenix.com.ar\/2023\/wp-content\/uploads\/2023\/11\/wp-header-logo-162-1024x575.png",1024,575,true],"newsium-medium":["https:\/\/radiofenix.com.ar\/2023\/wp-content\/uploads\/2023\/11\/wp-header-logo-162-720x475.png",720,475,true]},"author_info":{"info":[""]},"category_info":"<a href=\"https:\/\/radiofenix.com.ar\/2023\/category\/internacional\/\" rel=\"category tag\">Internacional<\/a>","tag_info":"Internacional","comment_count":"0","_links":{"self":[{"href":"https:\/\/radiofenix.com.ar\/2023\/wp-json\/wp\/v2\/posts\/191787","targetHints":{"allow":["GET"]}}],"collection":[{"href":"https:\/\/radiofenix.com.ar\/2023\/wp-json\/wp\/v2\/posts"}],"about":[{"href":"https:\/\/radiofenix.com.ar\/2023\/wp-json\/wp\/v2\/types\/post"}],"replies":[{"embeddable":true,"href":"https:\/\/radiofenix.com.ar\/2023\/wp-json\/wp\/v2\/comments?post=191787"}],"version-history":[{"count":0,"href":"https:\/\/radiofenix.com.ar\/2023\/wp-json\/wp\/v2\/posts\/191787\/revisions"}],"wp:featuredmedia":[{"embeddable":true,"href":"https:\/\/radiofenix.com.ar\/2023\/wp-json\/wp\/v2\/media\/191788"}],"wp:attachment":[{"href":"https:\/\/radiofenix.com.ar\/2023\/wp-json\/wp\/v2\/media?parent=191787"}],"wp:term":[{"taxonomy":"category","embeddable":true,"href":"https:\/\/radiofenix.com.ar\/2023\/wp-json\/wp\/v2\/categories?post=191787"},{"taxonomy":"post_tag","embeddable":true,"href":"https:\/\/radiofenix.com.ar\/2023\/wp-json\/wp\/v2\/tags?post=191787"}],"curies":[{"name":"wp","href":"https:\/\/api.w.org\/{rel}","templated":true}]}}