{"id":191801,"date":"2023-12-01T08:57:44","date_gmt":"2023-12-01T08:57:44","guid":{"rendered":"https:\/\/radiofenix.com.ar\/2023\/sanchez-pidio-cumplir-el-derecho-humanitario-en-gaza-e-israel-dijo-que-es-un-escandalo\/"},"modified":"2023-12-01T08:57:44","modified_gmt":"2023-12-01T08:57:44","slug":"sanchez-pidio-cumplir-el-derecho-humanitario-en-gaza-e-israel-dijo-que-es-un-escandalo","status":"publish","type":"post","link":"https:\/\/radiofenix.com.ar\/2023\/sanchez-pidio-cumplir-el-derecho-humanitario-en-gaza-e-israel-dijo-que-es-un-escandalo\/","title":{"rendered":"S\u00e1nchez pidi\u00f3 cumplir el derecho humanitario en Gaza e Israel dijo que es un &quot;esc\u00e1ndalo&quot;"},"content":{"rendered":"<div>\n<figure class=\"mb-3\"><img decoding=\"async\" src=\"https:\/\/www.telam.com.ar\/thumbs\/bluesteel\/advf\/imagenes\/2023\/11\/65637dde79e9e_1200.jpg\" class=\" lazy \" width=\"100%\" height=\"100%\" alt=\"Foto Youtube\"\/><figcaption> Foto: Youtube. <\/figcaption><\/figure>\n<p> El presidente del Gobierno de Espa\u00f1a, Pedro S\u00e1nchez, insisti\u00f3 este jueves en la necesidad de que los <strong>pa\u00edses europeos que a\u00fan no reconocen a Palestina como Estado den ese paso por una \u00abconvicci\u00f3n moral\u00bb ante la situaci\u00f3n actual en Gaza<\/strong> y pidi\u00f3 a Israel \u00absostener sus acciones en base al derecho internacional humanitario\u00bb, en <strong>comentarios que fueron calificados de \u00abescandalosos\u00bb por el Ejecutivo israel\u00ed,<\/strong> que cit\u00f3 a la embajadora espa\u00f1ola.<\/p>\n<p>En una entrevista en la televisi\u00f3n espa\u00f1ola, S\u00e1nchez sostuvo que la soluci\u00f3n al conflicto en Medio Oriente <strong>pasa por el reconocimiento del Estado palestino<\/strong>, dado que Israel ya est\u00e1 reconocido en general por la comunidad internacional.<\/p>\n<p>Unos 140 pa\u00edses de todo el mundo, incluida Argentina, reconocen el Estado palestino, pero d<strong>entro de la Uni\u00f3n Europea (UE) solo nueve de los 27 Estados miembro lo hacen<\/strong>: en la mayor\u00eda de los casos fue antes de entrar en el bloque, con la salvedad de Suecia, que dio el paso de forma unilateral en 2014.<\/p>\n<p>En ese sentido, S\u00e1nchez remarc\u00f3 sus declaraciones de la semana pasada, cuando visit\u00f3 junto al primer ministro belga, Alexander de Croo, el paso fronterizo entre la Franja de Gaza y Egipto en<strong> el primer d\u00eda de la tregua humanitaria<\/strong> entre Israel y el movimiento islamista palestino Hamas.<\/p>\n<blockquote class=\"twitter-tweet\">\n<p lang=\"es\" dir=\"ltr\">Condenar los atentados terroristas de Ham\u00e1s y, al mismo tiempo, condenar la muerte de civiles palestinos no es una cuesti\u00f3n de partidos ni de ideolog\u00edas. Es humanidad.<\/p>\n<p>A quienes se oponen a todo y todo el tiempo, no les pido que est\u00e9n con el Gobierno, les pido que est\u00e9n con los\u2026 <a href=\"https:\/\/t.co\/i3drJi7qgl\">pic.twitter.com\/i3drJi7qgl<\/a><\/p>\n<p>\u2014 Pedro S\u00e1nchez (@sanchezcastejon) <a href=\"https:\/\/twitter.com\/sanchezcastejon\/status\/1728757982547136988?ref_src=twsrc%5Etfw\">November 26, 2023<\/a><\/p><\/blockquote>\n<p> All\u00ed dijo que era \u00abel momento de que la comunidad internacional y especialmente la UE tomen una decisi\u00f3n sobre el reconocimiento del Estado palestino\u00bb, aunque no descart\u00f3 la decisi\u00f3n unilateral.<\/p>\n<p>En la entrevista, S\u00e1nchez record\u00f3 una resoluci\u00f3n de 2014 del Parlamento Europeo en la que conminaba a los Estados miembro a reconocer al Estado palestino, al tiempo que<strong> desde\u00f1\u00f3 las cr\u00edticas de que su Gobierno es el m\u00e1s propalestino de toda la UE al decir que se trata de un \u00aban\u00e1lisis incorrecto\u00bb<\/strong>.<\/p>\n<p>\u00abEst\u00e1 en el inter\u00e9s de Europa abordar esta cuesti\u00f3n\u00bb, sostuvo. \u00abPrimero, por una convicci\u00f3n moral, porque no es aceptable lo que estamos viendo en Gaza\u00bb y lo que se vaya a hacer una vez \u00abacabe esta espiral de violencia\u00bb, manifest\u00f3.<\/p>\n<p>Tambi\u00e9n a\u00f1adi\u00f3 como argumento que la UE tiene inter\u00e9s en \u00abestabilizar una regi\u00f3n que, en caso de que no se logre la paz\u00bb, podr\u00eda ver <strong>un conflicto que se extiende a otros pa\u00edses como L\u00edbano, Egipto o Jordania<\/strong>.<\/p>\n<p>\u00ab\u00bfDe verdad Europa se puede permitir tener dos frentes de guerra abiertos, uno en Ucrania y otro en Oriente Medio?\u00bb, cuestion\u00f3 el socialista.<\/p>\n<p>En ese sentido,<strong> sostuvo que lo que debe imperar es la pol\u00edtica, la v\u00eda diplom\u00e1tica<\/strong>, y que eso es lo que propone el Gobierno de Espa\u00f1a, inform\u00f3 la agencia de noticias Europa Press.<\/p>\n<p>S\u00e1nchez lament\u00f3 que el opositor Partido Popular (PP) no apoye esta cuesti\u00f3n, \u00abque es de humanidad\u00bb.<\/p>\n<p>\u00abYo no pido que est\u00e9 con el Gobierno de Espa\u00f1a, <strong>pero al menos que est\u00e9 con los derechos humanos\u00bb<\/strong>, acot\u00f3.<\/p>\n<p><figure class=\"mb-3\"><img decoding=\"async\" src=\"https:\/\/www.telam.com.ar\/thumbs\/bluesteel\/advf\/imagenes\/2023\/11\/655fcf0d20532_1200.jpg\" class=\" lazy \" width=\"100%\" height=\"100%\" alt=\"Foto AFP\"\/><figcaption> Foto: AFP. <\/figcaption><\/figure>\n<p>En cuanto al <strong>choque diplom\u00e1tico que se desat\u00f3 con Israel por sus declaraciones<\/strong>, S\u00e1nchez asegur\u00f3 que la relaci\u00f3n entre ambos pa\u00edses es \u00abcorrecta\u00bb.<\/p>\n<p>\u00abLos pa\u00edses amigos tambi\u00e9n tenemos que decirnos las cosas\u00bb, agreg\u00f3, y asegur\u00f3 que <strong>el ataque de Hamas en territorio israel\u00ed del 7 de octubre fue \u00ababsolutamente deleznable y execrable<\/strong>\u00ab.<\/p>\n<p>\u00abCuenta con nuestra condena y nuestra repulsa\u00bb, sentenci\u00f3, mientras que reclam\u00f3 la liberaci\u00f3n \u00absin ning\u00fan tipo de condiciones y de manera inmediata\u00bb de los rehenes que a\u00fan est\u00e1n en manos de Hamas, pero a\u00f1adi\u00f3 que<strong> \u00abcon la misma convicci\u00f3n\u00bb hay que decirle a Israel que su respuesta tiene que sustentarse en el derecho internacional humanitario<\/strong>.<\/p>\n<p>\u00abCon las im\u00e1genes que estamos viendo y el n\u00famero creciente, sobre todo de ni\u00f1os y ni\u00f1as que est\u00e1n muriendo, tengo francas dudas de que est\u00e9n cumpliendo\u00bb, apunt\u00f3.<\/p>\n<p>En respuesta a esas declaraciones, Israel llam\u00f3 a consultas a su embajadora en Madrid, Rodica Radian-Gordon, dijo el ministro de Exteriores israel\u00ed, Eli Cohen.<\/p>\n<blockquote class=\"twitter-tweet\">\n<p lang=\"en\" dir=\"ltr\">Following the outrageous remarks by the Spanish Prime Minister, who once again repeated baseless accusations, I decided to recall our ambassador to Spain for consultations in Jerusalem. <br \/>Israel is acting, and will continue to act, according to international law, and will continue\u2026<\/p>\n<p>\u2014 \u05d0\u05dc\u05d9 \u05db\u05d4\u05df | Eli Cohen (@elicoh1) <a href=\"https:\/\/twitter.com\/elicoh1\/status\/1730233844811333720?ref_src=twsrc%5Etfw\">November 30, 2023<\/a><\/p><\/blockquote>\n<p> \u00abTras las escandalosas palabras del presidente del Gobierno de Espa\u00f1a, que repite acusaciones infundadas, decid\u00ed llamar a la embajadora de Israel en Espa\u00f1a para que volviera a consultas en Jerusal\u00e9n\u00bb, escribi\u00f3 Cohen en su cuenta de la red social X. <\/div>\n<p><script async src=\"\/\/platform.twitter.com\/widgets.js\" charset=\"utf-8\"><\/script><script async defer crossorigin=\"anonymous\" src=\"https:\/\/connect.facebook.net\/es_LA\/sdk.js#xfbml=1&#038;version=v12.0\" nonce=\"SBlHQzIF\"><\/script><br \/><a href=\"https:\/\/www.telam.com.ar\/notas\/202311\/648191-sanchez-derecho-humanitario-gaza-reaccion-israel-embajadora-espanola.html\">source<\/a><\/p>\n","protected":false},"excerpt":{"rendered":"<p>Foto: Youtube. El presidente del Gobierno de Espa\u00f1a, Pedro S\u00e1nchez, insisti\u00f3 este jueves en la&#8230;<\/p>\n","protected":false},"author":0,"featured_media":191802,"comment_status":"open","ping_status":"open","sticky":false,"template":"","format":"standard","meta":{"footnotes":""},"categories":[60],"tags":[],"class_list":["post-191801","post","type-post","status-publish","format-standard","has-post-thumbnail","hentry","category-internacional"],"featured_image_urls":{"full":["https:\/\/radiofenix.com.ar\/2023\/wp-content\/uploads\/2023\/12\/wp-header-logo-3.png",1200,675,false],"thumbnail":["https:\/\/radiofenix.com.ar\/2023\/wp-content\/uploads\/2023\/12\/wp-header-logo-3-150x150.png",150,150,true],"medium":["https:\/\/radiofenix.com.ar\/2023\/wp-content\/uploads\/2023\/12\/wp-header-logo-3-300x169.png",300,169,true],"medium_large":["https:\/\/radiofenix.com.ar\/2023\/wp-content\/uploads\/2023\/12\/wp-header-logo-3-768x432.png",640,360,true],"large":["https:\/\/radiofenix.com.ar\/2023\/wp-content\/uploads\/2023\/12\/wp-header-logo-3-1024x576.png",640,360,true],"1536x1536":["https:\/\/radiofenix.com.ar\/2023\/wp-content\/uploads\/2023\/12\/wp-header-logo-3.png",1200,675,false],"2048x2048":["https:\/\/radiofenix.com.ar\/2023\/wp-content\/uploads\/2023\/12\/wp-header-logo-3.png",1200,675,false],"newsium-slider-full":["https:\/\/radiofenix.com.ar\/2023\/wp-content\/uploads\/2023\/12\/wp-header-logo-3.png",1200,675,false],"newsium-featured":["https:\/\/radiofenix.com.ar\/2023\/wp-content\/uploads\/2023\/12\/wp-header-logo-3-1024x576.png",1024,576,true],"newsium-medium":["https:\/\/radiofenix.com.ar\/2023\/wp-content\/uploads\/2023\/12\/wp-header-logo-3-720x475.png",720,475,true]},"author_info":{"info":[""]},"category_info":"<a href=\"https:\/\/radiofenix.com.ar\/2023\/category\/internacional\/\" rel=\"category tag\">Internacional<\/a>","tag_info":"Internacional","comment_count":"0","_links":{"self":[{"href":"https:\/\/radiofenix.com.ar\/2023\/wp-json\/wp\/v2\/posts\/191801","targetHints":{"allow":["GET"]}}],"collection":[{"href":"https:\/\/radiofenix.com.ar\/2023\/wp-json\/wp\/v2\/posts"}],"about":[{"href":"https:\/\/radiofenix.com.ar\/2023\/wp-json\/wp\/v2\/types\/post"}],"replies":[{"embeddable":true,"href":"https:\/\/radiofenix.com.ar\/2023\/wp-json\/wp\/v2\/comments?post=191801"}],"version-history":[{"count":0,"href":"https:\/\/radiofenix.com.ar\/2023\/wp-json\/wp\/v2\/posts\/191801\/revisions"}],"wp:featuredmedia":[{"embeddable":true,"href":"https:\/\/radiofenix.com.ar\/2023\/wp-json\/wp\/v2\/media\/191802"}],"wp:attachment":[{"href":"https:\/\/radiofenix.com.ar\/2023\/wp-json\/wp\/v2\/media?parent=191801"}],"wp:term":[{"taxonomy":"category","embeddable":true,"href":"https:\/\/radiofenix.com.ar\/2023\/wp-json\/wp\/v2\/categories?post=191801"},{"taxonomy":"post_tag","embeddable":true,"href":"https:\/\/radiofenix.com.ar\/2023\/wp-json\/wp\/v2\/tags?post=191801"}],"curies":[{"name":"wp","href":"https:\/\/api.w.org\/{rel}","templated":true}]}}