{"id":191807,"date":"2023-12-01T08:57:49","date_gmt":"2023-12-01T08:57:49","guid":{"rendered":"https:\/\/radiofenix.com.ar\/2023\/tom-jones-viene-en-abril-a-buenos-aires-en-el-marco-de-su-ages-stages-tour\/"},"modified":"2023-12-01T08:57:49","modified_gmt":"2023-12-01T08:57:49","slug":"tom-jones-viene-en-abril-a-buenos-aires-en-el-marco-de-su-ages-stages-tour","status":"publish","type":"post","link":"https:\/\/radiofenix.com.ar\/2023\/tom-jones-viene-en-abril-a-buenos-aires-en-el-marco-de-su-ages-stages-tour\/","title":{"rendered":"Tom Jones viene en abril a Buenos Aires en el marco de su Ages &amp; Stages Tour"},"content":{"rendered":"<div>\n<figure class=\"mb-3\"><img decoding=\"async\" src=\"https:\/\/www.telam.com.ar\/thumbs\/bluesteel\/advf\/imagenes\/2017\/09\/59aafd6fa40c1_1200.jpg\" class=\" lazy \" width=\"100%\" height=\"100%\" alt=\"Ms de 60 aos sobre los escenarios\"\/><figcaption> M\u00e1s de 60 a\u00f1os sobre los escenarios. <\/figcaption><\/figure>\n<p> El legendario cantante gal\u00e9s Tom Jones, de 83 a\u00f1os, llegar\u00e1 a la Argentina en abril pr\u00f3ximo para ofrecer el lunes 15 un concierto en el marco de su gira mundial Ages &amp; Stages Tour, en el que repasa m\u00e1s de 60 a\u00f1os sobre el escenario.<\/p>\n<p>El show de de Tom Jones y su banda se desarrollar\u00e1 en el Movistar Arena de Villa Crespo y marcar\u00e1 el regreso al pa\u00eds del cantante luego de siete a\u00f1os.<\/p>\n<p><strong>M\u00e1s de 40 discos editados, 100 millones de copias vendidas e innumerables premios y honores<\/strong> cosech\u00f3 el m\u00fasico a lo largo de su carrera, una de las figuras centrales del star system musical mundial en la d\u00e9cada del 60.<\/p>\n<p>Los tickets para el show argentino estar\u00e1n disponibles a partir del martes 5 de diciembre a las 13, ingresando \u00fanicamente en la <a href=\"http:\/\/www.movistararena.com.ar\" target=\"_blank\" rel=\"noopener\">web<\/a>.<\/p>\n<p>En los \u00faltimos a\u00f1os, Jones tambi\u00e9n ha impactado con sus discos de estudio producidos por Ethan Johns: \u00abSurrounded By Time\u00bb, \u00abLong Lost Suitcase\u00bb, \u00abSpirit In The Room\u00bb y \u00abPraise &amp; Blame\u00bb.<\/p>\n<p>Nacido en la ciudad minera de Pontypridd, en el sur de Gales, Jones, de origen proletario, tuvo diversos empleos antes de comenzar su carrera como miembro de una banda local llamada The Senators, para luego formar su propio grupo, Tom Jones and the Squires, actuando en clubes y bares de la zona.<\/p>\n<p>A principios de la d\u00e9cada de 1960, firm\u00f3 con Decca Records en Londres, lo que dio inicio a una carrera exitosa y diversa, con t\u00edtulos de alcance mundial como \u00abIt&#8217;s Not Unusual\u00bb, \u00abWhat&#8217;s New Pussycat?\u00bb, \u00abDelilah\u00bb y \u00abGreen, Green Grass of Home\u00bb, que se sumaron a su popular programa de televisi\u00f3n transcontinental de 1969-1971, \u00abThis is Tom Jones\u00bb.<\/p>\n<\/div>\n<p><script async defer crossorigin=\"anonymous\" src=\"https:\/\/connect.facebook.net\/es_LA\/sdk.js#xfbml=1&#038;version=v12.0\" nonce=\"SBlHQzIF\"><\/script><br \/><a href=\"https:\/\/www.telam.com.ar\/notas\/202311\/648237-tom-jones-musica-recital-movistar-arena.html\">source<\/a><\/p>\n","protected":false},"excerpt":{"rendered":"<p>M\u00e1s de 60 a\u00f1os sobre los escenarios. El legendario cantante gal\u00e9s Tom Jones, de 83&#8230;<\/p>\n","protected":false},"author":0,"featured_media":191808,"comment_status":"open","ping_status":"open","sticky":false,"template":"","format":"standard","meta":{"footnotes":""},"categories":[4],"tags":[],"class_list":["post-191807","post","type-post","status-publish","format-standard","has-post-thumbnail","hentry","category-espectaculos"],"featured_image_urls":{"full":["https:\/\/radiofenix.com.ar\/2023\/wp-content\/uploads\/2023\/12\/wp-header-logo-6.png",1004,565,false],"thumbnail":["https:\/\/radiofenix.com.ar\/2023\/wp-content\/uploads\/2023\/12\/wp-header-logo-6-150x150.png",150,150,true],"medium":["https:\/\/radiofenix.com.ar\/2023\/wp-content\/uploads\/2023\/12\/wp-header-logo-6-300x169.png",300,169,true],"medium_large":["https:\/\/radiofenix.com.ar\/2023\/wp-content\/uploads\/2023\/12\/wp-header-logo-6-768x432.png",640,360,true],"large":["https:\/\/radiofenix.com.ar\/2023\/wp-content\/uploads\/2023\/12\/wp-header-logo-6.png",640,360,false],"1536x1536":["https:\/\/radiofenix.com.ar\/2023\/wp-content\/uploads\/2023\/12\/wp-header-logo-6.png",1004,565,false],"2048x2048":["https:\/\/radiofenix.com.ar\/2023\/wp-content\/uploads\/2023\/12\/wp-header-logo-6.png",1004,565,false],"newsium-slider-full":["https:\/\/radiofenix.com.ar\/2023\/wp-content\/uploads\/2023\/12\/wp-header-logo-6.png",1004,565,false],"newsium-featured":["https:\/\/radiofenix.com.ar\/2023\/wp-content\/uploads\/2023\/12\/wp-header-logo-6.png",1004,565,false],"newsium-medium":["https:\/\/radiofenix.com.ar\/2023\/wp-content\/uploads\/2023\/12\/wp-header-logo-6-720x475.png",720,475,true]},"author_info":{"info":[""]},"category_info":"<a href=\"https:\/\/radiofenix.com.ar\/2023\/category\/espectaculos\/\" rel=\"category tag\">Espectaculos<\/a>","tag_info":"Espectaculos","comment_count":"0","_links":{"self":[{"href":"https:\/\/radiofenix.com.ar\/2023\/wp-json\/wp\/v2\/posts\/191807","targetHints":{"allow":["GET"]}}],"collection":[{"href":"https:\/\/radiofenix.com.ar\/2023\/wp-json\/wp\/v2\/posts"}],"about":[{"href":"https:\/\/radiofenix.com.ar\/2023\/wp-json\/wp\/v2\/types\/post"}],"replies":[{"embeddable":true,"href":"https:\/\/radiofenix.com.ar\/2023\/wp-json\/wp\/v2\/comments?post=191807"}],"version-history":[{"count":0,"href":"https:\/\/radiofenix.com.ar\/2023\/wp-json\/wp\/v2\/posts\/191807\/revisions"}],"wp:featuredmedia":[{"embeddable":true,"href":"https:\/\/radiofenix.com.ar\/2023\/wp-json\/wp\/v2\/media\/191808"}],"wp:attachment":[{"href":"https:\/\/radiofenix.com.ar\/2023\/wp-json\/wp\/v2\/media?parent=191807"}],"wp:term":[{"taxonomy":"category","embeddable":true,"href":"https:\/\/radiofenix.com.ar\/2023\/wp-json\/wp\/v2\/categories?post=191807"},{"taxonomy":"post_tag","embeddable":true,"href":"https:\/\/radiofenix.com.ar\/2023\/wp-json\/wp\/v2\/tags?post=191807"}],"curies":[{"name":"wp","href":"https:\/\/api.w.org\/{rel}","templated":true}]}}