{"id":191812,"date":"2023-12-01T17:19:42","date_gmt":"2023-12-01T17:19:42","guid":{"rendered":"https:\/\/radiofenix.com.ar\/2023\/?p=191812"},"modified":"2023-12-01T17:19:43","modified_gmt":"2023-12-01T17:19:43","slug":"impulsan-la-creacion-del-plan-provincial-de-accesibilidad-ciudadana-a-los-medicamentos","status":"publish","type":"post","link":"https:\/\/radiofenix.com.ar\/2023\/impulsan-la-creacion-del-plan-provincial-de-accesibilidad-ciudadana-a-los-medicamentos\/","title":{"rendered":"Impulsan la creaci\u00f3n del \u201cPlan Provincial de accesibilidad ciudadana a los\u00a0medicamentos\u201d"},"content":{"rendered":"\n<p><a href=\"https:\/\/www.facebook.com\/sharer.php?u=https%3A%2F%2Ffelipemichlig.com%2Fsalud%2Fimpulsan-la-creacion-del-plan-provincial-de-accesibilidad-ciudadana-a-los-medicamentos%2F\"><\/a><a href=\"https:\/\/twitter.com\/intent\/tweet?text=Impulsan+la+creaci%C3%B3n+del+%E2%80%9CPlan+Provincial+de+accesibilidad+ciudadana+a+los%C2%A0medicamentos%E2%80%9D&amp;url=https%3A%2F%2Ffelipemichlig.com%2Fsalud%2Fimpulsan-la-creacion-del-plan-provincial-de-accesibilidad-ciudadana-a-los-medicamentos%2F&amp;via=felipemichlig\"><\/a><a href=\"mailto:?subject=Impulsan%20la%20creaci%C3%B3n%20del%20%E2%80%9CPlan%20Provincial%20de%20accesibilidad%20ciudadana%20a%20los%C2%A0medicamentos%E2%80%9D%20BODY=I%20found%20this%20article%20interesting%20and%20thought%20of%20sharing%20it%20with%20you.%20Check%20it%20out:%20https:\/\/felipemichlig.com\/salud\/impulsan-la-creacion-del-plan-provincial-de-accesibilidad-ciudadana-a-los-medicamentos\/\"><\/a><a href=\"javascript:if(window.print)window.print()\"><\/a><\/p>\n\n\n\n<p>La C\u00e1mara de Senadores vot\u00f3 por unanimidad (media sanci\u00f3n) la creaci\u00f3n del \u201cPlan Provincial de accesibilidad ciudadana a los medicamentos\u201d (Expediente: 4975 DBL), presentado por el Senador Felipe Michlig, el cual tiene como principal objeto brindar un servicio Integral de provisi\u00f3n de medicamentos a todos los habitantes de la Provincia que carezcan de cobertura de salud mediante sistema de obra social y\/o sistema de medicina privada\u201d, explic\u00f3 el Senador por el Departamento San Crist\u00f3bal.<\/p>\n\n\n\n<p>Michlig agradeci\u00f3 el acompa\u00f1amiento de todos los integrantes de su bloque que suscribieron el proyecto (Lisandro Enrico, Orfilio Marc\u00f3n, Leonardo Diana, Germ\u00e1n Giacomino, Rodrigo Borla y Hugo Rasetto), a los integrantes de los dem\u00e1s bloques representados por sus presidentes (Armando Traferri, Rub\u00e9n Pirola y Alcides Calvo), y en particular a mis pares que son m\u00e9dicos y a los equipos t\u00e9cnicos de esta C\u00e1mara, ya que todos hicieron sus aportes para que logremos el mejor proyecto posible sobre esta cuesti\u00f3n, que esperamos tambi\u00e9n tenga el acompa\u00f1amiento de la C\u00e1mara de Diputados\u201d, expres\u00f3.<\/p>\n\n\n\n<h4 class=\"wp-block-heading\" id=\"fundamentos-esgrimidos\">Fundamentos esgrimidos<\/h4>\n\n\n\n<p>Al momento de fundamentar la iniciativa Michlig destac\u00f3 en el recinto que \u201cvenimos a insistir con esta iniciativa que creemos de una gran importancia, no solo por la dimensi\u00f3n de sus virtudes generales sino tambi\u00e9n por la amplitud de los impactos positivos que posee. En t\u00e9rminos sint\u00e9ticos podemos decir que se trata de procurar garantizar en los hechos un derecho esencial\u00edsimo que, si bien hoy se encuentra reconocido normativamente, su logro no es alcanzado \u00edntegramente y la parte que es concretada lo es con baja eficiencia. Estamos hablando, ni m\u00e1s ni menos, de derecho al acceso a medicamentos que, en el fondo, se trata de la salud\u201d.<\/p>\n\n\n\n<p>\u201cHoy la provisi\u00f3n de medicamentos a ciudadanos que carecen de obra social es ineficiente, ineficaz, descoordinada, disfuncional y con dificultades importantes para ser conducida en forma integral\u201d. Por lo cual con tal iniciativa se procura \u201cProveer solo medicamentos autorizados por la ANMAT y que cuenten con evidencia de efectividad, eficiencia y seguridad para el paciente\u201d.<\/p>\n\n\n\n<p>\u201cPor un lado se adquieren medicamentos de una forma centralizada desde el Ministerio de Salud y son distribuidos para su entrega a trav\u00e9s de los efectores p\u00fablicos de salud. Pero, por otro lado, efectores de salud p\u00fablicos no estatales que igualmente integran el sistema de salud p\u00fablica y contando con facultades de autogesti\u00f3n, tambi\u00e9n compran medicamentos, en unos casos con planificaci\u00f3n y buenas pr\u00e1cticas administrativas y en otros casos con baja planificaci\u00f3n, mediante compras directas invocando urgencias. Incluso aquellas compras con recursos que no son provistos por el Estado quedan en una zona gris en materia de control externo\u201d.<\/p>\n\n\n\n<p>\u201cPor eso este Plan busca significar un salto en t\u00e9rminos de efectividad prestacional, calidad de servicio, eficiencia de gesti\u00f3n y conducci\u00f3n estrat\u00e9gica por las autoridades de gobierno\u201d.<\/p>\n\n\n\n<p>\u201cPara eso se disponen medidas que regulan con la l\u00f3gica de que los medicamentos se adquieran desde un centro \u00fanico que integre informaci\u00f3n en tiempo real y se provean a los usuarios de una forma descentralizada a trav\u00e9s del efector que corresponda. De esta forma se logra una combinaci\u00f3n inteligente entre las virtudes de la centralizaci\u00f3n y la descentralizaci\u00f3n, que en la faz instrumental se recurre a una figura cuya versatilidad y eficacia ha sido probada en otras \u00e1reas como lo es la Unidad de Gesti\u00f3n\u201d.<\/p>\n\n\n\n<p>\u201cEs una figura muy vers\u00e1til, que aprovecha con flexibilidad recursos ya existentes en el Estado Provincial, por lo cual garantiza que no se necesiten duplicaciones ni la incorporaci\u00f3n de personal\u201d, rese\u00f1o Felipe Michlig.<\/p>\n\n\n\n<h4 class=\"wp-block-heading\" id=\"contenido-legal-propuesto\">Contenido legal propuesto<\/h4>\n\n\n\n<p>El instrumento legal propone adem\u00e1s -a lo largo de su articulado- que \u201cen forma excepcional podr\u00e1n incluirse como beneficiarios aquellos habitantes de la Provincia cuya cobertura mediante sistema de obra social se encuentre interrumpida por causas extraordinarias\u201d siempre en vista de garantizar la provisi\u00f3n p\u00fablica gratuita de medicamentos a los habitantes que se encuentren encuadrados en las condiciones indicadas\u201d.<\/p>\n\n\n\n<p>Asimismo se apunta a introducir soluciones e innovaciones tecnol\u00f3gicas a los sistemas de validaci\u00f3n, prescripci\u00f3n electr\u00f3nica, y auditor\u00eda de tratamientos m\u00e9dicos; procurar mecanismos eficientes de abastecimiento y log\u00edstica de medicamentos en los distintos efectores de salud de la Provincia; otorgar mayor transparencia y optimizar la din\u00e1mica de adquisici\u00f3n, ampliar la red de prestadores de medicamentos del sector p\u00fablico estableciendo nuevos centros de provisi\u00f3n; brindar nuevas herramientas de informaci\u00f3n y comunicaci\u00f3n a los pacientes, promoviendo un uso racional e informado del medicamento, a la vez acompa\u00f1arlo a lo largo de todo su tratamiento\u201d.<\/p>\n\n\n\n<p>Por otra parte, se propicia dotar al Estado de una herramienta de seguimiento y acceso en l\u00ednea de la informaci\u00f3n de consumo, con estad\u00edsticas, evoluci\u00f3n y alertas epidemiol\u00f3gicas integrado a segmentaci\u00f3n etaria, geogr\u00e1fica, sociocultural, de g\u00e9nero, etc. Integrar esquemas y tecnolog\u00edas de provisi\u00f3n con el resto de los financiadores de la salud y productores de medicamentos, especialmente con el INSTITUTO AUT\u00c1RQUICO PROVINCIAL DE LA OBRA SOCIAL (IAPOS), y el LABORATORIO INDUSTRIAL FARMAC\u00c9UTICO.<\/p>\n\n\n\n<p>Se crea la \u201cUnidad de gesti\u00f3n del Plan Provincial de accesibilidad ciudadana a los medicamentos, la cual tendr\u00e1 a su cargo la implementaci\u00f3n, operaci\u00f3n, gesti\u00f3n y seguimiento del Plan creado\u201d. Dicha Unidad de Gesti\u00f3n ser\u00e1 conducida por una Coordinaci\u00f3n General la cual ser\u00e1 ejercida, en forma conjunta, por los ministros de Econom\u00eda y de Salud.<\/p>\n\n\n\n<p>Finalmente se dispone que la accesibilidad ciudadana a los medicamentos estar\u00e1 bajo el seguimiento de una Comisi\u00f3n de Monitoreo integrada por dos miembros, uno de ellos designado por la Comisi\u00f3n de Salud de la Honorable C\u00e1mara de Diputados de la Provincia y el restante designado por la Comisi\u00f3n de Salud de la Honorable C\u00e1mara de Senadores de la Provincia.<\/p>\n","protected":false},"excerpt":{"rendered":"<p>La C\u00e1mara de Senadores vot\u00f3 por unanimidad (media sanci\u00f3n) la creaci\u00f3n del \u201cPlan Provincial de&#8230;<\/p>\n","protected":false},"author":3,"featured_media":191813,"comment_status":"open","ping_status":"open","sticky":false,"template":"","format":"standard","meta":{"footnotes":""},"categories":[35,2,18],"tags":[22,23,115,25,26],"class_list":["post-191812","post","type-post","status-publish","format-standard","has-post-thumbnail","hentry","category-locales","category-politica","category-regionales","tag-felipe-michlig","tag-michlig","tag-politica","tag-san-cristobal-2","tag-senadores"],"featured_image_urls":{"full":["https:\/\/radiofenix.com.ar\/2023\/wp-content\/uploads\/2023\/12\/felipe.jpg",1200,720,false],"thumbnail":["https:\/\/radiofenix.com.ar\/2023\/wp-content\/uploads\/2023\/12\/felipe-150x150.jpg",150,150,true],"medium":["https:\/\/radiofenix.com.ar\/2023\/wp-content\/uploads\/2023\/12\/felipe-300x180.jpg",300,180,true],"medium_large":["https:\/\/radiofenix.com.ar\/2023\/wp-content\/uploads\/2023\/12\/felipe-768x461.jpg",640,384,true],"large":["https:\/\/radiofenix.com.ar\/2023\/wp-content\/uploads\/2023\/12\/felipe-1024x614.jpg",640,384,true],"1536x1536":["https:\/\/radiofenix.com.ar\/2023\/wp-content\/uploads\/2023\/12\/felipe.jpg",1200,720,false],"2048x2048":["https:\/\/radiofenix.com.ar\/2023\/wp-content\/uploads\/2023\/12\/felipe.jpg",1200,720,false],"newsium-slider-full":["https:\/\/radiofenix.com.ar\/2023\/wp-content\/uploads\/2023\/12\/felipe.jpg",1200,720,false],"newsium-featured":["https:\/\/radiofenix.com.ar\/2023\/wp-content\/uploads\/2023\/12\/felipe-1024x614.jpg",1024,614,true],"newsium-medium":["https:\/\/radiofenix.com.ar\/2023\/wp-content\/uploads\/2023\/12\/felipe-720x475.jpg",720,475,true]},"author_info":{"info":["Radio Fenix"]},"category_info":"<a href=\"https:\/\/radiofenix.com.ar\/2023\/category\/locales\/\" rel=\"category tag\">Locales<\/a> <a href=\"https:\/\/radiofenix.com.ar\/2023\/category\/politica\/\" rel=\"category tag\">Pol\u00edtica<\/a> <a href=\"https:\/\/radiofenix.com.ar\/2023\/category\/regionales\/\" rel=\"category tag\">Regionales<\/a>","tag_info":"Regionales","comment_count":"0","_links":{"self":[{"href":"https:\/\/radiofenix.com.ar\/2023\/wp-json\/wp\/v2\/posts\/191812","targetHints":{"allow":["GET"]}}],"collection":[{"href":"https:\/\/radiofenix.com.ar\/2023\/wp-json\/wp\/v2\/posts"}],"about":[{"href":"https:\/\/radiofenix.com.ar\/2023\/wp-json\/wp\/v2\/types\/post"}],"author":[{"embeddable":true,"href":"https:\/\/radiofenix.com.ar\/2023\/wp-json\/wp\/v2\/users\/3"}],"replies":[{"embeddable":true,"href":"https:\/\/radiofenix.com.ar\/2023\/wp-json\/wp\/v2\/comments?post=191812"}],"version-history":[{"count":1,"href":"https:\/\/radiofenix.com.ar\/2023\/wp-json\/wp\/v2\/posts\/191812\/revisions"}],"predecessor-version":[{"id":191814,"href":"https:\/\/radiofenix.com.ar\/2023\/wp-json\/wp\/v2\/posts\/191812\/revisions\/191814"}],"wp:featuredmedia":[{"embeddable":true,"href":"https:\/\/radiofenix.com.ar\/2023\/wp-json\/wp\/v2\/media\/191813"}],"wp:attachment":[{"href":"https:\/\/radiofenix.com.ar\/2023\/wp-json\/wp\/v2\/media?parent=191812"}],"wp:term":[{"taxonomy":"category","embeddable":true,"href":"https:\/\/radiofenix.com.ar\/2023\/wp-json\/wp\/v2\/categories?post=191812"},{"taxonomy":"post_tag","embeddable":true,"href":"https:\/\/radiofenix.com.ar\/2023\/wp-json\/wp\/v2\/tags?post=191812"}],"curies":[{"name":"wp","href":"https:\/\/api.w.org\/{rel}","templated":true}]}}