{"id":191829,"date":"2023-12-02T08:57:48","date_gmt":"2023-12-02T08:57:48","guid":{"rendered":"https:\/\/radiofenix.com.ar\/2023\/unicef-critico-la-reanudacion-de-la-guerra-decidieron-continuar-la-matanza-de-ninos\/"},"modified":"2023-12-02T08:57:48","modified_gmt":"2023-12-02T08:57:48","slug":"unicef-critico-la-reanudacion-de-la-guerra-decidieron-continuar-la-matanza-de-ninos","status":"publish","type":"post","link":"https:\/\/radiofenix.com.ar\/2023\/unicef-critico-la-reanudacion-de-la-guerra-decidieron-continuar-la-matanza-de-ninos\/","title":{"rendered":"Unicef critic\u00f3 la reanudaci\u00f3n de la guerra: &quot;Decidieron continuar la matanza de ni\u00f1os&quot;"},"content":{"rendered":"<div>\n<figure class=\"mb-3\"><img decoding=\"async\" src=\"https:\/\/www.telam.com.ar\/thumbs\/bluesteel\/advf\/imagenes\/2023\/10\/653a6ed138a67_1200.jpg\" class=\" lazy \" width=\"100%\" height=\"100%\" alt=\"Se reanudaron los combates en Gaza Foto AFP\"\/><figcaption> Se reanudaron los combates en Gaza. Foto: AFP <\/figcaption><\/figure>\n<p><strong>Unicef critic\u00f3 el reinicio de los combates <\/strong>en la Franja de Gaza entre Israel y el movimiento islamista palestino Hamas, al afirmar que \u00abquienes est\u00e1n en el poder han decidido que la matanza de ni\u00f1os pod\u00eda reanudarse\u00bb.<\/p>\n<p>\u201cHoy quienes est\u00e1n en el poder decidieron que se reanudar\u00eda la matanza de ni\u00f1os en Gaza\u00bb, afirm\u00f3 James Elder, vocero de la agencia de la ONU para la infancia (Unicef) en una videoconferencia desde Gaza para periodistas en Ginebra.<\/p>\n<p>\u201c<strong>La situaci\u00f3n humanitaria en Gaza es tan peligrosa<\/strong> que cualquier cosa que no sea una paz sostenida y una ayuda de emergencia a gran escala significar\u00e1 una cat\u00e1strofe para los ni\u00f1os\u00bb, agreg\u00f3 Elder, poco despu\u00e9s de que se reanudar\u00e1n los combates tras vencer la tregua de una semana que permiti\u00f3 el intercambio de rehenes por presos palestinos y el ingreso de ayuda humanitaria al enclave.<\/p>\n<blockquote class=\"\"><p>Israel y Hamas reanudaron este viernes los combates tras el vencimiento de la tregua de una semana, con acusaciones cruzadas entre los bandos<\/p><\/blockquote>\n<p> El Gobierno de Israel estim\u00f3 que<strong> a\u00fan quedan 137 rehenes capturados por Hamas en la Franja de Gaza<\/strong>, y que 110 ya fueron liberados, entre ellos una decena con nacionalidad argentina.<\/p>\n<p>\u201cEs tal la enormidad de la necesidad, tales han sido los bloqueos a la ayuda durante tanto tiempo, que a pesar de los enormes esfuerzos de la semana pasada, la situaci\u00f3n de salud, nutrici\u00f3n y saneamiento empeora d\u00eda a d\u00eda\u00bb, lament\u00f3 el trabajador humanitario, seg\u00fan una nota colgada en la p\u00e1gina web del organismo.<\/p>\n<p><figure class=\"mb-3\"><img decoding=\"async\" src=\"https:\/\/www.telam.com.ar\/thumbs\/bluesteel\/advf\/imagenes\/2023\/10\/6527db7e9b973_1200.jpg\" class=\" lazy \" width=\"100%\" height=\"100%\" alt=\"Foto AFP\"\/><figcaption> Foto: AFP <\/figcaption><\/figure>\n<p>Por eso, llam\u00f3 a \u00abimplementar un alto el fuego duradero (&#8230;) La inacci\u00f3n, en esencia, es una aprobaci\u00f3n del asesinato de ni\u00f1os (&#8230;) Pero aqu\u00ed estamos. Los bombardeos comenzaron apenas unos segundos despu\u00e9s del final del alto el fuego\u00bb.<\/p>\n<p>Luego relat\u00f3 que se traslad\u00f3 al hospital Nasser, el m\u00e1s grande de los que a\u00fan funciona en Gaza, y se encontr\u00f3 con \u00abcientos de mujeres y ni\u00f1os durmiendo en salas de espera y pasillos\u00bb y \u00abni\u00f1os con heridas de guerra\u00bb.<\/p>\n<blockquote class=\"\"><p>La tregua marc\u00f3 una pausa en los combates iniciados el 7 de octubre cuando milicianos de Hamas irrumpieron en Israel, en un ataque sorpresa que dej\u00f3 1.200 muertos<\/p><\/blockquote>\n<p> \u00abLa muerte est\u00e1 en todas partes\u00bb, lament\u00f3 Elder.<\/p>\n<p><strong>Israel y Hamas reanudaron este viernes los combates<\/strong> tras el vencimiento de la tregua de una semana, con acusaciones cruzadas entre los bandos por el reinicio de las hostilidades y pedidos de la comunidad internacional para un nuevo cese humanitario.<\/p>\n<p>La tregua marc\u00f3 una pausa en los combates iniciados el 7 de octubre cuando milicianos de Hamas irrumpieron en Israel, en un ataque sorpresa que dej\u00f3 1.200 muertos, en su mayor\u00eda civiles, y 240 secuestrados, entre ellos una veintena con nacionalidad argentina.<\/p>\n<p><figure class=\"mb-3\"><img decoding=\"async\" src=\"https:\/\/www.telam.com.ar\/thumbs\/bluesteel\/advf\/imagenes\/2023\/10\/6527db38de595_1200.jpg\" class=\" lazy \" width=\"100%\" height=\"100%\" alt=\"Foto AFP\"\/><figcaption> Foto: AFP <\/figcaption><\/figure>\n<p>En respuesta, <strong>Israel prometi\u00f3 eliminar a Hamas <\/strong>y desat\u00f3 una campa\u00f1a de ataques a\u00e9reos y terrestres en Gaza que, seg\u00fan el ministerio de Salud del enclave palestino, dej\u00f3 m\u00e1s de 15.000 muertos, en su mayor\u00eda civiles.<\/p>\n<\/div>\n<p><script async defer crossorigin=\"anonymous\" src=\"https:\/\/connect.facebook.net\/es_LA\/sdk.js#xfbml=1&#038;version=v12.0\" nonce=\"SBlHQzIF\"><\/script><br \/><a href=\"https:\/\/www.telam.com.ar\/notas\/202312\/648313-unicef-guerra-gaza-palestina-hamas.html\">source<\/a><\/p>\n","protected":false},"excerpt":{"rendered":"<p>Se reanudaron los combates en Gaza. Foto: AFP Unicef critic\u00f3 el reinicio de los combates&#8230;<\/p>\n","protected":false},"author":0,"featured_media":191830,"comment_status":"open","ping_status":"open","sticky":false,"template":"","format":"standard","meta":{"footnotes":""},"categories":[60],"tags":[],"class_list":["post-191829","post","type-post","status-publish","format-standard","has-post-thumbnail","hentry","category-internacional"],"featured_image_urls":{"full":["https:\/\/radiofenix.com.ar\/2023\/wp-content\/uploads\/2023\/12\/wp-header-logo-11.png",1200,675,false],"thumbnail":["https:\/\/radiofenix.com.ar\/2023\/wp-content\/uploads\/2023\/12\/wp-header-logo-11-150x150.png",150,150,true],"medium":["https:\/\/radiofenix.com.ar\/2023\/wp-content\/uploads\/2023\/12\/wp-header-logo-11-300x169.png",300,169,true],"medium_large":["https:\/\/radiofenix.com.ar\/2023\/wp-content\/uploads\/2023\/12\/wp-header-logo-11-768x432.png",640,360,true],"large":["https:\/\/radiofenix.com.ar\/2023\/wp-content\/uploads\/2023\/12\/wp-header-logo-11-1024x576.png",640,360,true],"1536x1536":["https:\/\/radiofenix.com.ar\/2023\/wp-content\/uploads\/2023\/12\/wp-header-logo-11.png",1200,675,false],"2048x2048":["https:\/\/radiofenix.com.ar\/2023\/wp-content\/uploads\/2023\/12\/wp-header-logo-11.png",1200,675,false],"newsium-slider-full":["https:\/\/radiofenix.com.ar\/2023\/wp-content\/uploads\/2023\/12\/wp-header-logo-11.png",1200,675,false],"newsium-featured":["https:\/\/radiofenix.com.ar\/2023\/wp-content\/uploads\/2023\/12\/wp-header-logo-11-1024x576.png",1024,576,true],"newsium-medium":["https:\/\/radiofenix.com.ar\/2023\/wp-content\/uploads\/2023\/12\/wp-header-logo-11-720x475.png",720,475,true]},"author_info":{"info":[""]},"category_info":"<a href=\"https:\/\/radiofenix.com.ar\/2023\/category\/internacional\/\" rel=\"category tag\">Internacional<\/a>","tag_info":"Internacional","comment_count":"0","_links":{"self":[{"href":"https:\/\/radiofenix.com.ar\/2023\/wp-json\/wp\/v2\/posts\/191829","targetHints":{"allow":["GET"]}}],"collection":[{"href":"https:\/\/radiofenix.com.ar\/2023\/wp-json\/wp\/v2\/posts"}],"about":[{"href":"https:\/\/radiofenix.com.ar\/2023\/wp-json\/wp\/v2\/types\/post"}],"replies":[{"embeddable":true,"href":"https:\/\/radiofenix.com.ar\/2023\/wp-json\/wp\/v2\/comments?post=191829"}],"version-history":[{"count":0,"href":"https:\/\/radiofenix.com.ar\/2023\/wp-json\/wp\/v2\/posts\/191829\/revisions"}],"wp:featuredmedia":[{"embeddable":true,"href":"https:\/\/radiofenix.com.ar\/2023\/wp-json\/wp\/v2\/media\/191830"}],"wp:attachment":[{"href":"https:\/\/radiofenix.com.ar\/2023\/wp-json\/wp\/v2\/media?parent=191829"}],"wp:term":[{"taxonomy":"category","embeddable":true,"href":"https:\/\/radiofenix.com.ar\/2023\/wp-json\/wp\/v2\/categories?post=191829"},{"taxonomy":"post_tag","embeddable":true,"href":"https:\/\/radiofenix.com.ar\/2023\/wp-json\/wp\/v2\/tags?post=191829"}],"curies":[{"name":"wp","href":"https:\/\/api.w.org\/{rel}","templated":true}]}}