{"id":191845,"date":"2023-12-03T08:58:08","date_gmt":"2023-12-03T08:58:08","guid":{"rendered":"https:\/\/radiofenix.com.ar\/2023\/blinken-eeuu-sigue-focalizado-en-liberar-rehenes-pese-al-fin-de-la-tregua\/"},"modified":"2023-12-03T08:58:08","modified_gmt":"2023-12-03T08:58:08","slug":"blinken-eeuu-sigue-focalizado-en-liberar-rehenes-pese-al-fin-de-la-tregua","status":"publish","type":"post","link":"https:\/\/radiofenix.com.ar\/2023\/blinken-eeuu-sigue-focalizado-en-liberar-rehenes-pese-al-fin-de-la-tregua\/","title":{"rendered":"Blinken: EEUU sigue &quot;focalizado&quot; en liberar rehenes pese al fin de la tregua"},"content":{"rendered":"<div>\n<figure class=\"mb-3\"><img decoding=\"async\" src=\"https:\/\/www.telam.com.ar\/thumbs\/bluesteel\/advf\/imagenes\/2023\/11\/6544cc51f41bd_1200.jpg\" class=\" lazy \" width=\"100%\" height=\"100%\" alt=\"Foto AFP\"\/><figcaption> Foto: AFP. <\/figcaption><\/figure>\n<p> Estados Unidos sigue <strong>\u00abintensamente focalizado\u00bb<\/strong> en liberar a los rehenes cautivos en Gaza pese a la reanudaci\u00f3n de los combates entre Israel y el movimiento islamista palestino Hamas tras una semana de tregua, declar\u00f3 el secretario de Estado estadounidense, Antony Blinken.<\/p>\n<p>\u00abSeguimos intensamente focalizados en llevar a todo el mundo a casa, en traer de vuelta a los rehenes, algo en lo que tambi\u00e9n trabaj\u00e9 hoy\u00bb, asegur\u00f3 Blinken, tras una reuni\u00f3n con los ministros de Exteriores de pa\u00edses \u00e1rabes al margen de la Conferencia de las Partes (COP28) sobre cambio clim\u00e1tico en Dubai, replic\u00f3 la agencia de noticias AFP.<\/p>\n<p>El secretario de Estado se reuni\u00f3 con los jefes de la diplomacia de Emiratos \u00c1rabes Unidos, Egipto, Jordania y Bahr\u00e9in durante su breve visita a la capital emirat\u00ed, as\u00ed como con un representante de la Autoridad Nacional Palestina, que gobierna Cisjordania.<\/p>\n<blockquote class=\"\"><p>En total, 110 rehenes fueron liberados desde el inicio del conflicto, 105 de ellos durante la tregua, en su mayor\u00eda mujeres y menores israel\u00edes, y una decena de ellos argentinos.<\/p><\/blockquote>\n<p> \u00abEstamos decididos a hacer todo lo que podamos para reunir a todos con sus familias, incluso continuar el proceso que ha funcionado durante siete d\u00edas\u00bb, manifest\u00f3 Blinken, en referencia a la liberaci\u00f3n de rehenes israel\u00edes a cambio de presos palestinos encarcelados en Israel.<\/p>\n<blockquote class=\"twitter-tweet\">\n<p lang=\"en\" dir=\"ltr\">In my meeting with Defense Minister <a href=\"https:\/\/twitter.com\/yoavgallant?ref_src=twsrc%5Etfw\">@yoavgallant<\/a>, I reaffirmed the United States\u2019 support for Israel\u2019s right to protect itself in compliance with international humanitarian law, while urging that Israel take all possible measures to avoid civilian harm. <a href=\"https:\/\/t.co\/FySUTFQPhb\">pic.twitter.com\/FySUTFQPhb<\/a><\/p>\n<p>\u2014 Secretary Antony Blinken (@SecBlinken) <a href=\"https:\/\/twitter.com\/SecBlinken\/status\/1730370874392428929?ref_src=twsrc%5Etfw\">November 30, 2023<\/a><\/p><\/blockquote>\n<p> En total, 110 rehenes fueron liberados desde el inicio del conflicto, 105 de ellos durante la tregua, en su mayor\u00eda mujeres y menores israel\u00edes, y una decena de ellos argentinos.<\/p>\n<p>Seg\u00fan las autoridades israel\u00edes, a\u00fan quedan 137 en manos del movimiento islamista palestino Hamas y otros grupos afiliados en Gaza.<\/p>\n<p>A cambio, Israel liber\u00f3 a 240 presos palestinos.<\/p>\n<p>Blinken pas\u00f3 el d\u00eda en Dubai, que alberga a decenas de l\u00edderes mundiales en la COP28, la conferencia de la ONU sobre el clima, despu\u00e9s de haber visitado Israel y Cisjordania ocupada.<\/p>\n<p>En paralelo, desde Estados Unidos, un vocero del Consejo de Seguridad Nacional de la Casa Blanca afirm\u00f3 que segu\u00edan <strong>\u00abtrabajando con Israel, Egipto y Qatar para extender la pausa humanitaria en Gaza\u00bb<\/strong>.<\/p>\n<p>Pero las perspectivas de restablecer una tregua se ven obstaculizadas porque \u00abhasta ahora Hamas no ha logrado presentar una lista de rehenes que permita una mayor extensi\u00f3n de la pausa\u00bb, afirm\u00f3 el funcionario.<\/p>\n<p>El presidente estadounidense Joe Biden y su equipo de seguridad nacional <strong>\u00abseguir\u00e1n profundamente comprometidos mientras se busca liberar a los restantes rehenes\u00bb<\/strong>, agreg\u00f3.<\/p>\n<p><strong>Tras el fin de la tregua se reanudaron los combates iniciados el 7 de octubre<\/strong>, cuando milicianos del movimiento islamista palestino irrumpieron en Israel, en un ataque sorpresa que dej\u00f3 1.200 muertos, en su mayor\u00eda civiles, y 240 secuestrados, entre ellas una veintena de argentinos.<\/p>\n<p>En respuesta, Israel prometi\u00f3 eliminar a Hamas y desat\u00f3 una campa\u00f1a de ataques a\u00e9reos y terrestres en Gaza que, seg\u00fan el movimiento islamista palestino, dej\u00f3 m\u00e1s de 15.000 muertos, en su mayor\u00eda civiles. <\/p>\n<\/div>\n<p><script async src=\"\/\/platform.twitter.com\/widgets.js\" charset=\"utf-8\"><\/script><script async defer crossorigin=\"anonymous\" src=\"https:\/\/connect.facebook.net\/es_LA\/sdk.js#xfbml=1&#038;version=v12.0\" nonce=\"SBlHQzIF\"><\/script><br \/><a href=\"https:\/\/www.telam.com.ar\/notas\/202312\/648331-tregua-blinken-rehenes-liberacion-conflicto-franja-de-gaza.html\">source<\/a><\/p>\n","protected":false},"excerpt":{"rendered":"<p>Foto: AFP. Estados Unidos sigue \u00abintensamente focalizado\u00bb en liberar a los rehenes cautivos en Gaza&#8230;<\/p>\n","protected":false},"author":0,"featured_media":191846,"comment_status":"open","ping_status":"open","sticky":false,"template":"","format":"standard","meta":{"footnotes":""},"categories":[60],"tags":[],"class_list":["post-191845","post","type-post","status-publish","format-standard","has-post-thumbnail","hentry","category-internacional"],"featured_image_urls":{"full":["https:\/\/radiofenix.com.ar\/2023\/wp-content\/uploads\/2023\/12\/wp-header-logo-19.png",1200,675,false],"thumbnail":["https:\/\/radiofenix.com.ar\/2023\/wp-content\/uploads\/2023\/12\/wp-header-logo-19-150x150.png",150,150,true],"medium":["https:\/\/radiofenix.com.ar\/2023\/wp-content\/uploads\/2023\/12\/wp-header-logo-19-300x169.png",300,169,true],"medium_large":["https:\/\/radiofenix.com.ar\/2023\/wp-content\/uploads\/2023\/12\/wp-header-logo-19-768x432.png",640,360,true],"large":["https:\/\/radiofenix.com.ar\/2023\/wp-content\/uploads\/2023\/12\/wp-header-logo-19-1024x576.png",640,360,true],"1536x1536":["https:\/\/radiofenix.com.ar\/2023\/wp-content\/uploads\/2023\/12\/wp-header-logo-19.png",1200,675,false],"2048x2048":["https:\/\/radiofenix.com.ar\/2023\/wp-content\/uploads\/2023\/12\/wp-header-logo-19.png",1200,675,false],"newsium-slider-full":["https:\/\/radiofenix.com.ar\/2023\/wp-content\/uploads\/2023\/12\/wp-header-logo-19.png",1200,675,false],"newsium-featured":["https:\/\/radiofenix.com.ar\/2023\/wp-content\/uploads\/2023\/12\/wp-header-logo-19-1024x576.png",1024,576,true],"newsium-medium":["https:\/\/radiofenix.com.ar\/2023\/wp-content\/uploads\/2023\/12\/wp-header-logo-19-720x475.png",720,475,true]},"author_info":{"info":[""]},"category_info":"<a href=\"https:\/\/radiofenix.com.ar\/2023\/category\/internacional\/\" rel=\"category tag\">Internacional<\/a>","tag_info":"Internacional","comment_count":"0","_links":{"self":[{"href":"https:\/\/radiofenix.com.ar\/2023\/wp-json\/wp\/v2\/posts\/191845","targetHints":{"allow":["GET"]}}],"collection":[{"href":"https:\/\/radiofenix.com.ar\/2023\/wp-json\/wp\/v2\/posts"}],"about":[{"href":"https:\/\/radiofenix.com.ar\/2023\/wp-json\/wp\/v2\/types\/post"}],"replies":[{"embeddable":true,"href":"https:\/\/radiofenix.com.ar\/2023\/wp-json\/wp\/v2\/comments?post=191845"}],"version-history":[{"count":0,"href":"https:\/\/radiofenix.com.ar\/2023\/wp-json\/wp\/v2\/posts\/191845\/revisions"}],"wp:featuredmedia":[{"embeddable":true,"href":"https:\/\/radiofenix.com.ar\/2023\/wp-json\/wp\/v2\/media\/191846"}],"wp:attachment":[{"href":"https:\/\/radiofenix.com.ar\/2023\/wp-json\/wp\/v2\/media?parent=191845"}],"wp:term":[{"taxonomy":"category","embeddable":true,"href":"https:\/\/radiofenix.com.ar\/2023\/wp-json\/wp\/v2\/categories?post=191845"},{"taxonomy":"post_tag","embeddable":true,"href":"https:\/\/radiofenix.com.ar\/2023\/wp-json\/wp\/v2\/tags?post=191845"}],"curies":[{"name":"wp","href":"https:\/\/api.w.org\/{rel}","templated":true}]}}