{"id":191875,"date":"2023-12-05T08:57:36","date_gmt":"2023-12-05T08:57:36","guid":{"rendered":"https:\/\/radiofenix.com.ar\/2023\/macron-se-declaro-en-contra-del-acuerdo-ue-mercosur-y-anuncio-un-viaje-a-brasil\/"},"modified":"2023-12-05T08:57:36","modified_gmt":"2023-12-05T08:57:36","slug":"macron-se-declaro-en-contra-del-acuerdo-ue-mercosur-y-anuncio-un-viaje-a-brasil","status":"publish","type":"post","link":"https:\/\/radiofenix.com.ar\/2023\/macron-se-declaro-en-contra-del-acuerdo-ue-mercosur-y-anuncio-un-viaje-a-brasil\/","title":{"rendered":"Macron se declar\u00f3 &quot;en contra&quot; del acuerdo UE-Mercosur y anunci\u00f3 un viaje a Brasil"},"content":{"rendered":"<div>\n<figure class=\"mb-3\"><img decoding=\"async\" src=\"https:\/\/www.telam.com.ar\/thumbs\/bluesteel\/advf\/imagenes\/2023\/07\/64a42ad5a5a90_1200.jpg\" class=\" lazy \" width=\"100%\" height=\"100%\" alt=\"Emmanuel Macron Foto AFP\"\/><figcaption> Emmanuel Macron \/ Foto: AFP <\/figcaption><\/figure>\n<p> El presidente de Francia, Emmanuel Macron, <strong>declar\u00f3 este s\u00e1bado que est\u00e1 en \u00abcontra del acuerdo<\/strong>\u00bb de libre comercio que est\u00e1 siendo negociado entre el Mercosur y la Uni\u00f3n Europea (UE), del que afirm\u00f3 que tal como est\u00e1 ahora \u201c<strong>no es bueno para nadie<\/strong>\u201d y anunci\u00f3 que <strong>viajar\u00e1 en marzo a Brasil <\/strong>para discutirlo con su par brasile\u00f1o, Luiz In\u00e1cio Lula da Silva.<\/p>\n<p>El anuncio de Macron se produjo despu\u00e9s de reunirse con Lula en Dubai, donde ambos asisten a la Conferencia de las Partes (COP28) sobre cambio clim\u00e1tico que auspicia la ONU.<\/p>\n<p>Seg\u00fan la presidencia brasile\u00f1a, la visita tendr\u00e1 lugar el 27 de marzo.<\/p>\n<p>El mandatario franc\u00e9s justific\u00f3 que exist\u00eda una \u00ab<strong>agenda bilateral extremadamente densa<\/strong>\u00bb y \u00abuna muy amplia coincidencia de puntos de vista\u00bb con Lula, a quien consider\u00f3 un presidente \u00abvisionario\u00bb y \u00abvaliente\u00bb, seg\u00fan inform\u00f3 la agencia de noticias francesa AFP.<\/p>\n<p>Entre las coincidencias, Macron cit\u00f3 \u00abla lucha contra la deforestaci\u00f3n, las cuestiones de defensa, los intereses econ\u00f3micos y las cuestiones culturales\u00bb.<\/p>\n<p><figure class=\"mb-3\"><img decoding=\"async\" src=\"https:\/\/www.telam.com.ar\/thumbs\/bluesteel\/advf\/imagenes\/2023\/06\/6496d9fb952ec_1200.jpg\" class=\" lazy \" width=\"100%\" height=\"100%\" alt=\"Lula y Macron en junio en Pars Foto AFP\"\/><figcaption> Lula y Macron en junio en Par\u00eds \/ Foto: AFP <\/figcaption><\/figure>\n<p>Ambos mandatarios abordar\u00e1n <strong>el futuro del acuerdo comercial entre la UE y el Mercosur<\/strong>, que integran Brasil, Argentina, Uruguay y Paraguay, sellado en 2019 tras 20 a\u00f1os de arduas negociaciones.<\/p>\n<h2 class=\"\"> La firma en espera<\/h2>\n<p>El acuerdo, sin embargo, no fue ratificado debido a las preocupaciones del bloque europeo sobre las pol\u00edticas ambientales, especialmente de Brasil durante la presidencia de Jair Bolsonaro.<\/p>\n<p>En marzo, la UE present\u00f3 un instrumento adicional al Mercosur en el que incorpor\u00f3 una serie de exigencias ambientales suplementarias que podr\u00edan perjudicar la exportaci\u00f3n de determinados productos de la regi\u00f3n, por lo que se encontr\u00f3 con la resistencia de algunos pa\u00edses.<\/p>\n<p>Este punto fue considerado por Lula como una \u00abamenaza\u00bb, pese a manifestar su intenci\u00f3n de cerrar el pacto.<\/p>\n<p>El Mercosur, por su parte, entreg\u00f3 su contraoferta formal a principios de septiembre, tras lo cual la UE dijo que sigue empe\u00f1ada en cerrar un acuerdo comercial.<\/p>\n<p>Este s\u00e1bado, Macron ratific\u00f3 su postura de cara al posible acuerdo entre ambos bloques.<\/p>\n<p>\u201cEstoy en contra del acuerdo Mercosur-UE, porque creo que es completamente contradictorio con lo que \u00e9l (Lula) est\u00e1 haciendo en Brasil y lo que estamos haciendo nosotros, porque es un acuerdo que se negoci\u00f3 hace 20 a\u00f1os, y que intentamos remendar, pero est\u00e1 mal hecho\u201d, subray\u00f3.<\/p>\n<h2 class=\"\">El peso del factor factor medioambiental<\/h2>\n<p>Para Macron, el acuerdo \u00abno toma en cuenta la biodiversidad y el clima\u00bb y se reduce a un acuerdo \u00abmal remendado\u00bb que \u00abdesmantela los aranceles\u00bb como se hac\u00eda antes.<\/p>\n<p>El presidente franc\u00e9s pidi\u00f3 que el acuerdo recompensara \u00aba Brasil por su pol\u00edtica forestal\u00bb.<\/p>\n<p>\u00abLa comunidad internacional y la Uni\u00f3n Europea deben ayudarlos y por ende darles cr\u00e9ditos de carbono para que no deforesten, porque tienen un tesoro forestal en Brasil\u00bb, insisti\u00f3, en referencia a la Amazon\u00eda.<\/p>\n<p>Luego de las declaraciones de Macron, Lula afirm\u00f3 que Francia es un pa\u00eds \u00abm\u00e1s proteccionista\u00bb, mientras caminaba por los pasillos de un \u00e1rea restringida en la COP28, seg\u00fan replic\u00f3 el medio brasile\u00f1o O Globo.<\/p>\n<p>\u00abEs su derecho. Cada pa\u00eds tiene derecho a tener una posici\u00f3n. Creo que tiene derecho a tener un puesto. Creo que Francia es el pa\u00eds con el que es m\u00e1s dif\u00edcil llegar a un acuerdo porque es m\u00e1s proteccionista. No es la misma posici\u00f3n que la Uni\u00f3n Europea, piensa de otra manera\u00bb, dijo Lula.<\/p>\n<p>Las negociaciones entre ambas partes prosiguen de momento, a pesar de que Brasil y Argentina calificaran las exigencias de la UE de \u00abparciales\u00bb e \u00abinaceptables\u00bb.<\/p>\n<p>Sin embargo, ayer Lula se mostr\u00f3 confiado y escribi\u00f3 en la red social X que ambas partes estaban \u00abcerca de cerrar\u00bb un acuerdo.<\/p>\n<p>El mandatario brasile\u00f1o, cuyo pa\u00eds ejerce la presidencia semestral del Mercosur, mantuvo diversos encuentros el viernes al margen de la COP28, entre ellos con el presidente del Gobierno espa\u00f1ol, Pedro S\u00e1nchez, con quien acord\u00f3 dar un \u00faltimo \u00abimpulso pol\u00edtico\u00bb para que se cierre el acuerdo.<\/p>\n<p>Lula tambi\u00e9n se reuni\u00f3 con la presidenta de la Comisi\u00f3n Europea, Ursula Von der Leyen, con la que coincidi\u00f3 en que \u00abhubo avances significativos en las reuniones entre los equipos t\u00e9cnicos de los dos lados\u00bb en los \u00faltimos d\u00edas, especialmente luego de una comunicaci\u00f3n telef\u00f3nica entre ambos, se\u00f1al\u00f3 la Presidencia de Brasil en un comunicado.<\/p>\n<p>\u00abLa UE est\u00e1 comprometida a cerrar este acuerdo\u00bb, escribi\u00f3 Von der Leyen en X el viernes.<\/p>\n<p>La pr\u00f3xima semana, durante la cumbre del Mercosur el 7 de diciembre en R\u00edo de Janeiro, Brasil le entregar\u00e1 la presidencia rotativa del bloque a Paraguay, un pa\u00eds que manifest\u00f3 que las negociaciones con el bloque europeo no ser\u00e1n prioridad durante su mandato. <\/p>\n<\/div>\n<p><script async defer crossorigin=\"anonymous\" src=\"https:\/\/connect.facebook.net\/es_LA\/sdk.js#xfbml=1&#038;version=v12.0\" nonce=\"SBlHQzIF\"><\/script><br \/><a href=\"https:\/\/www.telam.com.ar\/notas\/202312\/648434-macron-critica-acuerdo-ue-mercosur-y-viaja-a-brasil.html\">source<\/a><\/p>\n","protected":false},"excerpt":{"rendered":"<p>Emmanuel Macron \/ Foto: AFP El presidente de Francia, Emmanuel Macron, declar\u00f3 este s\u00e1bado que&#8230;<\/p>\n","protected":false},"author":0,"featured_media":191876,"comment_status":"open","ping_status":"open","sticky":false,"template":"","format":"standard","meta":{"footnotes":""},"categories":[60],"tags":[],"class_list":["post-191875","post","type-post","status-publish","format-standard","has-post-thumbnail","hentry","category-internacional"],"featured_image_urls":{"full":["https:\/\/radiofenix.com.ar\/2023\/wp-content\/uploads\/2023\/12\/wp-header-logo-34.png",1200,675,false],"thumbnail":["https:\/\/radiofenix.com.ar\/2023\/wp-content\/uploads\/2023\/12\/wp-header-logo-34-150x150.png",150,150,true],"medium":["https:\/\/radiofenix.com.ar\/2023\/wp-content\/uploads\/2023\/12\/wp-header-logo-34-300x169.png",300,169,true],"medium_large":["https:\/\/radiofenix.com.ar\/2023\/wp-content\/uploads\/2023\/12\/wp-header-logo-34-768x432.png",640,360,true],"large":["https:\/\/radiofenix.com.ar\/2023\/wp-content\/uploads\/2023\/12\/wp-header-logo-34-1024x576.png",640,360,true],"1536x1536":["https:\/\/radiofenix.com.ar\/2023\/wp-content\/uploads\/2023\/12\/wp-header-logo-34.png",1200,675,false],"2048x2048":["https:\/\/radiofenix.com.ar\/2023\/wp-content\/uploads\/2023\/12\/wp-header-logo-34.png",1200,675,false],"newsium-slider-full":["https:\/\/radiofenix.com.ar\/2023\/wp-content\/uploads\/2023\/12\/wp-header-logo-34.png",1200,675,false],"newsium-featured":["https:\/\/radiofenix.com.ar\/2023\/wp-content\/uploads\/2023\/12\/wp-header-logo-34-1024x576.png",1024,576,true],"newsium-medium":["https:\/\/radiofenix.com.ar\/2023\/wp-content\/uploads\/2023\/12\/wp-header-logo-34-720x475.png",720,475,true]},"author_info":{"info":[""]},"category_info":"<a href=\"https:\/\/radiofenix.com.ar\/2023\/category\/internacional\/\" rel=\"category tag\">Internacional<\/a>","tag_info":"Internacional","comment_count":"0","_links":{"self":[{"href":"https:\/\/radiofenix.com.ar\/2023\/wp-json\/wp\/v2\/posts\/191875","targetHints":{"allow":["GET"]}}],"collection":[{"href":"https:\/\/radiofenix.com.ar\/2023\/wp-json\/wp\/v2\/posts"}],"about":[{"href":"https:\/\/radiofenix.com.ar\/2023\/wp-json\/wp\/v2\/types\/post"}],"replies":[{"embeddable":true,"href":"https:\/\/radiofenix.com.ar\/2023\/wp-json\/wp\/v2\/comments?post=191875"}],"version-history":[{"count":0,"href":"https:\/\/radiofenix.com.ar\/2023\/wp-json\/wp\/v2\/posts\/191875\/revisions"}],"wp:featuredmedia":[{"embeddable":true,"href":"https:\/\/radiofenix.com.ar\/2023\/wp-json\/wp\/v2\/media\/191876"}],"wp:attachment":[{"href":"https:\/\/radiofenix.com.ar\/2023\/wp-json\/wp\/v2\/media?parent=191875"}],"wp:term":[{"taxonomy":"category","embeddable":true,"href":"https:\/\/radiofenix.com.ar\/2023\/wp-json\/wp\/v2\/categories?post=191875"},{"taxonomy":"post_tag","embeddable":true,"href":"https:\/\/radiofenix.com.ar\/2023\/wp-json\/wp\/v2\/tags?post=191875"}],"curies":[{"name":"wp","href":"https:\/\/api.w.org\/{rel}","templated":true}]}}