{"id":191909,"date":"2023-12-07T08:57:52","date_gmt":"2023-12-07T08:57:52","guid":{"rendered":"https:\/\/radiofenix.com.ar\/2023\/denunciaron-ante-la-justicia-hechos-de-violencia-contra-trabajadores-de-medios-publicos\/"},"modified":"2023-12-07T08:57:52","modified_gmt":"2023-12-07T08:57:52","slug":"denunciaron-ante-la-justicia-hechos-de-violencia-contra-trabajadores-de-medios-publicos","status":"publish","type":"post","link":"https:\/\/radiofenix.com.ar\/2023\/denunciaron-ante-la-justicia-hechos-de-violencia-contra-trabajadores-de-medios-publicos\/","title":{"rendered":"Denunciaron ante la Justicia hechos de violencia contra trabajadores de medios p\u00fablicos"},"content":{"rendered":"<div>\n<figure class=\"mb-3\"><img decoding=\"async\" src=\"https:\/\/www.telam.com.ar\/thumbs\/bluesteel\/advf\/imagenes\/2023\/12\/65711215f2cb1_1200.jpg\" class=\" lazy \" width=\"100%\" height=\"100%\" alt=\"Foto Siprebaorg\"\/><figcaption> Foto: Sipreba.org <\/figcaption><\/figure>\n<p> El Sindicato de Prensa de Buenos Aires (SiPreBA) inform\u00f3 este mi\u00e9rcoles que present\u00f3 una denuncia penal ante el Ministerio P\u00fablico Fiscal a ra\u00edz de <strong>distintos hechos de violencia producidos en las \u00faltimas semanas<\/strong> contra trabajadores de medios p\u00fablicos, tanto durante coberturas period\u00edsticas, como en lugares de trabajo y redes sociales.<\/p>\n<p>\u00abDesde el SiPreBA y la (Federaci\u00f3n Argentina de Trabajadores de Prensa) Fatpren estamos preocupados por la integridad f\u00edsica de nuestros compa\u00f1eros de medios p\u00fablicos como T\u00e9lam, Radio Nacional y la Televisi\u00f3n P\u00fablica, que son agredidos en distintas coberturas as\u00ed como en la puerta de sus lugares de trabajo y en redes sociales\u00bb, manifest\u00f3 en di\u00e1logo con esta agencia el secretario general del SiPreBA, Agust\u00edn Lecchi.<\/p>\n<p>Para Lecchi, las distintas agresiones contra trabajadores de prensa forman parte \u00abde un contexto donde desde algunos lugares <strong>pol\u00edticos e inclusive dirigentes <\/strong>que van a ocupar cargos institucionales muy importantes han hecho <strong>declaraciones que generan un clima de violencia<\/strong> que pone en riesgo la integridad de nuestros compa\u00f1eros\u00bb.<\/p>\n<p>El secretario general del SiPreBA alert\u00f3 que ante estas situaciones de violencia lo que tambi\u00e9n se pone en riesgo es \u00ab<strong>la libertad de expresi\u00f3n y la posibilidad de poder realizar el trabajo period\u00edstico con las condiciones y garant\u00edas necesarias\u00bb.<\/strong><\/p>\n<p>\u00abPor eso hicimos una denuncia el lunes pasado ante el Ministerio P\u00fablico Fiscal y esperamos que las autoridades tomen cartas en el asunto para que se pueda <strong>frenar esta situaci\u00f3n<\/strong> que no es buena para nadie y mucho menos para quienes trabajamos en el \u00e1mbito period\u00edstico, no s\u00f3lo en el sector p\u00fablico sino tambi\u00e9n en el privado, generando un p\u00e9simo clima para desarrollar nuestra tarea\u00bb, explic\u00f3 Lecchi.<\/p>\n<p><figure class=\"mb-3\"><img decoding=\"async\" src=\"https:\/\/www.telam.com.ar\/thumbs\/bluesteel\/advf\/imagenes\/2023\/04\/6439bdbc7ec0c_1200.jpg\" class=\" lazy \" width=\"100%\" height=\"100%\" alt=\"Foto Cris Sille\"\/><figcaption> Foto: Cris Sille. <\/figcaption><\/figure>\n<p>En el texto de la denuncia penal a la que tuvo acceso T\u00e9lam se esgrimi\u00f3 que ante esta \u00ab<strong>serie de agresiones y amenazas<\/strong>\u00bb a trabajadores de prensa, \u00ab<strong>especialmente de los medios p\u00fablicos\u00bb<\/strong>, se pone en riesgo \u00ab<strong>su integridad f\u00edsica, su libertad <\/strong>para trabajar y a su vez, por las caracter\u00edsticas de su trabajo, la libertad de expresi\u00f3n y el derecho a la informaci\u00f3n\u00bb.<\/p>\n<h2 class=\"\">Algunos de los hechos denunciados<\/h2>\n<p>Entre los hechos denunciados, se cit\u00f3 la amenaza que sufrieron el pasado<strong> 21 de noviembre<\/strong> <strong>tres trabajadores de Radio Nacional<\/strong> cuando sal\u00edan de la emisora y una persona, \u00abexhibiendo amenazadoramente un ladrillo, los increp\u00f3 y les grit\u00f3 &#8216;Ahora que gan\u00f3 Milei, a todos los peronchos, a todos los K, los vamos a matar'\u00bb.<\/p>\n<p>Al d\u00eda siguiente, una<strong> trabajadora de esta agencia <\/strong>que se encontraba en la puerta de una de las sedes de T\u00e9lam conversando con un empleado de la empresa privada de seguridad del edificio, <strong>fue amenazada<\/strong> por una persona que los interrumpi\u00f3, insult\u00f3 y grit\u00f3 <strong>\u00abvan a tener que buscar laburo&#8230; van a desaparecer\u00bb.<\/strong><\/p>\n<p>Otro de los hechos denunciados ante el Ministerio P\u00fablico Fiscal se produjo <strong>el viernes pasado<\/strong> en el frente de otra de las sedes de T\u00e9lam en el centro porte\u00f1o, donde<strong> aparecieron carteles<\/strong> con la frase \u00abLa pauta est\u00e1 en peligro. <strong>Periodistas ladrones, vayan actualizando el CV\u00bb.<\/strong><\/p>\n<blockquote class=\"twitter-tweet\">\n<p lang=\"es\" dir=\"ltr\">Repudiamos mensajes violentos en la puerta de la Agencia Nacional de noticias Telam. Esto se suma a agresiones que sufrieron compa\u00f1eros en la puerta de Radio Nacional y tambi\u00e9n de Telam. <\/p>\n<p>Desde SiPreBA estamos realizando las denuncias correspondientes a la fiscal\u00eda de turno. <a href=\"https:\/\/t.co\/jRiOA1s2rH\">pic.twitter.com\/jRiOA1s2rH<\/a><\/p>\n<p>\u2014 Somos T\u00e9lam (@somostelam) <a href=\"https:\/\/twitter.com\/somostelam\/status\/1730642205931458861?ref_src=twsrc%5Etfw\">December 1, 2023<\/a><\/p><\/blockquote>\n<p> Tambi\u00e9n se realizaron <strong>grafitis con leyendas similares<\/strong> en <strong>carteles de publicidad de la v\u00eda p\u00fablica <\/strong>en las inmediaciones tanto de T\u00e9lam como de la Televisi\u00f3n P\u00fablica.<\/p>\n<p>Asimismo, <strong>el lunes pasado <\/strong>durante la <strong>avant premiere <\/strong>de \u00abMuchachos, la pel\u00edcula de la gente\u00bb, una persona film\u00f3 y le sac\u00f3 fotos al equipo de <strong>cobertura de la Televisi\u00f3n P\u00fablica <\/strong>y les dijo \u00ab<strong>en unos meses ustedes no existen m\u00e1s\u00bb<\/strong>, situaci\u00f3n sufrida tambi\u00e9n por <strong>cronistas de esta agencia en las \u00faltimas semanas.<\/strong><\/p>\n<p>Adem\u00e1s, se denunci\u00f3 que \u00abdurante las <strong>vigilias de cobertura en el Hotel Libertador,<\/strong> los <strong>equipos de la Televisi\u00f3n P\u00fablica son sistem\u00e1ticamente filmados y fotografiados<\/strong> por personas no identificadas dentro de las instalaciones del lugar\u00bb, entre otros hechos.<\/p>\n<p>\u00abTodo ello se da en un contexto en el que <strong>l\u00edderes pol\u00edticos<\/strong> con responsabilidades institucionales hablan de los <strong>periodistas como &#8216;ensobrados&#8217; <\/strong>y <strong>otros ep\u00edtetos<\/strong>, lo que <strong>genera un clima de violencia<\/strong> que no colabora con el trabajo period\u00edstico ni permite abordar los conflictos de manera democr\u00e1tica\u00bb, se argument\u00f3 en el texto de la denuncia.<\/p>\n<p>El SiPreBA, en cumplimiento de su mandato gremial, solicit\u00f3 a la Justicia que \u00ab<strong>se investiguen los hechos, se identifique a sus responsables y se los sancione conforme a derecho\u00bb.<\/strong><\/p>\n<\/div>\n<p><script async src=\"\/\/platform.twitter.com\/widgets.js\" charset=\"utf-8\"><\/script><script async defer crossorigin=\"anonymous\" src=\"https:\/\/connect.facebook.net\/es_LA\/sdk.js#xfbml=1&#038;version=v12.0\" nonce=\"SBlHQzIF\"><\/script><br \/><a href=\"https:\/\/www.telam.com.ar\/notas\/202312\/648797-denunciaron-justicia-hechos-violencia-trabajadores-medios-publicos.html\">source<\/a><\/p>\n","protected":false},"excerpt":{"rendered":"<p>Foto: Sipreba.org El Sindicato de Prensa de Buenos Aires (SiPreBA) inform\u00f3 este mi\u00e9rcoles que present\u00f3&#8230;<\/p>\n","protected":false},"author":0,"featured_media":191910,"comment_status":"open","ping_status":"open","sticky":false,"template":"","format":"standard","meta":{"footnotes":""},"categories":[2],"tags":[],"class_list":["post-191909","post","type-post","status-publish","format-standard","has-post-thumbnail","hentry","category-politica"],"featured_image_urls":{"full":["https:\/\/radiofenix.com.ar\/2023\/wp-content\/uploads\/2023\/12\/wp-header-logo-51.png",1200,675,false],"thumbnail":["https:\/\/radiofenix.com.ar\/2023\/wp-content\/uploads\/2023\/12\/wp-header-logo-51-150x150.png",150,150,true],"medium":["https:\/\/radiofenix.com.ar\/2023\/wp-content\/uploads\/2023\/12\/wp-header-logo-51-300x169.png",300,169,true],"medium_large":["https:\/\/radiofenix.com.ar\/2023\/wp-content\/uploads\/2023\/12\/wp-header-logo-51-768x432.png",640,360,true],"large":["https:\/\/radiofenix.com.ar\/2023\/wp-content\/uploads\/2023\/12\/wp-header-logo-51-1024x576.png",640,360,true],"1536x1536":["https:\/\/radiofenix.com.ar\/2023\/wp-content\/uploads\/2023\/12\/wp-header-logo-51.png",1200,675,false],"2048x2048":["https:\/\/radiofenix.com.ar\/2023\/wp-content\/uploads\/2023\/12\/wp-header-logo-51.png",1200,675,false],"newsium-slider-full":["https:\/\/radiofenix.com.ar\/2023\/wp-content\/uploads\/2023\/12\/wp-header-logo-51.png",1200,675,false],"newsium-featured":["https:\/\/radiofenix.com.ar\/2023\/wp-content\/uploads\/2023\/12\/wp-header-logo-51-1024x576.png",1024,576,true],"newsium-medium":["https:\/\/radiofenix.com.ar\/2023\/wp-content\/uploads\/2023\/12\/wp-header-logo-51-720x475.png",720,475,true]},"author_info":{"info":[""]},"category_info":"<a href=\"https:\/\/radiofenix.com.ar\/2023\/category\/politica\/\" rel=\"category tag\">Pol\u00edtica<\/a>","tag_info":"Pol\u00edtica","comment_count":"0","_links":{"self":[{"href":"https:\/\/radiofenix.com.ar\/2023\/wp-json\/wp\/v2\/posts\/191909","targetHints":{"allow":["GET"]}}],"collection":[{"href":"https:\/\/radiofenix.com.ar\/2023\/wp-json\/wp\/v2\/posts"}],"about":[{"href":"https:\/\/radiofenix.com.ar\/2023\/wp-json\/wp\/v2\/types\/post"}],"replies":[{"embeddable":true,"href":"https:\/\/radiofenix.com.ar\/2023\/wp-json\/wp\/v2\/comments?post=191909"}],"version-history":[{"count":0,"href":"https:\/\/radiofenix.com.ar\/2023\/wp-json\/wp\/v2\/posts\/191909\/revisions"}],"wp:featuredmedia":[{"embeddable":true,"href":"https:\/\/radiofenix.com.ar\/2023\/wp-json\/wp\/v2\/media\/191910"}],"wp:attachment":[{"href":"https:\/\/radiofenix.com.ar\/2023\/wp-json\/wp\/v2\/media?parent=191909"}],"wp:term":[{"taxonomy":"category","embeddable":true,"href":"https:\/\/radiofenix.com.ar\/2023\/wp-json\/wp\/v2\/categories?post=191909"},{"taxonomy":"post_tag","embeddable":true,"href":"https:\/\/radiofenix.com.ar\/2023\/wp-json\/wp\/v2\/tags?post=191909"}],"curies":[{"name":"wp","href":"https:\/\/api.w.org\/{rel}","templated":true}]}}