{"id":191919,"date":"2023-12-08T08:57:06","date_gmt":"2023-12-08T08:57:06","guid":{"rendered":"https:\/\/radiofenix.com.ar\/2023\/alejo-lavayen-sufrio-la-rotura-de-ligamentos-y-sera-reemplazado-en-el-seven\/"},"modified":"2023-12-08T08:57:06","modified_gmt":"2023-12-08T08:57:06","slug":"alejo-lavayen-sufrio-la-rotura-de-ligamentos-y-sera-reemplazado-en-el-seven","status":"publish","type":"post","link":"https:\/\/radiofenix.com.ar\/2023\/alejo-lavayen-sufrio-la-rotura-de-ligamentos-y-sera-reemplazado-en-el-seven\/","title":{"rendered":"Alejo Lavay\u00e9n sufri\u00f3 la rotura de ligamentos y ser\u00e1 reemplazado en el Seven"},"content":{"rendered":"<div>\n<figure class=\"mb-3\"><img decoding=\"async\" src=\"https:\/\/www.telam.com.ar\/thumbs\/bluesteel\/advf\/imagenes\/2023\/12\/6571abce94865_1200.jpg\" class=\" lazy \" width=\"100%\" height=\"100%\" alt=\"Foto Xlospumas7arg\"\/><figcaption> Foto: X@lospumas7arg. <\/figcaption><\/figure>\n<p> Alejo<strong> Lavay\u00e9n, una de figuras del seleccionado argentino de rugby Seven, sufri\u00f3 la rotura de ligamentos de la rodilla izquierda y ser\u00e1 reemplazado por Santiago Vera en el Seven de Ciudad del Cabo<\/strong>, a jugarse el pr\u00f3ximo fin de semana en la Serie Mundial Masculina de Rugby 7 (SVNS) que organiza la World Rugby (WR).<\/p>\n<p>El back que se inici\u00f3 en el CASI sufri\u00f3 la lesi\u00f3n en el cotejo jugado ante Irlanda, en el seven de Dubai el pasado fin de semana, y deber\u00e1 ser operado durante la pr\u00f3xima semana, indic\u00f3 A Pleno Rugby.<\/p>\n<p>Los Pumas 7s comenzar\u00e1 su participaci\u00f3n en la segunda etapa de la temporada 2023\/24 el s\u00e1bado pr\u00f3ximo a las 5:28 enfrentando a Espa\u00f1a, a las 8:34 jugar\u00e1 contra Francia y cerrar\u00e1 la primera jornada de competencia a las 13:56 ante Fiji.<\/p>\n<p>Argentina, que fue subcampe\u00f3n en el Seven de Dubai al perder la final ante Sud\u00e1frica, es uno de los 12 equipos que conforman este nuevo SVNS est\u00e1 conformado por siete torneos y una serie final en la cual se definir\u00e1 el campe\u00f3n de la temporada.<\/p>\n<blockquote class=\"twitter-tweet\">\n<p lang=\"es\" dir=\"ltr\">&#x1f6a8; Durante el encuentro con Irlanda en el Seven de Dubai, Alejo Lavay\u00e9n sufri\u00f3 la rotura de los ligamentos cruzados de la rodilla izquierda, y a causa de eso ser\u00e1 intervenido quir\u00fargicamente la pr\u00f3xima semana. <\/p>\n<p>\u00a1Fuerza Alejo! &#x1f4aa;<\/p>\n<p>Esta familia est\u00e1 con vos, y te esperamos pronto. <a href=\"https:\/\/t.co\/Z49VElLe2H\">pic.twitter.com\/Z49VElLe2H<\/a><\/p>\n<p>\u2014 Los Pumas 7s (@lospumas7arg) <a href=\"https:\/\/twitter.com\/lospumas7arg\/status\/1732451214204227876?ref_src=twsrc%5Etfw\">December 6, 2023<\/a><\/p><\/blockquote>\n<p> La SVNS se extender\u00e1 por siete meses, y esta conformada adem\u00e1s por Nueva Zelanda, Gran Breta\u00f1a, Sud\u00e1frica, Estados Unidos, Irlanda, Fiji, Samoa, Australia, Francia, Espa\u00f1a y Canad\u00e1.<\/p>\n<p>Esos equipos sumar\u00e1n puntos en las siete primeras etapas. Tras el Seven de Singapur, los ocho mejores llegar\u00e1n a la Gran Final de Madrid para luchar por la corona de la temporada, mientras que los otros cuatro equipos (del 9\u00ba al 12\u00ba puesto), tratar\u00e1n de conservar la categor\u00eda.<\/p>\n<p>Esos cuatro \u00faltimos jugar\u00e1n con los cuatro mejores del World Rugby Sevens Challenger Series; y los cuatro mejores de ese repechaje, ingresar\u00e1n al cuadro principal del SVNS del a\u00f1o siguiente.<\/p>\n<p>Los Pumas 7s son los actuales subcampeones mundiales, detr\u00e1s de Nueva Zelanda, y son uno de los candidatos a luchar por oro ol\u00edmpico en los Juegos de Par\u00eds 2024. <\/p>\n<\/div>\n<p><script async src=\"\/\/platform.twitter.com\/widgets.js\" charset=\"utf-8\"><\/script><script async defer crossorigin=\"anonymous\" src=\"https:\/\/connect.facebook.net\/es_LA\/sdk.js#xfbml=1&#038;version=v12.0\" nonce=\"SBlHQzIF\"><\/script><br \/><a href=\"https:\/\/www.telam.com.ar\/notas\/202312\/648818-rugby-pumas-seven-ciudad-del-cabo-alejo-lavallen-lesion-rotura-ligamentos.html\">source<\/a><\/p>\n","protected":false},"excerpt":{"rendered":"<p>Foto: X@lospumas7arg. Alejo Lavay\u00e9n, una de figuras del seleccionado argentino de rugby Seven, sufri\u00f3 la&#8230;<\/p>\n","protected":false},"author":0,"featured_media":191920,"comment_status":"open","ping_status":"open","sticky":false,"template":"","format":"standard","meta":{"footnotes":""},"categories":[3],"tags":[],"class_list":["post-191919","post","type-post","status-publish","format-standard","has-post-thumbnail","hentry","category-deportes"],"featured_image_urls":{"full":["https:\/\/radiofenix.com.ar\/2023\/wp-content\/uploads\/2023\/12\/wp-header-logo-56.png",1200,676,false],"thumbnail":["https:\/\/radiofenix.com.ar\/2023\/wp-content\/uploads\/2023\/12\/wp-header-logo-56-150x150.png",150,150,true],"medium":["https:\/\/radiofenix.com.ar\/2023\/wp-content\/uploads\/2023\/12\/wp-header-logo-56-300x169.png",300,169,true],"medium_large":["https:\/\/radiofenix.com.ar\/2023\/wp-content\/uploads\/2023\/12\/wp-header-logo-56-768x433.png",640,361,true],"large":["https:\/\/radiofenix.com.ar\/2023\/wp-content\/uploads\/2023\/12\/wp-header-logo-56-1024x577.png",640,361,true],"1536x1536":["https:\/\/radiofenix.com.ar\/2023\/wp-content\/uploads\/2023\/12\/wp-header-logo-56.png",1200,676,false],"2048x2048":["https:\/\/radiofenix.com.ar\/2023\/wp-content\/uploads\/2023\/12\/wp-header-logo-56.png",1200,676,false],"newsium-slider-full":["https:\/\/radiofenix.com.ar\/2023\/wp-content\/uploads\/2023\/12\/wp-header-logo-56.png",1200,676,false],"newsium-featured":["https:\/\/radiofenix.com.ar\/2023\/wp-content\/uploads\/2023\/12\/wp-header-logo-56-1024x577.png",1024,577,true],"newsium-medium":["https:\/\/radiofenix.com.ar\/2023\/wp-content\/uploads\/2023\/12\/wp-header-logo-56-720x475.png",720,475,true]},"author_info":{"info":[""]},"category_info":"<a href=\"https:\/\/radiofenix.com.ar\/2023\/category\/deportes\/\" rel=\"category tag\">Deportes<\/a>","tag_info":"Deportes","comment_count":"0","_links":{"self":[{"href":"https:\/\/radiofenix.com.ar\/2023\/wp-json\/wp\/v2\/posts\/191919","targetHints":{"allow":["GET"]}}],"collection":[{"href":"https:\/\/radiofenix.com.ar\/2023\/wp-json\/wp\/v2\/posts"}],"about":[{"href":"https:\/\/radiofenix.com.ar\/2023\/wp-json\/wp\/v2\/types\/post"}],"replies":[{"embeddable":true,"href":"https:\/\/radiofenix.com.ar\/2023\/wp-json\/wp\/v2\/comments?post=191919"}],"version-history":[{"count":0,"href":"https:\/\/radiofenix.com.ar\/2023\/wp-json\/wp\/v2\/posts\/191919\/revisions"}],"wp:featuredmedia":[{"embeddable":true,"href":"https:\/\/radiofenix.com.ar\/2023\/wp-json\/wp\/v2\/media\/191920"}],"wp:attachment":[{"href":"https:\/\/radiofenix.com.ar\/2023\/wp-json\/wp\/v2\/media?parent=191919"}],"wp:term":[{"taxonomy":"category","embeddable":true,"href":"https:\/\/radiofenix.com.ar\/2023\/wp-json\/wp\/v2\/categories?post=191919"},{"taxonomy":"post_tag","embeddable":true,"href":"https:\/\/radiofenix.com.ar\/2023\/wp-json\/wp\/v2\/tags?post=191919"}],"curies":[{"name":"wp","href":"https:\/\/api.w.org\/{rel}","templated":true}]}}