{"id":191967,"date":"2023-12-11T08:57:54","date_gmt":"2023-12-11T08:57:54","guid":{"rendered":"https:\/\/radiofenix.com.ar\/2023\/zelenski-confirmo-que-estara-en-la-asuncion-de-milei\/"},"modified":"2023-12-11T08:57:54","modified_gmt":"2023-12-11T08:57:54","slug":"zelenski-confirmo-que-estara-en-la-asuncion-de-milei","status":"publish","type":"post","link":"https:\/\/radiofenix.com.ar\/2023\/zelenski-confirmo-que-estara-en-la-asuncion-de-milei\/","title":{"rendered":"Zelenski confirm\u00f3 que estar\u00e1 en la asunci\u00f3n de Milei"},"content":{"rendered":"<div>\n<figure class=\"mb-3\"><img decoding=\"async\" src=\"https:\/\/www.telam.com.ar\/thumbs\/bluesteel\/advf\/imagenes\/2022\/12\/63a2e62887161_1200.jpg\" class=\" lazy \" width=\"100%\" height=\"100%\" alt=\"Volodimir Zelenski Foto AFP\"\/><figcaption> Volodimir Zelenski \/ Foto: AFP <\/figcaption><\/figure>\n<p> El presidente ucraniano, Volodimir Zelenski, confirm\u00f3 este s\u00e1bado que <strong>estar\u00e1 el domingo en la asunci\u00f3n de Javier Milei <\/strong>al compartir en la red social X (ex Twitter) una imagen de una parada que hizo en Cabo Verde \u00abde camino a Argentina\u00bb.<\/p>\n<p>\u00abDe camino a Argentina, me reun\u00ed con el Primer Ministro de Cabo Verde Ulisses Correia e Silva. El primer encuentro de mandatarios en la historia de nuestras relaciones bilaterales\u00bb, public\u00f3 en la red social junto a una imagen saludando al mandatario local en el aeropuerto.<\/p>\n<blockquote class=\"twitter-tweet\">\n<p lang=\"en\" dir=\"ltr\">On my way to Argentina, I met with the Prime Minister of Cabo Verde <a href=\"https:\/\/twitter.com\/UlissesCorreiaa?ref_src=twsrc%5Etfw\">@UlissesCorreiaa<\/a>. The first meeting of leaders in the history of our bilateral relations.<\/p>\n<p>Cabo Verde\u2019s voice is one of democracy and support for us in the UN, endorsing resolutions that are crucial for Ukraine.\u2026 <a href=\"https:\/\/t.co\/s1Ggid0hqF\">pic.twitter.com\/s1Ggid0hqF<\/a><\/p>\n<p>\u2014 Volodymyr Zelenskyy \/ \u0412\u043e\u043b\u043e\u0434\u0438\u043c\u0438\u0440 \u0417\u0435\u043b\u0435\u043d\u0441\u044c\u043a\u0438\u0439 (@ZelenskyyUa) <a href=\"https:\/\/twitter.com\/ZelenskyyUa\/status\/1733573039902601534?ref_src=twsrc%5Etfw\">December 9, 2023<\/a><\/p><\/blockquote>\n<p>Zelenski, cuya visita a Argentina fue motivo de especulaciones esta semana, sin que hubiera informaci\u00f3n oficial al respecto, <strong>hab\u00eda felicitado a Milei por su triunfo electoral en el balotaje<\/strong> y le transmiti\u00f3 su \u00abaprecio\u00bb por la \u00abpostura clara de apoyo\u00bb a Ucrania en la guerra que mantiene con Rusia desde febrero de 2022.<\/p>\n<p>\u00abFelicitaciones a @JMilei por su contundente victoria en las elecciones presidenciales de Argentina. Aprecio su postura clara de apoyo a Ucrania. Espero trabajar juntos para fortalecer nuestra cooperaci\u00f3n y restaurar el orden internacional basado en el derecho internacional\u00bb, escribi\u00f3 en su momento el jefe del Estado ucraniano en sus redes. <\/p>\n<\/div>\n<p><script async src=\"\/\/platform.twitter.com\/widgets.js\" charset=\"utf-8\"><\/script><script async defer crossorigin=\"anonymous\" src=\"https:\/\/connect.facebook.net\/es_LA\/sdk.js#xfbml=1&#038;version=v12.0\" nonce=\"SBlHQzIF\"><\/script><br \/><a href=\"https:\/\/www.telam.com.ar\/notas\/202312\/649051-zelenski-confirmo-que-estara-en-la-asuncion-de-milei.html\">source<\/a><\/p>\n","protected":false},"excerpt":{"rendered":"<p>Volodimir Zelenski \/ Foto: AFP El presidente ucraniano, Volodimir Zelenski, confirm\u00f3 este s\u00e1bado que estar\u00e1&#8230;<\/p>\n","protected":false},"author":0,"featured_media":191968,"comment_status":"open","ping_status":"open","sticky":false,"template":"","format":"standard","meta":{"footnotes":""},"categories":[60],"tags":[],"class_list":["post-191967","post","type-post","status-publish","format-standard","has-post-thumbnail","hentry","category-internacional"],"featured_image_urls":{"full":["https:\/\/radiofenix.com.ar\/2023\/wp-content\/uploads\/2023\/12\/wp-header-logo-80.png",1200,675,false],"thumbnail":["https:\/\/radiofenix.com.ar\/2023\/wp-content\/uploads\/2023\/12\/wp-header-logo-80-150x150.png",150,150,true],"medium":["https:\/\/radiofenix.com.ar\/2023\/wp-content\/uploads\/2023\/12\/wp-header-logo-80-300x169.png",300,169,true],"medium_large":["https:\/\/radiofenix.com.ar\/2023\/wp-content\/uploads\/2023\/12\/wp-header-logo-80-768x432.png",640,360,true],"large":["https:\/\/radiofenix.com.ar\/2023\/wp-content\/uploads\/2023\/12\/wp-header-logo-80-1024x576.png",640,360,true],"1536x1536":["https:\/\/radiofenix.com.ar\/2023\/wp-content\/uploads\/2023\/12\/wp-header-logo-80.png",1200,675,false],"2048x2048":["https:\/\/radiofenix.com.ar\/2023\/wp-content\/uploads\/2023\/12\/wp-header-logo-80.png",1200,675,false],"newsium-slider-full":["https:\/\/radiofenix.com.ar\/2023\/wp-content\/uploads\/2023\/12\/wp-header-logo-80.png",1200,675,false],"newsium-featured":["https:\/\/radiofenix.com.ar\/2023\/wp-content\/uploads\/2023\/12\/wp-header-logo-80-1024x576.png",1024,576,true],"newsium-medium":["https:\/\/radiofenix.com.ar\/2023\/wp-content\/uploads\/2023\/12\/wp-header-logo-80-720x475.png",720,475,true]},"author_info":{"info":[""]},"category_info":"<a href=\"https:\/\/radiofenix.com.ar\/2023\/category\/internacional\/\" rel=\"category tag\">Internacional<\/a>","tag_info":"Internacional","comment_count":"0","_links":{"self":[{"href":"https:\/\/radiofenix.com.ar\/2023\/wp-json\/wp\/v2\/posts\/191967","targetHints":{"allow":["GET"]}}],"collection":[{"href":"https:\/\/radiofenix.com.ar\/2023\/wp-json\/wp\/v2\/posts"}],"about":[{"href":"https:\/\/radiofenix.com.ar\/2023\/wp-json\/wp\/v2\/types\/post"}],"replies":[{"embeddable":true,"href":"https:\/\/radiofenix.com.ar\/2023\/wp-json\/wp\/v2\/comments?post=191967"}],"version-history":[{"count":0,"href":"https:\/\/radiofenix.com.ar\/2023\/wp-json\/wp\/v2\/posts\/191967\/revisions"}],"wp:featuredmedia":[{"embeddable":true,"href":"https:\/\/radiofenix.com.ar\/2023\/wp-json\/wp\/v2\/media\/191968"}],"wp:attachment":[{"href":"https:\/\/radiofenix.com.ar\/2023\/wp-json\/wp\/v2\/media?parent=191967"}],"wp:term":[{"taxonomy":"category","embeddable":true,"href":"https:\/\/radiofenix.com.ar\/2023\/wp-json\/wp\/v2\/categories?post=191967"},{"taxonomy":"post_tag","embeddable":true,"href":"https:\/\/radiofenix.com.ar\/2023\/wp-json\/wp\/v2\/tags?post=191967"}],"curies":[{"name":"wp","href":"https:\/\/api.w.org\/{rel}","templated":true}]}}