{"id":191975,"date":"2023-12-11T08:58:02","date_gmt":"2023-12-11T08:58:02","guid":{"rendered":"https:\/\/radiofenix.com.ar\/2023\/ante-la-presencia-de-milei-monsenor-garcia-cuerva-pidio-mas-fraternidad-social\/"},"modified":"2023-12-11T08:58:02","modified_gmt":"2023-12-11T08:58:02","slug":"ante-la-presencia-de-milei-monsenor-garcia-cuerva-pidio-mas-fraternidad-social","status":"publish","type":"post","link":"https:\/\/radiofenix.com.ar\/2023\/ante-la-presencia-de-milei-monsenor-garcia-cuerva-pidio-mas-fraternidad-social\/","title":{"rendered":"Ante la presencia de Milei, monse\u00f1or Garc\u00eda Cuerva pidi\u00f3 m\u00e1s &quot;fraternidad social&quot;"},"content":{"rendered":"<div>\n<div class=\"video_repositive\"> <a class=\"video_sticky\" href=\"javascript:void();\" onclick=\"removeStuckVideo(true);\"><i class=\"far fa-window-close\"\/><\/a> <\/p>\n<div id=\"6HPgZLnQsvM\" class=\"video_telam\" style=\"background-image:url('https:\/\/img.youtube.com\/vi\/6HPgZLnQsvM\/hqdefault.jpg');background-position: center center;\">\n<div class=\"feature_article_inner\">\n<p><h2 class=\"text-center\">Milei particip\u00f3 de una ceremonia interreligiosa en la Catedral de Buenos Aires<\/h2>\n<\/p><\/div>\n<p>VER VIDEO <i class=\"fas fa-play\"\/><\/p>\n<\/p><\/div>\n<\/p><\/div>\n<p>El presidente Javier Milei particip\u00f3 este domingo por la tarde de una invocaci\u00f3n religiosa en la Catedral Metropolitana de Buenos Aires, la que fue presidida por el arzobispo de Buenos Aires y Primado de la Argentina, monse\u00f1or Jorge Ignacio Garc\u00eda Cuerva, en el marco de los actos por el inicio del nuevo Gobierno.<\/p>\n<p>El encuentro comenz\u00f3 poco antes de las 20 y cont\u00f3 con la participaci\u00f3n interreligiosa de los representantes de los cultos que se profesan en el pa\u00eds.<\/p>\n<p>En ese marco, adem\u00e1s de Garc\u00eda Cuerva, participaron el arzobispo griego, Iosif Bosch; el Obispo anglicano, Brian Williams; el representante de la Alianza Cristiana de Iglesias Evang\u00e9licas de la Argentina, pastor Christian Hooft; el rabino Shimon Axel Wahnish y Sheij Salim Delgado Dassum, representante de la comunidad isl\u00e1mica.<\/p>\n<div class=\"video_repositive\"> <a class=\"video_sticky\" href=\"javascript:void();\" onclick=\"removeStuckVideo(true);\"><i class=\"far fa-window-close\"\/><\/a> <\/p>\n<div id=\"CU-nrFsUqLc\" class=\"video_telam\" style=\"background-image:url('https:\/\/img.youtube.com\/vi\/CU-nrFsUqLc\/hqdefault.jpg');background-position: center center;\">\n<div class=\"feature_article_inner\">\n<p><h2 class=\"text-center\">Milei en la ceremonia interreligiosa en la Catedral Metropolitana<\/h2>\n<\/p><\/div>\n<p>VER VIDEO <i class=\"fas fa-play\"\/><\/p>\n<\/p><\/div>\n<\/p><\/div>\n<p>Garc\u00eda Cuerva dijo que<strong> \u00abnuestro pa\u00eds es nuestra casa\u00bb<\/strong> y refiri\u00f3 que<strong> \u00absomos conscientes que nuestra casa ha sufrido y sufre muchas tormentas; sufre torrentes de exclusi\u00f3n, de dignidades pisoteadas, de inflaci\u00f3n, de grietas, de intereses mezquinos, de desencanto y de sue\u00f1os rotos<\/strong>\u00ab.<\/p>\n<p>\u00abPor eso hoy nos toca a nosotros recordar, reforzar y valorar los cimientos que nos permitieron mantener viva la esperanza en lo momentos m\u00e1s ac\u00e9rrimos, porque siempre es posible renacer si lo hacemos entre todos\u00bb, agreg\u00f3, y cit\u00f3 tres cimientos.<\/p>\n<p><figure class=\"mb-3\"><img decoding=\"async\" src=\"https:\/\/www.telam.com.ar\/thumbs\/bluesteel\/advf\/imagenes\/2023\/12\/6576484e7771d_1200.jpg\" class=\" lazy \" width=\"100%\" height=\"100%\" alt=\"Foto Fernando Gens\"\/><figcaption> Foto: Fernando Gens. <\/figcaption><\/figure>\n<p><strong>\u00abUno de los cimientos m\u00e1s golpeados, que necesitamos forjar nuevamente es la fraternidad\u00bb<\/strong>, se\u00f1al\u00f3, y abog\u00f3 por \u00abinsistir una y mil veces con trabajar la unidad entre los argentinos\u00bb, y de tener \u00abuna fraternidad que reconozca e inclusive valore las diferencias, y que estas no sean usadas para fragmentar, dividir o enfrentarnos m\u00e1s, sino para encontrar nuevas respuestas a los problemas que hoy acucian\u00bb.<\/p>\n<p>El arzobispo de Buenos Aires subray\u00f3 que <strong>\u00ablas heridas y urgencias de nuestro pueblo piden a todos, pero especialmente a la clase dirigente la capacidad de comprometerse con la fraternidad social\u00bb<\/strong>, que \u00abexige la radicalidad de no enfrentarnos unos contra otros\u00bb.<\/p>\n<p>\u00abEl segundo cimiento a recuperar para que ese sue\u00f1o llamado Patria siga inspirando a las nuevas generaciones, es la libertad\u00bb, consign\u00f3 Garc\u00eda Cuerva.<\/p>\n<p><figure class=\"mb-3\"><img decoding=\"async\" src=\"https:\/\/www.telam.com.ar\/thumbs\/bluesteel\/advf\/imagenes\/2023\/12\/6576484e62d0d_1200.jpg\" class=\" lazy \" width=\"100%\" height=\"100%\" alt=\"Foto Fernando Gens\"\/><figcaption> Foto: Fernando Gens. <\/figcaption><\/figure>\n<p>Y ampli\u00f3: \u00abComo hermanos en la fe, todos los aqu\u00ed presentes compartimos la creencia en un Dios liberador. Un Dios que nos quiere liberar de la opresi\u00f3n, de la codicia y la avaricia, de la injusticia y la iniquidad, y de toda forma de violencia; un Dios que nos hace libres, s\u00ed, pero para ser m\u00e1s dignos y solidarios\u00bb y <strong>\u00abcomprometernos especialmente con los que m\u00e1s sufren\u00bb.<\/strong><\/p>\n<p>\u00abComo nos dice el Papa Francisco: la verdadera libertad se expresa plenamente en la caridad. No hay libertad sin amor. Sabemos que una de las concepciones modernas m\u00e1s difundidas sobre la libertad es esta: \u00abmi libertad termina donde empieza la tuya\u00bb. \u00a1Pero aqu\u00ed falta la relaci\u00f3n, el v\u00ednculo! Es una visi\u00f3n individualista\u00bb, refiri\u00f3 el religioso.<\/p>\n<p>Y prosigui\u00f3: \u00abQuien ha recibido el don de la liberaci\u00f3n obrada por Dios no puede pensar que la libertad consiste en el estar lejos de los otros, sinti\u00e9ndoles como molestia, no puede ver el ser humano encerrado en s\u00ed mismo, sino siempre incluido en una comunidad\u00bb y marc\u00f3 que \u00abla dimensi\u00f3n social es fundamental y nos permite mirar al bien com\u00fan y no solo al inter\u00e9s privado\u00bb.<\/p>\n<p><figure class=\"mb-3\"><img decoding=\"async\" src=\"https:\/\/www.telam.com.ar\/thumbs\/bluesteel\/advf\/imagenes\/2023\/06\/649d632cacd93_1200.jpg\" class=\" lazy \" width=\"100%\" height=\"100%\" alt=\"El arzobispo porteo preside una ceremonia interreligiosa \"\/><figcaption> El arzobispo porte\u00f1o preside una ceremonia interreligiosa. <\/figcaption><\/figure>\n<p>El tercer cimiento <strong>\u00abes la memoria\u00bb,<\/strong> expres\u00f3 Garc\u00eda Cuerva, es \u00abrecuperar nuestra historia y reconocer a los hombres y mujeres que forjaron la Patria desde sus inicios y que cimentaron las bases de la organizaci\u00f3n nacional\u00bb, como \u00abla soberan\u00eda popular, el sistema representativo, la forma republicana, el federalismo\u00bb.<\/p>\n<p>\u00abEl testimonio de nuestros pr\u00f3ceres y de tantos otros, su reflexi\u00f3n y su accionar, con sus luces y sombras, son otro cimiento fundamental. <strong>No usemos sus nombres para desunir a los argentinos<\/strong>\u00ab, enfatiz\u00f3.<\/p>\n<p><figure class=\"mb-3\"><img decoding=\"async\" src=\"https:\/\/www.telam.com.ar\/thumbs\/bluesteel\/advf\/imagenes\/2023\/12\/6576484e4c326_1200.jpg\" class=\" lazy \" width=\"100%\" height=\"100%\" alt=\"Foto Fernando Gens\"\/><figcaption> Foto: Fernando Gens. <\/figcaption><\/figure>\n<p>\u00abHoy es revolucionario sostenernos en la esperanza y crear oportunidades; por eso invocamos al Esp\u00edritu Santo, fuerza y amor de Dios, para que nos ayude a fraguar los cimientos de la Patria, y as\u00ed, entre todos, construir nuestra casa, nuestra amada Argentina\u00bb, concluy\u00f3 el arzobispo porte\u00f1o. <\/p>\n<\/div>\n<p><script async defer crossorigin=\"anonymous\" src=\"https:\/\/connect.facebook.net\/es_LA\/sdk.js#xfbml=1&#038;version=v12.0\" nonce=\"SBlHQzIF\"><\/script><br \/><a href=\"https:\/\/www.telam.com.ar\/notas\/202312\/649113-arzobispo-actividad-catedral.html\">source<\/a><\/p>\n","protected":false},"excerpt":{"rendered":"<p>Milei particip\u00f3 de una ceremonia interreligiosa en la Catedral de Buenos Aires VER VIDEO El&#8230;<\/p>\n","protected":false},"author":2,"featured_media":191976,"comment_status":"open","ping_status":"open","sticky":false,"template":"","format":"standard","meta":{"footnotes":""},"categories":[6],"tags":[],"class_list":["post-191975","post","type-post","status-publish","format-standard","has-post-thumbnail","hentry","category-ultimasnoticias"],"featured_image_urls":{"full":["https:\/\/radiofenix.com.ar\/2023\/wp-content\/uploads\/2023\/12\/wp-header-logo-84.png",1200,675,false],"thumbnail":["https:\/\/radiofenix.com.ar\/2023\/wp-content\/uploads\/2023\/12\/wp-header-logo-84-150x150.png",150,150,true],"medium":["https:\/\/radiofenix.com.ar\/2023\/wp-content\/uploads\/2023\/12\/wp-header-logo-84-300x169.png",300,169,true],"medium_large":["https:\/\/radiofenix.com.ar\/2023\/wp-content\/uploads\/2023\/12\/wp-header-logo-84-768x432.png",640,360,true],"large":["https:\/\/radiofenix.com.ar\/2023\/wp-content\/uploads\/2023\/12\/wp-header-logo-84-1024x576.png",640,360,true],"1536x1536":["https:\/\/radiofenix.com.ar\/2023\/wp-content\/uploads\/2023\/12\/wp-header-logo-84.png",1200,675,false],"2048x2048":["https:\/\/radiofenix.com.ar\/2023\/wp-content\/uploads\/2023\/12\/wp-header-logo-84.png",1200,675,false],"newsium-slider-full":["https:\/\/radiofenix.com.ar\/2023\/wp-content\/uploads\/2023\/12\/wp-header-logo-84.png",1200,675,false],"newsium-featured":["https:\/\/radiofenix.com.ar\/2023\/wp-content\/uploads\/2023\/12\/wp-header-logo-84-1024x576.png",1024,576,true],"newsium-medium":["https:\/\/radiofenix.com.ar\/2023\/wp-content\/uploads\/2023\/12\/wp-header-logo-84-720x475.png",720,475,true]},"author_info":{"info":["c1500921"]},"category_info":"<a href=\"https:\/\/radiofenix.com.ar\/2023\/category\/ultimasnoticias\/\" rel=\"category tag\">Ultimas Noticias<\/a>","tag_info":"Ultimas Noticias","comment_count":"0","_links":{"self":[{"href":"https:\/\/radiofenix.com.ar\/2023\/wp-json\/wp\/v2\/posts\/191975","targetHints":{"allow":["GET"]}}],"collection":[{"href":"https:\/\/radiofenix.com.ar\/2023\/wp-json\/wp\/v2\/posts"}],"about":[{"href":"https:\/\/radiofenix.com.ar\/2023\/wp-json\/wp\/v2\/types\/post"}],"author":[{"embeddable":true,"href":"https:\/\/radiofenix.com.ar\/2023\/wp-json\/wp\/v2\/users\/2"}],"replies":[{"embeddable":true,"href":"https:\/\/radiofenix.com.ar\/2023\/wp-json\/wp\/v2\/comments?post=191975"}],"version-history":[{"count":0,"href":"https:\/\/radiofenix.com.ar\/2023\/wp-json\/wp\/v2\/posts\/191975\/revisions"}],"wp:featuredmedia":[{"embeddable":true,"href":"https:\/\/radiofenix.com.ar\/2023\/wp-json\/wp\/v2\/media\/191976"}],"wp:attachment":[{"href":"https:\/\/radiofenix.com.ar\/2023\/wp-json\/wp\/v2\/media?parent=191975"}],"wp:term":[{"taxonomy":"category","embeddable":true,"href":"https:\/\/radiofenix.com.ar\/2023\/wp-json\/wp\/v2\/categories?post=191975"},{"taxonomy":"post_tag","embeddable":true,"href":"https:\/\/radiofenix.com.ar\/2023\/wp-json\/wp\/v2\/tags?post=191975"}],"curies":[{"name":"wp","href":"https:\/\/api.w.org\/{rel}","templated":true}]}}