{"id":191979,"date":"2023-12-12T08:57:37","date_gmt":"2023-12-12T08:57:37","guid":{"rendered":"https:\/\/radiofenix.com.ar\/2023\/cremaron-los-restos-de-la-mujer-asesinada-en-buzios-y-repatriaran-sus-cenizas\/"},"modified":"2023-12-12T08:57:37","modified_gmt":"2023-12-12T08:57:37","slug":"cremaron-los-restos-de-la-mujer-asesinada-en-buzios-y-repatriaran-sus-cenizas","status":"publish","type":"post","link":"https:\/\/radiofenix.com.ar\/2023\/cremaron-los-restos-de-la-mujer-asesinada-en-buzios-y-repatriaran-sus-cenizas\/","title":{"rendered":"Cremaron los restos de la mujer asesinada en Buzios y repatriar\u00e1n sus cenizas"},"content":{"rendered":"<div>\n<figure class=\"mb-3\"><img decoding=\"async\" src=\"https:\/\/www.telam.com.ar\/thumbs\/bluesteel\/advf\/imagenes\/2023\/12\/6570fe46c56cc_1200.jpg\" class=\" lazy \" width=\"100%\" height=\"100%\" alt=\"El cuerpo de la mujer fue hallado el mircoles pasado poco despus de las 7 en un sendero prximo a la playa del barrio Jos Gonalves Foto Fuentes de la investigacin\"\/><figcaption> El cuerpo de la mujer fue hallado el mi\u00e9rcoles pasado poco despu\u00e9s de las 7, en un sendero pr\u00f3ximo a la playa del barrio Jos\u00e9 Gon\u00e7alves \/ Foto: Fuentes de la investigaci\u00f3n. <\/figcaption><\/figure>\n<p>Los restos de Florencia Aranguren, la mujer asesinada a pu\u00f1aladas el mi\u00e9rcoles \u00faltimo en la localidad balnearia de Buzios, en el estado brasile\u00f1o de R\u00edo de Janeiro, fueron cremados este s\u00e1bado y sus familiares realizaron los tr\u00e1mites correspondientes para llevar las cenizas a Buenos Aires.<\/p>\n<p>De acuerdo a lo informado por la cadena de noticias brasile\u00f1a Globonews, el cuerpo de Aranguren (31) fue cremado este s\u00e1bado en el<strong> Cementerio Memorial de R\u00edo de Janeiro<\/strong>, ubicado en la zona norte de la ciudad.<\/p>\n<p>Estuvo presente la hermana de la v\u00edctima, Mariana Aranguren, y el cu\u00f1ado, quienes llegaron el jueves a la <strong>ciudad de Cabo Fr\u00edo, donde se realiz\u00f3 la autopsia<\/strong> correspondiente.<\/p>\n<p>Mariana Aranguren se encarg\u00f3 de realizar los tr\u00e1mites correspondientes para obtener la autorizaci\u00f3n judicial que permitiera llevar a cabo la cremaci\u00f3n.<\/p>\n<p><figure class=\"mb-3\"><img decoding=\"async\" src=\"https:\/\/www.telam.com.ar\/thumbs\/bluesteel\/advf\/imagenes\/2023\/12\/6570fe472ae84_1200.jpg\" class=\" lazy \" width=\"100%\" height=\"100%\" alt=\"Cuando se llev al acusado a la escena del crimen el perro de la vctima comenz a ladrar Foto Fuentes de la investigacin\"\/><figcaption> Cuando se llev\u00f3 al acusado a la escena del crimen, el perro de la v\u00edctima comenz\u00f3 a ladrar \/ Foto: Fuentes de la investigaci\u00f3n. <\/figcaption><\/figure>\n<p>En el cementerio tambi\u00e9n estuvo <strong>\u00abTronco\u00bb, el perro de la v\u00edctima, quien se qued\u00f3 junt\u00f3 al cad\u00e1ver de su due\u00f1a<\/strong> mientras se peritaba la escena del crimen, y que tambi\u00e9n comenz\u00f3 a ladrar cuando el presunto homicida fue llevado a ese lugar.<\/p>\n<p>Obtenida la autorizaci\u00f3n por parte de la Justicia brasile\u00f1a, en las pr\u00f3ximas horas la hermana de la v\u00edctima regresar\u00e1 a Buenos Aires con las cenizas, para que Florencia Aranguren sea despedida por el resto de sus familiares y amigos.<\/p>\n<p>Este viernes, decenas de personas marcharon por las calles de Buzios al grito de \u00abVivas nos queremos\u00bb para pedir justicia por el crimen de Aranguren, y colocaron una bandera frente al ayuntamiento con la leyenda<strong> \u00abBuzios tus mujeres lloran por los femicidios\u00bb<\/strong>.<\/p>\n<blockquote class=\"\"><p>Este viernes, decenas de personas marcharon por las calles de Buzios al grito de \u00abViva nos queremos\u00bb<\/p><\/blockquote>\n<p>El cuerpo de la mujer fue hallado el <strong>mi\u00e9rcoles poco despu\u00e9s de las 7<\/strong>, en un sendero pr\u00f3ximo a la playa del barrio Jos\u00e9 Gon\u00e7alves.<\/p>\n<p>De acuerdo con las<strong> im\u00e1genes de una c\u00e1mara de seguridad<\/strong> difundida por medios locales, a las 7.05 la joven qued\u00f3 registrada cuando caminaba por la vereda de una cinta asf\u00e1ltica sin tr\u00e1nsito vehicular, llevando a su perro de la correa y con una mochila oscura sobre sus hombros, hasta que lleg\u00f3 a una curva que gira hacia la derecha y se perdi\u00f3 de vista detr\u00e1s de la vegetaci\u00f3n al costado del camino.<\/p>\n<p><figure class=\"mb-3\"><img decoding=\"async\" src=\"https:\/\/www.telam.com.ar\/thumbs\/bluesteel\/advf\/imagenes\/2023\/12\/6570fe46e9d2a_1200.jpg\" class=\" lazy \" width=\"100%\" height=\"100%\" alt=\"El perro de Aranguren Tronco se qued junto al cuerpo mientras que se realizaban los peritajes en la escena del crimen Foto Fuentes de la investigacin\"\/><figcaption> El perro de Aranguren, Tronco, se qued\u00f3 junto al cuerpo mientras que se realizaban los peritajes en la escena del crimen \/ Foto: Fuentes de la investigaci\u00f3n. <\/figcaption><\/figure>\n<p>Seg\u00fan fuentes del ayuntamiento local, fue un vecino que caminaba por el sendero quien encontr\u00f3 el cuerpo y dio aviso a la polic\u00eda.<\/p>\n<p>Tras este alerta, los efectivos se trasladaron hasta el lugar y junto al cuerpo de la v\u00edctima estaba su perro, que ten\u00eda manchas de sangre, agregaron las fuentes.<\/p>\n<p>Poco despu\u00e9s tom\u00f3 intervenci\u00f3n en la investigaci\u00f3n la Polic\u00eda Militar de R\u00edo de Janeiro, que apres\u00f3 a un sospechoso en un domicilio cercano a la escena del crimen.<\/p>\n<p>Seg\u00fan los voceros, el acusado se hab\u00eda ba\u00f1ado, aunque se encontr\u00f3 en su poder ropa interior con manchas de sangre que fue secuestrada para ser analizada y ver si se corresponde con la de Aranguren.<\/p>\n<p><figure class=\"mb-3\"><img decoding=\"async\" src=\"https:\/\/www.telam.com.ar\/thumbs\/bluesteel\/advf\/imagenes\/2023\/12\/6570fe4711f85_1200.jpg\" class=\" lazy \" width=\"100%\" height=\"100%\" alt=\"Foto Fuentes de la investigacin\"\/><figcaption> Foto: Fuentes de la investigaci\u00f3n. <\/figcaption><\/figure>\n<p>Al ser detenido, <strong>el hombre fue llevado hacia la escena del crimen, donde el perro de Aranguren comenz\u00f3 a ladrar <\/strong>de manera incesante ante su presencia, explicaron.<\/p>\n<p>A su vez, el sospechoso ten\u00eda marcas en su cuerpo, por lo que se procurar\u00e1 establecer mediante <strong>peritajes <\/strong>si se trata de rasgu\u00f1os producidos en un forcejeo con la v\u00edctima.<\/p>\n<p>Por su parte, el Ayuntamiento de Buzios asegur\u00f3 en un comunicado, al que tuvo acceso T\u00e9lam, que refuerza su \u00abcompromiso con la b\u00fasqueda de la verdad y la justicia, sumando esfuerzos con los \u00f3rganos responsables para garantizar que este crimen no quede impune\u00bb.<\/p>\n<h2 class=\"\">Caso similar en 2022 en Buzios<\/h2>\n<p>En abril de 2022, tambi\u00e9n en Buzios, la <strong>argentina Evangelina Mariel Trotta (48), due\u00f1a de una empresa de alquiler de buggies <\/strong>en esa zona, fue encontrada asesinada a pu\u00f1aladas y d\u00edas despu\u00e9s s<strong>u exmarido y padre de sus hijos, que era buscado por el femicidio, se suicid\u00f3 de un disparo.<\/strong><\/div>\n<p><script async defer crossorigin=\"anonymous\" src=\"https:\/\/connect.facebook.net\/es_LA\/sdk.js#xfbml=1&#038;version=v12.0\" nonce=\"SBlHQzIF\"><\/script><br \/><a href=\"https:\/\/www.telam.com.ar\/notas\/202312\/649044-buzios-mujer-asesinada-cremacion.html\">source<\/a><\/p>\n","protected":false},"excerpt":{"rendered":"<p>El cuerpo de la mujer fue hallado el mi\u00e9rcoles pasado poco despu\u00e9s de las 7,&#8230;<\/p>\n","protected":false},"author":0,"featured_media":191980,"comment_status":"open","ping_status":"open","sticky":false,"template":"","format":"standard","meta":{"footnotes":""},"categories":[7],"tags":[],"class_list":["post-191979","post","type-post","status-publish","format-standard","has-post-thumbnail","hentry","category-sociedad"],"featured_image_urls":{"full":["https:\/\/radiofenix.com.ar\/2023\/wp-content\/uploads\/2023\/12\/wp-header-logo-86.png",1200,675,false],"thumbnail":["https:\/\/radiofenix.com.ar\/2023\/wp-content\/uploads\/2023\/12\/wp-header-logo-86-150x150.png",150,150,true],"medium":["https:\/\/radiofenix.com.ar\/2023\/wp-content\/uploads\/2023\/12\/wp-header-logo-86-300x169.png",300,169,true],"medium_large":["https:\/\/radiofenix.com.ar\/2023\/wp-content\/uploads\/2023\/12\/wp-header-logo-86-768x432.png",640,360,true],"large":["https:\/\/radiofenix.com.ar\/2023\/wp-content\/uploads\/2023\/12\/wp-header-logo-86-1024x576.png",640,360,true],"1536x1536":["https:\/\/radiofenix.com.ar\/2023\/wp-content\/uploads\/2023\/12\/wp-header-logo-86.png",1200,675,false],"2048x2048":["https:\/\/radiofenix.com.ar\/2023\/wp-content\/uploads\/2023\/12\/wp-header-logo-86.png",1200,675,false],"newsium-slider-full":["https:\/\/radiofenix.com.ar\/2023\/wp-content\/uploads\/2023\/12\/wp-header-logo-86.png",1200,675,false],"newsium-featured":["https:\/\/radiofenix.com.ar\/2023\/wp-content\/uploads\/2023\/12\/wp-header-logo-86-1024x576.png",1024,576,true],"newsium-medium":["https:\/\/radiofenix.com.ar\/2023\/wp-content\/uploads\/2023\/12\/wp-header-logo-86-720x475.png",720,475,true]},"author_info":{"info":[""]},"category_info":"<a href=\"https:\/\/radiofenix.com.ar\/2023\/category\/sociedad\/\" rel=\"category tag\">Sociedad<\/a>","tag_info":"Sociedad","comment_count":"0","_links":{"self":[{"href":"https:\/\/radiofenix.com.ar\/2023\/wp-json\/wp\/v2\/posts\/191979","targetHints":{"allow":["GET"]}}],"collection":[{"href":"https:\/\/radiofenix.com.ar\/2023\/wp-json\/wp\/v2\/posts"}],"about":[{"href":"https:\/\/radiofenix.com.ar\/2023\/wp-json\/wp\/v2\/types\/post"}],"replies":[{"embeddable":true,"href":"https:\/\/radiofenix.com.ar\/2023\/wp-json\/wp\/v2\/comments?post=191979"}],"version-history":[{"count":0,"href":"https:\/\/radiofenix.com.ar\/2023\/wp-json\/wp\/v2\/posts\/191979\/revisions"}],"wp:featuredmedia":[{"embeddable":true,"href":"https:\/\/radiofenix.com.ar\/2023\/wp-json\/wp\/v2\/media\/191980"}],"wp:attachment":[{"href":"https:\/\/radiofenix.com.ar\/2023\/wp-json\/wp\/v2\/media?parent=191979"}],"wp:term":[{"taxonomy":"category","embeddable":true,"href":"https:\/\/radiofenix.com.ar\/2023\/wp-json\/wp\/v2\/categories?post=191979"},{"taxonomy":"post_tag","embeddable":true,"href":"https:\/\/radiofenix.com.ar\/2023\/wp-json\/wp\/v2\/tags?post=191979"}],"curies":[{"name":"wp","href":"https:\/\/api.w.org\/{rel}","templated":true}]}}