{"id":191997,"date":"2023-12-13T08:57:35","date_gmt":"2023-12-13T08:57:35","guid":{"rendered":"https:\/\/radiofenix.com.ar\/2023\/rusia-esta-interesada-en-desarrollar-las-relaciones-bilaterales-con-argentina\/"},"modified":"2023-12-13T08:57:35","modified_gmt":"2023-12-13T08:57:35","slug":"rusia-esta-interesada-en-desarrollar-las-relaciones-bilaterales-con-argentina","status":"publish","type":"post","link":"https:\/\/radiofenix.com.ar\/2023\/rusia-esta-interesada-en-desarrollar-las-relaciones-bilaterales-con-argentina\/","title":{"rendered":"Rusia est\u00e1 &quot;interesada en desarrollar las relaciones bilaterales&quot; con Argentina"},"content":{"rendered":"<div>\n<figure class=\"mb-3\"><img decoding=\"async\" src=\"https:\/\/www.telam.com.ar\/thumbs\/bluesteel\/advf\/imagenes\/2022\/03\/6238741f88297_1200.jpg\" class=\" lazy \" width=\"100%\" height=\"100%\" alt=\"Foto Archivo\"\/><figcaption> Foto: Archivo <\/figcaption><\/figure>\n<p> Rusia indic\u00f3 este martes que est\u00e1 \u00abinteresada en desarrollar las relaciones bilaterales\u00bb con la Argentina, tras la asunci\u00f3n de Javier Milei a la Presidencia, y que se enfocar\u00e1 en \u00ablos intereses comunes\u00bb.<\/p>\n<p><strong>\u00abTenemos la intenci\u00f3n de concentrarnos en nuestros intereses comunes con Argentina, por lo tanto, estamos interesados en desarrollar nuestras relaciones bilaterales\u00bb,<\/strong> dijo el portavoz del Kremlin, Dmitri Peskov, en conferencia de prensa citada por la agencia de noticias Sputnik.<\/p>\n<p>El vocero le rest\u00f3 importancia al apoyo a Ucrania expresado durante la campa\u00f1a por Milei, quien mantuvo una reuni\u00f3n bilateral con el presidente ucraniano, Volodomir Zelenski, en Buenos Aires.<\/p>\n<p>Durante esa visita, Zelenski manifest\u00f3 que \u00abhay un viento nuevo en Argentina\u00bb y ratific\u00f3 que Milei y \u00abel pueblo argentino\u00bb apoyan a Ucrania en la guerra con Rusia.<\/p>\n<p>El mandatario particip\u00f3 de los actos de jura de Milei, mientras que Rusia fue representada por su embajador en el pa\u00eds, Dmitri Feoktistov.<\/p>\n<p>En ese marco, Peskov resalt\u00f3 que el Kremlin respeta que la Argentina desarrolle sus relaciones con terceros pa\u00edses, ya que es su <strong>\u00abderecho soberano\u00bb.<\/strong> <\/p>\n<\/div>\n<p><script async defer crossorigin=\"anonymous\" src=\"https:\/\/connect.facebook.net\/es_LA\/sdk.js#xfbml=1&#038;version=v12.0\" nonce=\"SBlHQzIF\"><\/script><br \/><a href=\"https:\/\/www.telam.com.ar\/notas\/202312\/649273-rusia-interesada-relaciones-bilaterales-argentina-kremlin.html\">source<\/a><\/p>\n","protected":false},"excerpt":{"rendered":"<p>Foto: Archivo Rusia indic\u00f3 este martes que est\u00e1 \u00abinteresada en desarrollar las relaciones bilaterales\u00bb con&#8230;<\/p>\n","protected":false},"author":0,"featured_media":191998,"comment_status":"open","ping_status":"open","sticky":false,"template":"","format":"standard","meta":{"footnotes":""},"categories":[60],"tags":[],"class_list":["post-191997","post","type-post","status-publish","format-standard","has-post-thumbnail","hentry","category-internacional"],"featured_image_urls":{"full":["https:\/\/radiofenix.com.ar\/2023\/wp-content\/uploads\/2023\/12\/wp-header-logo-95.png",1200,675,false],"thumbnail":["https:\/\/radiofenix.com.ar\/2023\/wp-content\/uploads\/2023\/12\/wp-header-logo-95-150x150.png",150,150,true],"medium":["https:\/\/radiofenix.com.ar\/2023\/wp-content\/uploads\/2023\/12\/wp-header-logo-95-300x169.png",300,169,true],"medium_large":["https:\/\/radiofenix.com.ar\/2023\/wp-content\/uploads\/2023\/12\/wp-header-logo-95-768x432.png",640,360,true],"large":["https:\/\/radiofenix.com.ar\/2023\/wp-content\/uploads\/2023\/12\/wp-header-logo-95-1024x576.png",640,360,true],"1536x1536":["https:\/\/radiofenix.com.ar\/2023\/wp-content\/uploads\/2023\/12\/wp-header-logo-95.png",1200,675,false],"2048x2048":["https:\/\/radiofenix.com.ar\/2023\/wp-content\/uploads\/2023\/12\/wp-header-logo-95.png",1200,675,false],"newsium-slider-full":["https:\/\/radiofenix.com.ar\/2023\/wp-content\/uploads\/2023\/12\/wp-header-logo-95.png",1200,675,false],"newsium-featured":["https:\/\/radiofenix.com.ar\/2023\/wp-content\/uploads\/2023\/12\/wp-header-logo-95-1024x576.png",1024,576,true],"newsium-medium":["https:\/\/radiofenix.com.ar\/2023\/wp-content\/uploads\/2023\/12\/wp-header-logo-95-720x475.png",720,475,true]},"author_info":{"info":[""]},"category_info":"<a href=\"https:\/\/radiofenix.com.ar\/2023\/category\/internacional\/\" rel=\"category tag\">Internacional<\/a>","tag_info":"Internacional","comment_count":"0","_links":{"self":[{"href":"https:\/\/radiofenix.com.ar\/2023\/wp-json\/wp\/v2\/posts\/191997","targetHints":{"allow":["GET"]}}],"collection":[{"href":"https:\/\/radiofenix.com.ar\/2023\/wp-json\/wp\/v2\/posts"}],"about":[{"href":"https:\/\/radiofenix.com.ar\/2023\/wp-json\/wp\/v2\/types\/post"}],"replies":[{"embeddable":true,"href":"https:\/\/radiofenix.com.ar\/2023\/wp-json\/wp\/v2\/comments?post=191997"}],"version-history":[{"count":0,"href":"https:\/\/radiofenix.com.ar\/2023\/wp-json\/wp\/v2\/posts\/191997\/revisions"}],"wp:featuredmedia":[{"embeddable":true,"href":"https:\/\/radiofenix.com.ar\/2023\/wp-json\/wp\/v2\/media\/191998"}],"wp:attachment":[{"href":"https:\/\/radiofenix.com.ar\/2023\/wp-json\/wp\/v2\/media?parent=191997"}],"wp:term":[{"taxonomy":"category","embeddable":true,"href":"https:\/\/radiofenix.com.ar\/2023\/wp-json\/wp\/v2\/categories?post=191997"},{"taxonomy":"post_tag","embeddable":true,"href":"https:\/\/radiofenix.com.ar\/2023\/wp-json\/wp\/v2\/tags?post=191997"}],"curies":[{"name":"wp","href":"https:\/\/api.w.org\/{rel}","templated":true}]}}