{"id":192003,"date":"2023-12-13T08:57:42","date_gmt":"2023-12-13T08:57:42","guid":{"rendered":"https:\/\/radiofenix.com.ar\/2023\/taylor-swift-batio-el-record-de-recaudacion-mundial-en-2023-con-the-eras-tour\/"},"modified":"2023-12-13T08:57:42","modified_gmt":"2023-12-13T08:57:42","slug":"taylor-swift-batio-el-record-de-recaudacion-mundial-en-2023-con-the-eras-tour","status":"publish","type":"post","link":"https:\/\/radiofenix.com.ar\/2023\/taylor-swift-batio-el-record-de-recaudacion-mundial-en-2023-con-the-eras-tour\/","title":{"rendered":"Taylor Swift bati\u00f3 el r\u00e9cord de recaudaci\u00f3n mundial en 2023 con &quot;The Eras Tour&quot;"},"content":{"rendered":"<div>\n<figure class=\"mb-3\"><img decoding=\"async\" src=\"https:\/\/www.telam.com.ar\/thumbs\/bluesteel\/advf\/imagenes\/2023\/11\/654d7cc809947_1200.jpg\" class=\" lazy \" width=\"100%\" height=\"100%\" alt=\"Esta semana la artista de 33 aos nacida en Pensilvania tambin fue tapa de la revista Time como la Persona del Ao Foto Pablo Aeli\"\/><figcaption> Esta semana, la artista de 33 a\u00f1os nacida en Pensilvania tambi\u00e9n fue tapa de la revista Time como la Persona del A\u00f1o \/ Foto: Pablo A\u00f1eli. <\/figcaption><\/figure>\n<p> Taylor Swift, la megaestrella del pop a nivel global, rompi\u00f3 todos los r\u00e9cords de recaudaci\u00f3n en giras y shows en vivo del 2023 con \u00abThe Eras Tour\u00bb al superar los mil millones de d\u00f3lares en entradas vendidas, una cifra que, se espera, podr\u00eda duplicarse con las presentaciones que la cantautora estadounidense tiene previstas para el a\u00f1o pr\u00f3ximo.<\/p>\n<p>De acuerdo con la prestigiosa revista de negocios Fortune, Swift encabez\u00f3 todo el per\u00edodo noviembre 2022-noviembre 2023 con la venta de cerca de 4,3 millones de localidades en 60 shows, a los que se le suma una cosecha de aproximadamente 200 millones de d\u00f3lares de ganancias en merchandising.<\/p>\n<p>Adem\u00e1s, la publicaci\u00f3n especializada Pollstar proyect\u00f3 que <strong>\u00abThe Eras Tour\u00bb<\/strong>, de continuar con este nivel de furor y convocatoria alrededor del mundo, <strong>podr\u00eda alcanzar los dos mil millones de d\u00f3lares de recaudaci\u00f3n<\/strong>, considerando las docenas de conciertos que dar\u00e1 en Estados Unidos y otros pa\u00edses.<\/p>\n<blockquote class=\"\"><p>El 12 de noviembre pasado, Taylor Swift cerr\u00f3 su inolvidable serie de tres presentaciones en el estadio River Plate, que marc\u00f3 su debut en Argentina con una visita que quedar\u00e1 sin dudas inmortalizada<\/p><\/blockquote>\n<p> Esta semana, la <strong>artista de 33 a\u00f1os<\/strong> nacida en Pensilvania tambi\u00e9n fue<strong> tapa de la revista Time como la Persona del A\u00f1o<\/strong>, lo que consider\u00f3 uno de los \u00abmomentos decisivos\u00bb en su carrera, junto al tour -iniciado en marzo pasado- y a la <strong>pel\u00edcula<\/strong> basada en ese ambicioso calendario de shows, que <strong>ya embols\u00f3 250 millones de d\u00f3lares en la taquilla global.<\/strong><\/p>\n<p>Por debajo de Swift, el ranking ubic\u00f3 a Beyonc\u00e9, con el \u00abRenaissance World Tour\u00bb; Bruce Springsteen &amp; The E Street Band y el \u00ab2023 Tour\u00bb; Coldplay, con el muy exitoso \u00abMusic of the Spheres World Tour\u00bb; y Harry Styles, en quinto puesto con \u00abLove On Tour\u00bb.<\/p>\n<p>La n\u00f3mina se completa con la presencia del cantante de m\u00fasica country Morgan Wallen, el ingl\u00e9s Ed Sheeran, P!nk, The Weeknd y el rapero canadiense Drake.<\/p>\n<p>El 12 de noviembre pasado, Taylor Swift cerr\u00f3 su inolvidable serie de tres presentaciones en el estadio River Plate, que marc\u00f3 su debut en Argentina con una visita que quedar\u00e1 sin dudas inmortalizada por el fen\u00f3meno social que gener\u00f3 a su alrededor y por el impresionante despliegue esc\u00e9nico del espect\u00e1culo con el que <strong>repasa, en diez actos, cada una de las etapas que conforman su trayectoria.<\/strong><\/p>\n<\/div>\n<p><script async defer crossorigin=\"anonymous\" src=\"https:\/\/connect.facebook.net\/es_LA\/sdk.js#xfbml=1&#038;version=v12.0\" nonce=\"SBlHQzIF\"><\/script><br \/><a href=\"https:\/\/www.telam.com.ar\/notas\/202312\/648990-taylor-swift-record-recaudacion-mundial.html\">source<\/a><\/p>\n","protected":false},"excerpt":{"rendered":"<p>Esta semana, la artista de 33 a\u00f1os nacida en Pensilvania tambi\u00e9n fue tapa de la&#8230;<\/p>\n","protected":false},"author":0,"featured_media":192004,"comment_status":"open","ping_status":"open","sticky":false,"template":"","format":"standard","meta":{"footnotes":""},"categories":[4],"tags":[],"class_list":["post-192003","post","type-post","status-publish","format-standard","has-post-thumbnail","hentry","category-espectaculos"],"featured_image_urls":{"full":["https:\/\/radiofenix.com.ar\/2023\/wp-content\/uploads\/2023\/12\/wp-header-logo-98.png",1200,675,false],"thumbnail":["https:\/\/radiofenix.com.ar\/2023\/wp-content\/uploads\/2023\/12\/wp-header-logo-98-150x150.png",150,150,true],"medium":["https:\/\/radiofenix.com.ar\/2023\/wp-content\/uploads\/2023\/12\/wp-header-logo-98-300x169.png",300,169,true],"medium_large":["https:\/\/radiofenix.com.ar\/2023\/wp-content\/uploads\/2023\/12\/wp-header-logo-98-768x432.png",640,360,true],"large":["https:\/\/radiofenix.com.ar\/2023\/wp-content\/uploads\/2023\/12\/wp-header-logo-98-1024x576.png",640,360,true],"1536x1536":["https:\/\/radiofenix.com.ar\/2023\/wp-content\/uploads\/2023\/12\/wp-header-logo-98.png",1200,675,false],"2048x2048":["https:\/\/radiofenix.com.ar\/2023\/wp-content\/uploads\/2023\/12\/wp-header-logo-98.png",1200,675,false],"newsium-slider-full":["https:\/\/radiofenix.com.ar\/2023\/wp-content\/uploads\/2023\/12\/wp-header-logo-98.png",1200,675,false],"newsium-featured":["https:\/\/radiofenix.com.ar\/2023\/wp-content\/uploads\/2023\/12\/wp-header-logo-98-1024x576.png",1024,576,true],"newsium-medium":["https:\/\/radiofenix.com.ar\/2023\/wp-content\/uploads\/2023\/12\/wp-header-logo-98-720x475.png",720,475,true]},"author_info":{"info":[""]},"category_info":"<a href=\"https:\/\/radiofenix.com.ar\/2023\/category\/espectaculos\/\" rel=\"category tag\">Espectaculos<\/a>","tag_info":"Espectaculos","comment_count":"0","_links":{"self":[{"href":"https:\/\/radiofenix.com.ar\/2023\/wp-json\/wp\/v2\/posts\/192003","targetHints":{"allow":["GET"]}}],"collection":[{"href":"https:\/\/radiofenix.com.ar\/2023\/wp-json\/wp\/v2\/posts"}],"about":[{"href":"https:\/\/radiofenix.com.ar\/2023\/wp-json\/wp\/v2\/types\/post"}],"replies":[{"embeddable":true,"href":"https:\/\/radiofenix.com.ar\/2023\/wp-json\/wp\/v2\/comments?post=192003"}],"version-history":[{"count":0,"href":"https:\/\/radiofenix.com.ar\/2023\/wp-json\/wp\/v2\/posts\/192003\/revisions"}],"wp:featuredmedia":[{"embeddable":true,"href":"https:\/\/radiofenix.com.ar\/2023\/wp-json\/wp\/v2\/media\/192004"}],"wp:attachment":[{"href":"https:\/\/radiofenix.com.ar\/2023\/wp-json\/wp\/v2\/media?parent=192003"}],"wp:term":[{"taxonomy":"category","embeddable":true,"href":"https:\/\/radiofenix.com.ar\/2023\/wp-json\/wp\/v2\/categories?post=192003"},{"taxonomy":"post_tag","embeddable":true,"href":"https:\/\/radiofenix.com.ar\/2023\/wp-json\/wp\/v2\/tags?post=192003"}],"curies":[{"name":"wp","href":"https:\/\/api.w.org\/{rel}","templated":true}]}}