{"id":192005,"date":"2023-12-13T08:57:44","date_gmt":"2023-12-13T08:57:44","guid":{"rendered":"https:\/\/radiofenix.com.ar\/2023\/dolar-oficial-a-800-fin-de-obra-publica-menos-subsidios-y-mas-fondos-para-ayuda-social\/"},"modified":"2023-12-13T08:57:44","modified_gmt":"2023-12-13T08:57:44","slug":"dolar-oficial-a-800-fin-de-obra-publica-menos-subsidios-y-mas-fondos-para-ayuda-social","status":"publish","type":"post","link":"https:\/\/radiofenix.com.ar\/2023\/dolar-oficial-a-800-fin-de-obra-publica-menos-subsidios-y-mas-fondos-para-ayuda-social\/","title":{"rendered":"D\u00f3lar oficial a $800, fin de obra p\u00fablica, menos subsidios y m\u00e1s fondos para ayuda social"},"content":{"rendered":"<div>\n<div class=\"video_repositive\"> <a class=\"video_sticky\" href=\"javascript:void();\" onclick=\"removeStuckVideo(true);\"><i class=\"far fa-window-close\"\/><\/a> <\/p>\n<div id=\"rthOjwGpqdw\" class=\"video_telam\" style=\"background-image:url('https:\/\/img.youtube.com\/vi\/rthOjwGpqdw\/hqdefault.jpg');background-position: center center;\">\n<div class=\"feature_article_inner\">\n<p><h2 class=\"text-center\">El anuncio completo de Caputo de las medidas de urgencia econ\u00f3mica<\/h2>\n<\/p><\/div>\n<p>VER VIDEO <i class=\"fas fa-play\"\/><\/p>\n<\/p><\/div>\n<\/p><\/div>\n<p>El ministro de Econom\u00eda, Luis Caputo, anunci\u00f3 este martes las primeras diez medidas que conforman el denominado<strong> paquete de urgencia econ\u00f3mica<\/strong>, entre las que destacan <strong>el aumento del tipo de cambio a 800 pesos por d\u00f3lar, el fin del gasto en obra p\u00fablica, la reducci\u00f3n de subsidios a la energ\u00eda y el transporte y un incremento en la ayuda social v\u00eda Asignaci\u00f3n Universal por Hijo y la Tarjeta Alimentar.<\/strong><\/p>\n<p>En un mensaje grabado de 17 minutos de duraci\u00f3n, que fue difundido la tarde del martes, Caputo anunci\u00f3 las primeras diez medidas que conforman el denominado paquete de urgencia econ\u00f3mica.<\/p>\n<p>El ministro afirm\u00f3 que la g\u00e9nesis del problema de la Argentina \u00absiempre ha sido el d\u00e9ficit fiscal\u00bb, por lo que asegur\u00f3 que su misi\u00f3n ser\u00e1 \u00abevitar una cat\u00e1strofe\u00bb y estar\u00e1 centrada en \u00absolucionar el problema de adicci\u00f3n al d\u00e9ficit fiscal\u00bb.<\/p>\n<p><figure class=\"mb-3\"><img decoding=\"async\" src=\"https:\/\/www.telam.com.ar\/thumbs\/bluesteel\/advf\/imagenes\/2023\/12\/6578d8a4eede0_1200.jpg\" class=\" lazy \" width=\"100%\" height=\"100%\" alt=\"Imagen de TV\"\/><figcaption> Imagen de TV. <\/figcaption><\/figure>\n<p><strong>\u00abEl Gobierno viene a arreglar este problema de ra\u00edz para no tener que padecer m\u00e1s inflaci\u00f3n y pobreza\u00bb<\/strong>, dijo el ministro al presentar las diez medidas que conforman el paquete de urgencia econ\u00f3mica.<\/p>\n<p>Unos minutos despu\u00e9s de que finalizar\u00e1 el mensaje de Caputo, el<strong> Fondo Monetario Internacional (FMI) <\/strong>a trav\u00e9s de un comunicado oficial y de un mensaje de la directora Gerente, <strong>Kristalina Georgieva,<\/strong> salieron a explicitar su apoyo a las medidas.<\/p>\n<p>\u00abEstas audaces acciones iniciales apuntan a mejorar significativamente las finanzas p\u00fablicas de una manera que proteja a los m\u00e1s vulnerables de la sociedad y fortalezca el r\u00e9gimen cambiario. Su implementaci\u00f3n decisiva ayudar\u00e1 a estabilizar la econom\u00eda y sentar\u00e1 las bases para un crecimiento m\u00e1s sostenible y liderado por el sector privado\u00bb, dijo la portavoz del organismo multilateral, Julie Kozack, en un comunicado.<\/p>\n<p><strong>Georgieva<\/strong>, por su parte, a trav\u00e9s de su cuenta en la red social X, se\u00f1al\u00f3 que recib\u00eda \u00ab<strong>con benepl\u00e1cito las medidas decisivas anunciadas hoy por el Presidente @JMilei<\/strong> y su equipo econ\u00f3mico para abordar los importantes desaf\u00edos econ\u00f3micos de Argentina: un paso importante hacia el restablecimiento de la estabilidad y la reconstrucci\u00f3n del potencial econ\u00f3mico del pa\u00eds\u00bb.<\/p>\n<p>Kozack puntualiz\u00f3 adem\u00e1s, que \u00abel personal del FMI y las nuevas autoridades argentinas trabajar\u00e1n r\u00e1pidamente en el pr\u00f3ximo per\u00edodo (&#8230;) para volver a encarrilar el programa existente respaldado\u00bb por el organismo.<\/p>\n<p>Entre los puntos m\u00e1s destacados, Caputo anunci\u00f3 que <strong>el tipo de cambio oficial pasar\u00e1 a ser de 800 pesos por d\u00f3lar,<\/strong> en un salto cambiario que implica en los hechos <strong>una correcci\u00f3n nominal de casi el 119%<\/strong> en relaci\u00f3n con la cotizaci\u00f3n que ten\u00eda hasta la jornada de hoy, de $366.<\/p>\n<p>\u201cVamos a sincerar el tipo de cambio oficial, que pasar\u00e1 a valer $800 para que los sectores productivos tengan los incentivos adecuados para incrementar su producci\u00f3n\u201d, sostuvo el flamante jefe del Palacio de Hacienda.<\/p>\n<p><figure class=\"mb-3\"><img decoding=\"async\" src=\"https:\/\/www.telam.com.ar\/thumbs\/bluesteel\/advf\/imagenes\/2023\/12\/657718ef0a53c_1200.jpg\" class=\" lazy \" width=\"100%\" height=\"100%\" alt=\"Caputo al ingresar a Casa Rosada Foto Pepe Mateos\"\/><figcaption> Caputo al ingresar a Casa Rosada \/ Foto: Pepe Mateos. <\/figcaption><\/figure>\n<p>La modificaci\u00f3n cambiaria, adem\u00e1s, estar\u00e1 acompa\u00f1ada por un <strong>incremento provisorio del Impuesto Pa\u00eds<\/strong> a las importaciones y a las retenciones de las exportaciones no agropecuarias, cuyas al\u00edcuotas no fueron precisadas.<\/p>\n<p>\u201cDe esta manera, beneficiamos a los exportadores con un mejor precio y equiparamos la carga fiscal para todos los sectores, dejando de discriminar al sector agropecuario\u201d, sostuvo Caputo.<\/p>\n<p>En el mensaje, el titular de Hacienda advirti\u00f3 que durante \u00ablos pr\u00f3ximos meses estamos teniendo <strong>una inflaci\u00f3n reprimida<\/strong>\u00ab, algo que se ve reflejado en \u00ablas g\u00f3ndolas de los supermercados\u00bb.<\/p>\n<h2 class=\"\"> Meses dif\u00edciles<\/h2>\n<p> \u00ab<strong>Vamos a estar un par de meses peor de lo que estuvimos antes<\/strong>\u00ab, reconoci\u00f3 Caputo, quien adelant\u00f3 que para paliar en parte esta situaci\u00f3n \u00abvamos a duplicar el monto de la Asignaci\u00f3n Universal por Hijo ( AUH ) y aumentar el 50% el monto de la Tarjeta Alimentar\u00bb, de manera de asistir a los sectores m\u00e1s desprotegidos.<\/p>\n<p>\u00abEste es el camino correcto, porque si seguimos por el otro camino seguiremos con m\u00e1s pobreza, e inflaci\u00f3n\u00bb, dijo Caputo.<\/p>\n<p>El ministro tambi\u00e9n anunci\u00f3 que \u00ab<strong>no se renovar\u00e1n los contratos laborales del Estado con menos de 1 a\u00f1o de vigencia<\/strong>\u00bb al tiempo que \u00abse suspender\u00e1 la pauta (publicitaria) oficial por un a\u00f1o\u00bb la que demand\u00f3 $$ 33.000 millones solo en este a\u00f1o que termina.<\/p>\n<p><figure class=\"mb-3\"><img decoding=\"async\" src=\"https:\/\/www.telam.com.ar\/thumbs\/bluesteel\/advf\/imagenes\/2023\/11\/6563e0f67fe78_1200.jpg\" class=\" lazy \" width=\"100%\" height=\"100%\" alt=\"Foto Twitter JMilei\"\/><figcaption> Foto: Twitter @JMilei. <\/figcaption><\/figure>\n<p>Otra de las medidas anunciadas fue la<strong> reducci\u00f3n en la cantidad de ministerios<\/strong> que pasar\u00e1n de 18 a 9 y en las secretar\u00edas, de 106 a 54.<\/p>\n<p>\u00abEsto va a redundar en una reducci\u00f3n de m\u00e1s del 50% de los cargos jer\u00e1rquicos de la funci\u00f3n p\u00fablica y del 34% de los cargos pol\u00edticos totales del Estado nacional\u00bb, explic\u00f3 el ministro.<\/p>\n<p>Junto a esta medida el Estado nacional reducir\u00e1 \u00abal m\u00ednimo las transferencias discrecionales a las provincias. Recursos que lamentablemente en nuestra historia m\u00e1s reciente se han usado como moneda de cambio para intercambiar favores pol\u00edticos, para hacer pol\u00edtica\u00bb, agreg\u00f3 Caputo.<\/p>\n<p>El ministro tambi\u00e9n confirm\u00f3 que el Estado nacional \u00abn<strong>o va a licitar m\u00e1s obra p\u00fablica nueva y va a cancelar las licitaciones aprobadas cuyo desarrollo a\u00fan no haya comenzado<\/strong>\u00ab.<\/p>\n<p>\u00abNo hay plata para pagar m\u00e1s obra p\u00fablica que, como todos sabemos, muchas veces terminan en los bolsillos de los pol\u00edticos y los empresarios\u00bb, subray\u00f3 Caputo.<\/p>\n<p>\u00abLas obras de infraestructura en Argentina ser\u00e1n realizadas por el sector privado, ya que el Estado, no tiene plata ni financiamiento para llevarlas a cabo\u00bb, complet\u00f3 el ministro.<\/p>\n<p>Caputo tambi\u00e9n anticip\u00f3 que \u00abvamos a reducir subsidios a la energ\u00eda y al transporte. Hoy el Estado sostiene artificialmente precios baj\u00edsimos en tarifas energ\u00e9ticas y transporte a trav\u00e9s de subsidios\u00bb.<\/p>\n<p>\u00abLo que te regalan en el precio del boleto, te lo cobran con los aumentos en el supermercado. Y con la inflaci\u00f3n esta, son los pobres finalmente los que terminan financiando a los ricos\u00bb, dijo Caputo.<\/p>\n<p>Tambi\u00e9n apunt\u00f3 que los subsidios al transporte en el AMBA \u00abson un acto de profunda discriminaci\u00f3n con las provincias del interior\u00bb.<\/p>\n<p>Anunci\u00f3 que <strong>se van a mantener los planes Potenciar Trabajo<\/strong> de acuerdo a lo establecido en el presupuesto del a\u00f1o 2023 \u00aby vamos, sobre todo, a fortalecer las pol\u00edticas sociales que son recibidas directamente por quienes las necesitan, esto es, sin intermediarios, como la Asignaci\u00f3n Universal por Hijo y la Tarjeta Alimentar\u00bb.<\/p>\n<p>Caputo reflexion\u00f3 que \u00absi uno le preguntara a la mayor\u00eda de los argentinos cu\u00e1l dir\u00eda que es el mayor problema, la deuda, la inflaci\u00f3n, el d\u00f3lar o el d\u00e9ficit fiscal. Siempre la mayor\u00eda de las respuestas, dir\u00eda m\u00e1s del 95% de las respuestas, se los llevaba la deuda, la inflaci\u00f3n y el d\u00f3lar. Pr\u00e1cticamente ninguna respuesta correspond\u00eda al d\u00e9ficit fiscal\u00bb.<\/p>\n<p>\u00abSin embargo, <strong>la g\u00e9nesis de nuestro problema ha sido siempre fiscal.<\/strong> Lo que se manifiesta como los problemas son en realidad las consecuencia\u00bb, finaliz\u00f3 el ministro.<\/p>\n<div class=\"jumbotron pt-4 mt-3\">\n<h3 class=\"module-title\">Las acciones locales subieron hasta 12% antes de los anuncios econ\u00f3micos de Caputo<\/h3>\n<p>Las acciones del sector energ\u00e9tico subieron hasta 12% en la Bolsa porte\u00f1a, a la espera de los anuncios del ministro de Econom\u00eda, Luis Caputo.<\/p>\n<p>En este marco, el \u00edndice Merval subi\u00f3 3,4%, al quedar en 1.010.021,86 puntos, en una jornada en la que firmas argentinas que cotizan en Nueva York tuvieron mayor\u00eda de p\u00e9rdidas, a pesar de lo cual lo mejor de la jornada pasaron tambi\u00e9n por los papeles de las energ\u00e9ticas.<\/p>\n<p>En la plaza porte\u00f1a, las principales subas del d\u00eda de los papeles que conforman el panel l\u00edder fueron encabezadas por Transportadora de Gas del Norte S.A.(12,2%), Edenor (11,4%), Central Puerto (7%) y Loma Negra (6,6%)<\/p>\n<p>En Nueva York las acciones de compa\u00f1\u00edas argentinas terminaron la sesi\u00f3n en su mayor\u00eda subas, entre las que se destacaron Edenor (8,8%), Cresud (8%), Central Puerto (6,6%) y Transportadora Gas del Sur (5,7%)<\/p>\n<p>En el segmento de renta fija, los bonos soberanos en pesos se mostraron todas en alzas de hasta 7,3%, mientras que entre los t\u00edtulos en d\u00f3lares tambi\u00e9n subieron hasta 3,6%.<\/p>\n<p>En este marco, el riesgo pa\u00eds cerr\u00f3 en 1.879 unidades.<\/p>\n<p>En lo referido al tipo de cambio, en el Banco Naci\u00f3n la cotizaci\u00f3n del d\u00f3lar minorista se mantuvo a 0,5 para la venta y 5,5 para la compra con respecto al lunes.<\/p>\n<p>Mientras que, la cotizaci\u00f3n m\u00e1s alta -en base al relevamiento del BCRA- correspondi\u00f3 al Banco Galicia, ICBC, Supervielle, Patagonia y Ita\u00fa que cerraron en 0, seguida de Santander a 0, Banco Piano 497,700 y Banco Credicoop en un promedio entre 0 y 0 por unidad.<\/p>\n<p>En el mercado informal, el denominado d\u00f3lar \u00abblue\u00bb se ubic\u00f3 en 70 para la venta y 50 para la compra, con un aumento de 70 pesos respecto al lunes.<\/p>\n<p>En lo que respecta a los d\u00f3lares burs\u00e1tiles, el d\u00f3lar Contado con Liquidaci\u00f3n (CCL) subi\u00f3 4,5%, en 45,40; mientras que el MEP avanz\u00f3 3,2%, en 26,30.<\/p>\n<p>En el mercado mayorista, la divisa estadounidense finaliz\u00f3 en un rango de entre 4,45 y 6,45 por unidad, cincuenta centavos por arriba del cierre del lunes.<\/p>\n<\/p><\/div>\n<\/p><\/div>\n<p><script async defer crossorigin=\"anonymous\" src=\"https:\/\/connect.facebook.net\/es_LA\/sdk.js#xfbml=1&#038;version=v12.0\" nonce=\"SBlHQzIF\"><\/script><br \/><a href=\"https:\/\/www.telam.com.ar\/notas\/202312\/649205-milei-luis-caputo-economia-medidas.html\">source<\/a><\/p>\n","protected":false},"excerpt":{"rendered":"<p>El anuncio completo de Caputo de las medidas de urgencia econ\u00f3mica VER VIDEO El ministro&#8230;<\/p>\n","protected":false},"author":2,"featured_media":192006,"comment_status":"open","ping_status":"open","sticky":false,"template":"","format":"standard","meta":{"footnotes":""},"categories":[6],"tags":[],"class_list":["post-192005","post","type-post","status-publish","format-standard","has-post-thumbnail","hentry","category-ultimasnoticias"],"featured_image_urls":{"full":["https:\/\/radiofenix.com.ar\/2023\/wp-content\/uploads\/2023\/12\/wp-header-logo-99.png",1200,675,false],"thumbnail":["https:\/\/radiofenix.com.ar\/2023\/wp-content\/uploads\/2023\/12\/wp-header-logo-99-150x150.png",150,150,true],"medium":["https:\/\/radiofenix.com.ar\/2023\/wp-content\/uploads\/2023\/12\/wp-header-logo-99-300x169.png",300,169,true],"medium_large":["https:\/\/radiofenix.com.ar\/2023\/wp-content\/uploads\/2023\/12\/wp-header-logo-99-768x432.png",640,360,true],"large":["https:\/\/radiofenix.com.ar\/2023\/wp-content\/uploads\/2023\/12\/wp-header-logo-99-1024x576.png",640,360,true],"1536x1536":["https:\/\/radiofenix.com.ar\/2023\/wp-content\/uploads\/2023\/12\/wp-header-logo-99.png",1200,675,false],"2048x2048":["https:\/\/radiofenix.com.ar\/2023\/wp-content\/uploads\/2023\/12\/wp-header-logo-99.png",1200,675,false],"newsium-slider-full":["https:\/\/radiofenix.com.ar\/2023\/wp-content\/uploads\/2023\/12\/wp-header-logo-99.png",1200,675,false],"newsium-featured":["https:\/\/radiofenix.com.ar\/2023\/wp-content\/uploads\/2023\/12\/wp-header-logo-99-1024x576.png",1024,576,true],"newsium-medium":["https:\/\/radiofenix.com.ar\/2023\/wp-content\/uploads\/2023\/12\/wp-header-logo-99-720x475.png",720,475,true]},"author_info":{"info":["c1500921"]},"category_info":"<a href=\"https:\/\/radiofenix.com.ar\/2023\/category\/ultimasnoticias\/\" rel=\"category tag\">Ultimas Noticias<\/a>","tag_info":"Ultimas Noticias","comment_count":"0","_links":{"self":[{"href":"https:\/\/radiofenix.com.ar\/2023\/wp-json\/wp\/v2\/posts\/192005","targetHints":{"allow":["GET"]}}],"collection":[{"href":"https:\/\/radiofenix.com.ar\/2023\/wp-json\/wp\/v2\/posts"}],"about":[{"href":"https:\/\/radiofenix.com.ar\/2023\/wp-json\/wp\/v2\/types\/post"}],"author":[{"embeddable":true,"href":"https:\/\/radiofenix.com.ar\/2023\/wp-json\/wp\/v2\/users\/2"}],"replies":[{"embeddable":true,"href":"https:\/\/radiofenix.com.ar\/2023\/wp-json\/wp\/v2\/comments?post=192005"}],"version-history":[{"count":0,"href":"https:\/\/radiofenix.com.ar\/2023\/wp-json\/wp\/v2\/posts\/192005\/revisions"}],"wp:featuredmedia":[{"embeddable":true,"href":"https:\/\/radiofenix.com.ar\/2023\/wp-json\/wp\/v2\/media\/192006"}],"wp:attachment":[{"href":"https:\/\/radiofenix.com.ar\/2023\/wp-json\/wp\/v2\/media?parent=192005"}],"wp:term":[{"taxonomy":"category","embeddable":true,"href":"https:\/\/radiofenix.com.ar\/2023\/wp-json\/wp\/v2\/categories?post=192005"},{"taxonomy":"post_tag","embeddable":true,"href":"https:\/\/radiofenix.com.ar\/2023\/wp-json\/wp\/v2\/tags?post=192005"}],"curies":[{"name":"wp","href":"https:\/\/api.w.org\/{rel}","templated":true}]}}