{"id":192009,"date":"2023-12-14T08:57:21","date_gmt":"2023-12-14T08:57:21","guid":{"rendered":"https:\/\/radiofenix.com.ar\/2023\/dos-muertos-y-graves-destrozos-en-entre-rios-por-un-temporal\/"},"modified":"2023-12-14T08:57:21","modified_gmt":"2023-12-14T08:57:21","slug":"dos-muertos-y-graves-destrozos-en-entre-rios-por-un-temporal","status":"publish","type":"post","link":"https:\/\/radiofenix.com.ar\/2023\/dos-muertos-y-graves-destrozos-en-entre-rios-por-un-temporal\/","title":{"rendered":"Dos muertos y graves destrozos en Entre R\u00edos por un temporal"},"content":{"rendered":"<div>\n<figure class=\"mb-3\"><img decoding=\"async\" src=\"https:\/\/www.telam.com.ar\/thumbs\/bluesteel\/advf\/imagenes\/2023\/12\/657a2039bea2f_1200.jpg\" class=\" lazy \" width=\"100%\" height=\"100%\" alt=\"Bomberos Voluntarios de Concepcin del Uruguay Colonia Ela y Ceibas tuvieron que intervenir por el temporal Foto X \"\/><figcaption> Bomberos Voluntarios de Concepci\u00f3n del Uruguay, Colonia El\u00eda y Ceibas tuvieron que intervenir por el temporal. \/Foto: X. <\/figcaption><\/figure>\n<p> Dos personas murieron este mi\u00e9rcoles <strong>luego de ser arrastradas con su auto por un arroyo que sobrepas\u00f3 la ruta nacional 14 en Entre R\u00edos a ra\u00edz del temporal de lluvias y vientos que afect\u00f3 a esa regi\u00f3n y provoc\u00f3 destrozos en varias ciudades,<\/strong> por lo que el gobernador, Rogelio Frigerio (PRO), adelant\u00f3 que solicitar\u00e1 ayuda al Gobierno nacional.<\/p>\n<p>El accidente ocurri\u00f3 cerca de la localidad de Colonia El\u00eda, en el kil\u00f3metro 99 de la autov\u00eda, donde <strong>desde las primeras horas de este mi\u00e9rcoles el agua cubri\u00f3 ambos sentidos de la ruta<\/strong>, un cami\u00f3n despist\u00f3 y se cort\u00f3 el tr\u00e1nsito por varias horas, inform\u00f3 a T\u00e9lam la polic\u00eda provincial.<\/p>\n<p><strong>Una mujer que se trasladaba por la ruta cont\u00f3 que logr\u00f3 ver c\u00f3mo un auto Volkswagen Vento<\/strong> despist\u00f3 del carril por el agua que cubr\u00eda la ruta, y fue arrastrado por el arroyo que pasa por el lugar.<\/p>\n<p>Cerca de las 11, personal de Bomberos Voluntarios hall\u00f3 el veh\u00edculo dentro de un campo, a unos 200 metros de la banquina, en sentido inverso y sumergido en el agua del sector.<\/p>\n<blockquote class=\"twitter-tweet\">\n<p lang=\"es\" dir=\"ltr\">Conoc\u00e9 el gran despliegue que realizaron los Bomberos de Entre R\u00edos frente al temporal de viento y lluvia que azot\u00f3 la provincia&#x1f692;&#x27a1;&#xfe0f; <a href=\"https:\/\/t.co\/qPCfX598Sr\">https:\/\/t.co\/qPCfX598Sr<\/a> <a href=\"https:\/\/t.co\/kmPPHaSHBX\">pic.twitter.com\/kmPPHaSHBX<\/a><\/p>\n<p>\u2014 Bomberos Argentina (@bomberosRA) <a href=\"https:\/\/twitter.com\/bomberosRA\/status\/1735018240038809878?ref_src=twsrc%5Etfw\">December 13, 2023<\/a><\/p><\/blockquote>\n<p>Luego de una hora de trabajo con una gr\u00faa, encontraron fallecidos a Silvino Pereyra y la ciudadana brasile\u00f1a Lenhart Kener, ambos domiciliados en la ciudad bonaerense de Chacabuco.<\/p>\n<p><strong>En el lugar trabajaron dotaciones de Bomberos Voluntarios de Concepci\u00f3n del Uruguay, Colonia El\u00eda y Ceibas<\/strong>, personal de la Polic\u00eda de Entre R\u00edos, de Gendarmer\u00eda Nacional y de Caminos del R\u00edo Uruguay (Crusa).<\/p>\n<p><strong>El temporal afect\u00f3 a gran parte de la provincia y provoc\u00f3 da\u00f1os en escuelas, polideportivos, terminales de \u00f3mnibus, adem\u00e1s de ca\u00edda de \u00e1rboles y postes de luz, cortes de rutas<\/strong> y se volvi\u00f3 imposible de transitar por distintos caminos rurales y accesos a pueblos.<\/p>\n<p><figure class=\"mb-3\"><img decoding=\"async\" src=\"https:\/\/www.telam.com.ar\/thumbs\/bluesteel\/advf\/imagenes\/2023\/12\/657a2039a6890_1200.jpg\" class=\" lazy \" width=\"100%\" height=\"100%\" alt=\"Foto X \"\/><figcaption> Foto: X. <\/figcaption><\/figure>\n<p><strong>Villaguay<\/strong>, en el centro de Entre R\u00edos, fue una de las ciudades m\u00e1s afectadas, donde la destrucci\u00f3n de las redes el\u00e9ctricas dej\u00f3 a casi toda la ciudad sin luz, y varias estructuras privadas y p\u00fablicas completamente destruidas.<\/p>\n<p>All\u00ed se relevaron numerosas roturas en viviendas y veh\u00edculos, gran cantidad de \u00e1rboles ca\u00eddos, m\u00e1s de 25 voladuras de techos, y destrozos en el Colegio Nacional, en la Escuela Urquiza, en el Polideportivo Municipal y en la nueva terminal.<\/p>\n<p><strong>El polideportivo qued\u00f3 reducido a chapas y columnas esparcidas por el predio<\/strong>, mientras que en la Terminal se cay\u00f3 el techo, y se detectaron quebraduras en las paredes y columnas.<\/p>\n<p>Si bien las autoridades dijeron que el predio funciona con normalidad, solicitaron que nadie se acerque \u00absi no es de extrema necesitad\u00bb ya que se mantiene un \u00abalerta por la situaci\u00f3n de riesgo\u00bb en el lugar.<\/p>\n<blockquote class=\"twitter-tweet\">\n<p lang=\"es\" dir=\"ltr\">La terminal nueva de Villaguay, Entre Rios <a href=\"https:\/\/twitter.com\/hashtag\/Argentina?src=hash&amp;ref_src=twsrc%5Etfw\">#Argentina<\/a> luego del Temporal VIDEO <a href=\"https:\/\/t.co\/uhk2ZxuKEb\">pic.twitter.com\/uhk2ZxuKEb<\/a><\/p>\n<p>\u2014 Meteorolog\u00eda Estaci\u00f3n bcp (@Estacion_bcp) <a href=\"https:\/\/twitter.com\/Estacion_bcp\/status\/1735015571614269942?ref_src=twsrc%5Etfw\">December 13, 2023<\/a><\/p><\/blockquote>\n<p>Ante este panorama, el gobernador Frigerio viaj\u00f3 a la ciudad donde asegur\u00f3 que los efectos eran \u00abdevastadores\u00bb, al igual que \u00aben algunas otras ciudades\u00bb, por lo que se hac\u00eda un relevamiento en detalle de los da\u00f1os.<\/p>\n<p>En ese sentido, apunt\u00f3 que \u00abhace falta reconstruir los techos, reponer colchones, y es necesario asistir tambi\u00e9n con alimentos\u00bb.<\/p>\n<p><strong>\u00abEstamos revisando tambi\u00e9n con los intendentes de los lugares afectados, vamos a estar donde se necesite\u00bb<\/strong>, dijo Frigerio al encabezar all\u00ed la reuni\u00f3n del Comit\u00e9 de Emergencia, y adelant\u00f3 que pedir\u00e1 asistencia de Naci\u00f3n.<\/p>\n<p>El departamento Uruguay, sobre el este de Entre R\u00edos, era otra de las zonas m\u00e1s afectadas por el temporal, dado que la ciudad de Basavilbaso qued\u00f3 m\u00e1s de una hora sin el energ\u00eda el\u00e9ctrica por r\u00e1fagas de viento de m\u00e1s de 70 kil\u00f3metros por hora, que tambi\u00e9n generaron ca\u00edda de \u00e1rboles, postes, luminaria y cables.<\/p>\n<p>Adem\u00e1s, una pareja de adultos mayores qued\u00f3 atrapada en el interior de su casa ante la ca\u00edda de un \u00e1rbol, y el Municipio recomend\u00f3 transitar las calles \u00abs\u00f3lo si es estrictamente necesario\u00bb.<\/p>\n<p><figure class=\"mb-3\"><img decoding=\"async\" src=\"https:\/\/www.telam.com.ar\/thumbs\/bluesteel\/advf\/imagenes\/2023\/12\/657a2039dfaf4_1200.jpg\" class=\" lazy \" width=\"100%\" height=\"100%\" alt=\"Foto X \"\/><figcaption> Foto: X. <\/figcaption><\/figure>\n<p><\/p>\n<h2 class=\"\">Otras zonas afectadas<\/h2>\n<p>\u00a0<strong>Rocamora, a unos 10 kil\u00f3metros de Basavilbaso, sufri\u00f3 el corte del servicio de luz; en Colonia San Jos\u00e9 del Monte varias empresas av\u00edcolas y rurales registraron severos da\u00f1os, al igual que en Villa San Marcial y otras zonas rurales.<\/strong><\/p>\n<p>En <strong>Libaros<\/strong>, a 16 kil\u00f3metros de Basavilbaso, los fuertes vientos, actividad el\u00e9ctrica, granizo y lluvia provoc\u00f3 la voladura de techos y chapas de viviendas y granjas, y la ca\u00edda de postes de luz y tel\u00e9fono.<\/p>\n<p><strong>Concepci\u00f3n del Uruguay<\/strong>, 65 kil\u00f3metros m\u00e1s al este, registr\u00f3 numerosos barrios con viviendas inundadas, calles de tierra intransitables, ca\u00edda de \u00e1rboles y postes de luz y desborde de zanjones.<\/p>\n<p>Del otro lado de la provincia, m\u00e1s cerca de la costa del r\u00edo Paran\u00e1, el temporal tambi\u00e9n gener\u00f3 destrozos en varias localidades y caminos.<\/p>\n<p>En la <strong>capital entrerriana <\/strong>los fuertes vientos y la lluvia ca\u00edda provocaron anegamientos en calles y caminos de distintos barrios, ca\u00edda de postes y \u00e1rboles, y el colapso de la estructura de una escuela en construcci\u00f3n.<\/p>\n<p><strong>Victoria<\/strong> tambi\u00e9n sufri\u00f3 el fuerte temporal, y la Municipalidad registr\u00f3 la ca\u00edda de un \u00e1rbol de navidad montado en la plaza principal, y se destruy\u00f3 la estructura de ingreso a la ciudad, con el cartel de bienvenida y el lector de patentes, adem\u00e1s de \u00e1rboles, postes y carteles ca\u00eddos.<\/p>\n<p>A 63 kil\u00f3metros de la capital entrerriana, General Ram\u00edrez sufri\u00f3 la ca\u00edda de \u00e1rboles, gajos, cables y postes, voladura de techos, viviendas y calles anegadas, y da\u00f1os en estructuras como centros de salud, escuelas y organismos; y el corte de luz en varios barrios de la localidad.<\/p>\n<p>Los mismos da\u00f1os se registraron Nogoy\u00e1, a 108 kil\u00f3metros de Paran\u00e1, donde adem\u00e1s un circo mexicano recientemente instalado qued\u00f3 completamente destruido por los fuertes vientos.<\/p>\n<p>El centro y norte de Entre R\u00edos permanec\u00edan en alerta naranja a la espera de que contin\u00faen \u00abfen\u00f3menos meteorol\u00f3gicos peligrosos\u00bb, inform\u00f3 el Servicio Meteorol\u00f3gico Nacional (SMN), con lluvias y tormentas, r\u00e1fagas de viento, actividad el\u00e9ctrica, granizo y gran ca\u00edda de agua en cortos per\u00edodos. <\/p>\n<\/div>\n<p><script async src=\"\/\/platform.twitter.com\/widgets.js\" charset=\"utf-8\"><\/script><script async defer crossorigin=\"anonymous\" src=\"https:\/\/connect.facebook.net\/es_LA\/sdk.js#xfbml=1&#038;version=v12.0\" nonce=\"SBlHQzIF\"><\/script><br \/><a href=\"https:\/\/www.telam.com.ar\/notas\/202312\/649448-temporal-entre-rios.html\">source<\/a><\/p>\n","protected":false},"excerpt":{"rendered":"<p>Bomberos Voluntarios de Concepci\u00f3n del Uruguay, Colonia El\u00eda y Ceibas tuvieron que intervenir por el&#8230;<\/p>\n","protected":false},"author":0,"featured_media":192010,"comment_status":"open","ping_status":"open","sticky":false,"template":"","format":"standard","meta":{"footnotes":""},"categories":[7],"tags":[],"class_list":["post-192009","post","type-post","status-publish","format-standard","has-post-thumbnail","hentry","category-sociedad"],"featured_image_urls":{"full":["https:\/\/radiofenix.com.ar\/2023\/wp-content\/uploads\/2023\/12\/wp-header-logo-101.png",1200,675,false],"thumbnail":["https:\/\/radiofenix.com.ar\/2023\/wp-content\/uploads\/2023\/12\/wp-header-logo-101-150x150.png",150,150,true],"medium":["https:\/\/radiofenix.com.ar\/2023\/wp-content\/uploads\/2023\/12\/wp-header-logo-101-300x169.png",300,169,true],"medium_large":["https:\/\/radiofenix.com.ar\/2023\/wp-content\/uploads\/2023\/12\/wp-header-logo-101-768x432.png",640,360,true],"large":["https:\/\/radiofenix.com.ar\/2023\/wp-content\/uploads\/2023\/12\/wp-header-logo-101-1024x576.png",640,360,true],"1536x1536":["https:\/\/radiofenix.com.ar\/2023\/wp-content\/uploads\/2023\/12\/wp-header-logo-101.png",1200,675,false],"2048x2048":["https:\/\/radiofenix.com.ar\/2023\/wp-content\/uploads\/2023\/12\/wp-header-logo-101.png",1200,675,false],"newsium-slider-full":["https:\/\/radiofenix.com.ar\/2023\/wp-content\/uploads\/2023\/12\/wp-header-logo-101.png",1200,675,false],"newsium-featured":["https:\/\/radiofenix.com.ar\/2023\/wp-content\/uploads\/2023\/12\/wp-header-logo-101-1024x576.png",1024,576,true],"newsium-medium":["https:\/\/radiofenix.com.ar\/2023\/wp-content\/uploads\/2023\/12\/wp-header-logo-101-720x475.png",720,475,true]},"author_info":{"info":[""]},"category_info":"<a href=\"https:\/\/radiofenix.com.ar\/2023\/category\/sociedad\/\" rel=\"category tag\">Sociedad<\/a>","tag_info":"Sociedad","comment_count":"0","_links":{"self":[{"href":"https:\/\/radiofenix.com.ar\/2023\/wp-json\/wp\/v2\/posts\/192009","targetHints":{"allow":["GET"]}}],"collection":[{"href":"https:\/\/radiofenix.com.ar\/2023\/wp-json\/wp\/v2\/posts"}],"about":[{"href":"https:\/\/radiofenix.com.ar\/2023\/wp-json\/wp\/v2\/types\/post"}],"replies":[{"embeddable":true,"href":"https:\/\/radiofenix.com.ar\/2023\/wp-json\/wp\/v2\/comments?post=192009"}],"version-history":[{"count":0,"href":"https:\/\/radiofenix.com.ar\/2023\/wp-json\/wp\/v2\/posts\/192009\/revisions"}],"wp:featuredmedia":[{"embeddable":true,"href":"https:\/\/radiofenix.com.ar\/2023\/wp-json\/wp\/v2\/media\/192010"}],"wp:attachment":[{"href":"https:\/\/radiofenix.com.ar\/2023\/wp-json\/wp\/v2\/media?parent=192009"}],"wp:term":[{"taxonomy":"category","embeddable":true,"href":"https:\/\/radiofenix.com.ar\/2023\/wp-json\/wp\/v2\/categories?post=192009"},{"taxonomy":"post_tag","embeddable":true,"href":"https:\/\/radiofenix.com.ar\/2023\/wp-json\/wp\/v2\/tags?post=192009"}],"curies":[{"name":"wp","href":"https:\/\/api.w.org\/{rel}","templated":true}]}}