{"id":192029,"date":"2023-12-15T08:58:02","date_gmt":"2023-12-15T08:58:02","guid":{"rendered":"https:\/\/radiofenix.com.ar\/2023\/ucrania-y-rusia-se-atacan-con-drones-dirigidos-a-moscu-y-a-odesa\/"},"modified":"2023-12-15T08:58:02","modified_gmt":"2023-12-15T08:58:02","slug":"ucrania-y-rusia-se-atacan-con-drones-dirigidos-a-moscu-y-a-odesa","status":"publish","type":"post","link":"https:\/\/radiofenix.com.ar\/2023\/ucrania-y-rusia-se-atacan-con-drones-dirigidos-a-moscu-y-a-odesa\/","title":{"rendered":"Ucrania y Rusia se atacan con drones dirigidos a Mosc\u00fa y a Odesa"},"content":{"rendered":"<div>\n<figure class=\"mb-3\"><img decoding=\"async\" src=\"https:\/\/www.telam.com.ar\/thumbs\/bluesteel\/advf\/imagenes\/2023\/12\/657aeeea0ad03_1200.jpg\" class=\" lazy \" width=\"100%\" height=\"100%\" alt=\"Un hombre mira alrededor de un hangar destruido tras un ataque ruso en Odesa Foto AFP\"\/><figcaption> Un hombre mira alrededor de un hangar destruido tras un ataque ruso en Odesa. Foto: AFP. <\/figcaption><\/figure>\n<p><strong>Nueve drones ucranianos que avanzaban hacia la regi\u00f3n de Mosc\u00fa<\/strong> fueron derribados este jueves por sistemas de defensa a\u00e9rea, inform\u00f3 el Gobierno ruso, mientras que Ucrania neutraliz\u00f3 decenas de drones rusos arrojados contra la sure\u00f1a ciudad de Odesa.<\/p>\n<p>El Ministerio de Defensa ruso denunci\u00f3 este ataque horas antes de que el presidente Vladimir Putin diera su primera conferencia de prensa anual desde el inicio de la ofensiva en Ucrania, en febrero de 2022, ya que el a\u00f1o pasado cancel\u00f3 este tradicional evento.<\/p>\n<p><strong>\u00abSe ha frustrado un intento del r\u00e9gimen de Kiev<\/strong> de llevar a cabo un ataque terrorista con drones a\u00e9reos contra varios sitios en el territorio ruso\u00bb, inform\u00f3 el Ministerio de Defensa en un comunicado.<\/p>\n<blockquote class=\"\"><p>Los territorios rusos fronterizos con Ucrania y las zonas cercanas a Mosc\u00fa han sido objetivo de varios ataques con drones en los \u00faltimos meses<\/p><\/blockquote>\n<p> Nueve drones fueron \u00abdestruidos o interceptados\u00bb en las regiones de Kaluga y de Mosc\u00fa, agreg\u00f3.<\/p>\n<p>El alcalde de Mosc\u00fa, Serguei Sobianin, indic\u00f3 que uno de los drones fue derribado cerca de Naro-Fominsk, una ciudad ubicada unos 70 kil\u00f3metros al suroeste de la capital rusa.<\/p>\n<p>\u00abSeg\u00fan los datos preliminares, <strong>no hubo da\u00f1os ni v\u00edctimas<\/strong> en el lugar donde cayeron los restos\u00bb, afirm\u00f3 Sobianin en Telegram, inform\u00f3 la agencia de noticias AFP.<\/p>\n<p><figure class=\"mb-3\"><img decoding=\"async\" src=\"https:\/\/www.telam.com.ar\/thumbs\/bluesteel\/advf\/imagenes\/2022\/07\/62dbd76567d39_1200.jpg\" class=\" lazy \" width=\"100%\" height=\"100%\" alt=\"Foto AFP\"\/><figcaption> Foto: AFP. <\/figcaption><\/figure>\n<p>Los territorios rusos fronterizos con Ucrania y las zonas cercanas a Mosc\u00fa han sido objetivo de varios ataques con drones en los \u00faltimos meses.<\/p>\n<p><strong>Rusia, por su parte, bombardea frecuentemente las ciudades ucranianas<\/strong> y lanz\u00f3 durante la noche del mi\u00e9rcoles un ataque con drones en Odesa, en el mar Negro, tras golpear Kiev con una andanada de misiles en la madrugada del mi\u00e9rcoles, informaron autoridades.<\/p>\n<p>Decenas de los drones lanzados contra la portuaria Odesa fueron interceptados, pero uno dej\u00f3 11 heridos.<\/p>\n<p>\u00abSe registr\u00f3 el lanzamiento de 42 veh\u00edculos a\u00e9reos no tripulados enemigos\u00bb, afirm\u00f3 la Fuerza A\u00e9rea ucranianas.<\/p>\n<p>En un comunicado, precis\u00f3 que <strong>fueron destruidos 41 de estos drones<\/strong>, desplegados desde territorio controlado por Rusia, incluida la pen\u00ednsula ucraniana de Crimea, anexionada por Mosc\u00fa en 2014.<\/p>\n<blockquote class=\"\"><p>Mosc\u00fa ha atacado las infraestructuras portuarias de Ucrania, incluida la ciudad de Odesa, desde que se retir\u00f3 de un acuerdo destinado a proteger las exportaciones de granos a trav\u00e9s del mar Negro<\/p><\/blockquote>\n<p> La ca\u00edda de restos de un dron da\u00f1\u00f3 un edificio en Odesa, capital de la provincia del mismo nombre.<\/p>\n<p><strong>Once personas, entre ellas tres ni\u00f1os, resultaron heridas<\/strong>, inform\u00f3 el gobernador de Odesa, Oleg Kiper.<\/p>\n<p>\u00abLos demonios rusos emprendieron la segunda noche consecutiva con un ataque contra Odesa\u00bb, a\u00f1adi\u00f3.<\/p>\n<p><strong>Mosc\u00fa ha atacado repetidamente las infraestructuras portuarias<\/strong> de Ucrania, incluida la ciudad de Odesa, desde que en julio se retir\u00f3 de un acuerdo destinado a proteger las exportaciones de granos a trav\u00e9s del mar Negro.<\/p>\n<p>\u00abLas infraestructuras portuarias de la regi\u00f3n meridional son una de las prioridades del enemigo\u00bb, asegur\u00f3 la portavoz del ej\u00e9rcito ucraniano Natalia Gumeniuk.<\/p>\n<\/div>\n<p><script async defer crossorigin=\"anonymous\" src=\"https:\/\/connect.facebook.net\/es_LA\/sdk.js#xfbml=1&#038;version=v12.0\" nonce=\"SBlHQzIF\"><\/script><br \/><a href=\"https:\/\/www.telam.com.ar\/notas\/202312\/649487-ucrania-rusia-drones-odesa.html\">source<\/a><\/p>\n","protected":false},"excerpt":{"rendered":"<p>Un hombre mira alrededor de un hangar destruido tras un ataque ruso en Odesa. Foto:&#8230;<\/p>\n","protected":false},"author":0,"featured_media":192030,"comment_status":"open","ping_status":"open","sticky":false,"template":"","format":"standard","meta":{"footnotes":""},"categories":[60],"tags":[],"class_list":["post-192029","post","type-post","status-publish","format-standard","has-post-thumbnail","hentry","category-internacional"],"featured_image_urls":{"full":["https:\/\/radiofenix.com.ar\/2023\/wp-content\/uploads\/2023\/12\/wp-header-logo-111.png",1200,675,false],"thumbnail":["https:\/\/radiofenix.com.ar\/2023\/wp-content\/uploads\/2023\/12\/wp-header-logo-111-150x150.png",150,150,true],"medium":["https:\/\/radiofenix.com.ar\/2023\/wp-content\/uploads\/2023\/12\/wp-header-logo-111-300x169.png",300,169,true],"medium_large":["https:\/\/radiofenix.com.ar\/2023\/wp-content\/uploads\/2023\/12\/wp-header-logo-111-768x432.png",640,360,true],"large":["https:\/\/radiofenix.com.ar\/2023\/wp-content\/uploads\/2023\/12\/wp-header-logo-111-1024x576.png",640,360,true],"1536x1536":["https:\/\/radiofenix.com.ar\/2023\/wp-content\/uploads\/2023\/12\/wp-header-logo-111.png",1200,675,false],"2048x2048":["https:\/\/radiofenix.com.ar\/2023\/wp-content\/uploads\/2023\/12\/wp-header-logo-111.png",1200,675,false],"newsium-slider-full":["https:\/\/radiofenix.com.ar\/2023\/wp-content\/uploads\/2023\/12\/wp-header-logo-111.png",1200,675,false],"newsium-featured":["https:\/\/radiofenix.com.ar\/2023\/wp-content\/uploads\/2023\/12\/wp-header-logo-111-1024x576.png",1024,576,true],"newsium-medium":["https:\/\/radiofenix.com.ar\/2023\/wp-content\/uploads\/2023\/12\/wp-header-logo-111-720x475.png",720,475,true]},"author_info":{"info":[""]},"category_info":"<a href=\"https:\/\/radiofenix.com.ar\/2023\/category\/internacional\/\" rel=\"category tag\">Internacional<\/a>","tag_info":"Internacional","comment_count":"0","_links":{"self":[{"href":"https:\/\/radiofenix.com.ar\/2023\/wp-json\/wp\/v2\/posts\/192029","targetHints":{"allow":["GET"]}}],"collection":[{"href":"https:\/\/radiofenix.com.ar\/2023\/wp-json\/wp\/v2\/posts"}],"about":[{"href":"https:\/\/radiofenix.com.ar\/2023\/wp-json\/wp\/v2\/types\/post"}],"replies":[{"embeddable":true,"href":"https:\/\/radiofenix.com.ar\/2023\/wp-json\/wp\/v2\/comments?post=192029"}],"version-history":[{"count":0,"href":"https:\/\/radiofenix.com.ar\/2023\/wp-json\/wp\/v2\/posts\/192029\/revisions"}],"wp:featuredmedia":[{"embeddable":true,"href":"https:\/\/radiofenix.com.ar\/2023\/wp-json\/wp\/v2\/media\/192030"}],"wp:attachment":[{"href":"https:\/\/radiofenix.com.ar\/2023\/wp-json\/wp\/v2\/media?parent=192029"}],"wp:term":[{"taxonomy":"category","embeddable":true,"href":"https:\/\/radiofenix.com.ar\/2023\/wp-json\/wp\/v2\/categories?post=192029"},{"taxonomy":"post_tag","embeddable":true,"href":"https:\/\/radiofenix.com.ar\/2023\/wp-json\/wp\/v2\/tags?post=192029"}],"curies":[{"name":"wp","href":"https:\/\/api.w.org\/{rel}","templated":true}]}}